{"id":160989,"date":"2019-01-10T15:58:18","date_gmt":"2019-01-10T15:58:18","guid":{"rendered":"https:\/\/admin.industriall-union.org\/con-la-huelga-se-logra-la-readmision-de-los-lideres-sindicales-en-myanmar\/"},"modified":"2025-02-03T22:18:12","modified_gmt":"2025-02-03T22:18:12","slug":"con-la-huelga-se-logra-la-readmision-de-los-lideres-sindicales-en-myanmar","status":"publish","type":"article","link":"https:\/\/admin.industriall-union.org\/es\/con-la-huelga-se-logra-la-readmision-de-los-lideres-sindicales-en-myanmar\/","title":{"rendered":"Con la huelga se logra la readmisi\u00f3n de los l\u00edderes sindicales en Myanmar"},"content":{"rendered":"<p>Unos 350 trabajadores de otras 15 f\u00e1bricas se unieron a la huelga en solidaridad a principios de esta semana, despu\u00e9s de no cumplir la empresa un acuerdo para reincorporar a los siete dirigentes sindicales.<\/p><p>Unos 100 miembros del afiliado a la IndustriALL Global Union en Myanmar, la Federaci\u00f3n de Trabajadores Industriales de Myanmar (IWFM), pararon el 24 de diciembre de 2018 en protesta por los despidos.<\/p><p>La f\u00e1brica, que emplea a unos 300 trabajadores y abri\u00f3 en 2017, est\u00e1 situada en el municipio de Hlaing Tharyar, a las afueras de Yangon.<\/p><p>En una reuni\u00f3n en la que actu\u00f3 como mediador el comit\u00e9 de arbitraje laboral del municipio el 2 de enero, la direcci\u00f3n de la f\u00e1brica acept\u00f3 las 17 demandas del sindicato, incluida la readmisi\u00f3n de los l\u00edderes sindicales.<\/p><p>Sin embargo, la f\u00e1brica despidi\u00f3 de nuevo a los siete l\u00edderes sindicales el lunes 7 de enero, lo que dio lugar a la acci\u00f3n de solidaridad de otras f\u00e1bricas de la zona, encabezada por la Confederaci\u00f3n de Sindicatos de Myanmar (CTUM).<\/p><p>En una segunda reuni\u00f3n del comit\u00e9 de arbitraje laboral, el 8 de enero, dirigentes de la f\u00e1brica prometieron readmitir a los siete trabajadores.&nbsp;<\/p><p>&quot;En Myanmar hay muchas f\u00e1bricas que violan las leyes y han firmado acuerdos. Pero los casos de despidos improcedentes de l\u00edderes sindicales y de trabajadores que reivindican mejores derechos y condiciones de trabajo aumentan cada d\u00eda&quot;, dijo Khaing Zar, presidente de la IWFM.<\/p><p>&quot;Las leyes en Myanmar son d\u00e9biles para proteger a los trabajadores y a los l\u00edderes sindicales. Por eso, nosotros, en la IWFM, hemos decidido proceder a la acci\u00f3n colectiva en la Cixing Knitting Factory. La IWFM pide a los inversores y a los empleadores que respeten las leyes del pa\u00eds, as\u00ed como los derechos de los trabajadores y de los sindicatos. La IWFM tomar\u00e1 inmediatamente medidas siempre que haya casos de despidos improcedentes de l\u00edderes sindicales en el futuro.&quot;<\/p><p>Christina Hajagos-Clausen, directora de la industria textil y del vestido en la IndustriALL, dijo:&nbsp;<\/p><blockquote><p>&ldquo;Felicitamos a nuestro afiliado, la Federaci\u00f3n de Trabajadores Industriales de Myanmar, por haberse mantenido firme y defender los derechos sindicales en la Cixing Knitting Factory. El apoyo solidario de centenares de trabajadores de otras f\u00e1bricas de la zona muestra la fuerza de la acci\u00f3n colectiva. Los sindicatos est\u00e1n marcando una diferencia real para la vida de los trabajadores en Myanmar.&rdquo;<\/p><\/blockquote>","protected":false},"featured_media":0,"template":"","issues":[422,398],"companies":[],"regions":[155,177],"sectors":[464],"article_tags":[529],"class_list":["post-160989","article","type-article","status-publish","hentry","issues-human-trade-union-rights","issues-union-win","regions-asia-pacific","regions-myanmar","sectors-textile-leather-garment-shoes-and-textile-services","article_tags-strike"],"acf":[],"yoast_head":"<!-- This site is optimized with the Yoast SEO Premium plugin v27.1 (Yoast SEO v27.1) - https:\/\/yoast.com\/product\/yoast-seo-premium-wordpress\/ -->\n<title>Con la huelga se logra la readmisi\u00f3n de los l\u00edderes sindicales en Myanmar - industriall-union<\/title>\n<meta name=\"description\" content=\"Unos 350 trabajadores de otras 15 f\u00e1bricas se unieron a la huelga en solidaridad a principios de esta semana, despu\u00e9s de no cumplir la empresa un acuerdo\" \/>\n<meta name=\"robots\" content=\"index, follow, max-snippet:-1, max-image-preview:large, max-video-preview:-1\" \/>\n<link rel=\"canonical\" href=\"https:\/\/admin.industriall-union.org\/es\/con-la-huelga-se-logra-la-readmision-de-los-lideres-sindicales-en-myanmar\/\" \/>\n<meta property=\"og:locale\" content=\"es_ES\" \/>\n<meta property=\"og:type\" content=\"article\" \/>\n<meta property=\"og:title\" content=\"Con la huelga se logra la readmisi\u00f3n de los l\u00edderes sindicales en Myanmar\" \/>\n<meta property=\"og:description\" content=\"Unos 350 trabajadores de otras 15 f\u00e1bricas se unieron a la huelga en solidaridad a principios de esta semana, despu\u00e9s de no cumplir la empresa un acuerdo\" \/>\n<meta property=\"og:url\" content=\"https:\/\/admin.industriall-union.org\/es\/con-la-huelga-se-logra-la-readmision-de-los-lideres-sindicales-en-myanmar\/\" \/>\n<meta property=\"og:site_name\" content=\"industriall-union\" \/>\n<meta property=\"article:modified_time\" content=\"2025-02-03T22:18:12+00:00\" \/>\n<meta name=\"twitter:card\" content=\"summary_large_image\" \/>\n<meta name=\"twitter:label1\" content=\"Est. reading time\" \/>\n\t<meta name=\"twitter:data1\" content=\"2 minutes\" \/>\n<script type=\"application\/ld+json\" class=\"yoast-schema-graph\">{\"@context\":\"https:\/\/schema.org\",\"@graph\":[{\"@type\":\"WebPage\",\"@id\":\"https:\/\/admin.industriall-union.org\/es\/con-la-huelga-se-logra-la-readmision-de-los-lideres-sindicales-en-myanmar\/\",\"url\":\"https:\/\/admin.industriall-union.org\/es\/con-la-huelga-se-logra-la-readmision-de-los-lideres-sindicales-en-myanmar\/\",\"name\":\"Con la huelga se logra la readmisi\u00f3n de los l\u00edderes sindicales en Myanmar - industriall-union\",\"isPartOf\":{\"@id\":\"https:\/\/admin.industriall-union.org\/es\/#website\"},\"datePublished\":\"2019-01-10T15:58:18+00:00\",\"dateModified\":\"2025-02-03T22:18:12+00:00\",\"description\":\"Unos 350 trabajadores de otras 15 f\u00e1bricas se unieron a la huelga en solidaridad a principios de esta semana, despu\u00e9s de no cumplir la empresa un acuerdo\",\"breadcrumb\":{\"@id\":\"https:\/\/admin.industriall-union.org\/es\/con-la-huelga-se-logra-la-readmision-de-los-lideres-sindicales-en-myanmar\/#breadcrumb\"},\"inLanguage\":\"es-ES\",\"potentialAction\":[{\"@type\":\"ReadAction\",\"target\":[\"https:\/\/admin.industriall-union.org\/es\/con-la-huelga-se-logra-la-readmision-de-los-lideres-sindicales-en-myanmar\/\"]}]},{\"@type\":\"BreadcrumbList\",\"@id\":\"https:\/\/admin.industriall-union.org\/es\/con-la-huelga-se-logra-la-readmision-de-los-lideres-sindicales-en-myanmar\/#breadcrumb\",\"itemListElement\":[{\"@type\":\"ListItem\",\"position\":1,\"name\":\"Home\",\"item\":\"https:\/\/admin.industriall-union.org\/es\/\"},{\"@type\":\"ListItem\",\"position\":2,\"name\":\"Articles\",\"item\":\"https:\/\/admin.industriall-union.org\/es\/article\/\"},{\"@type\":\"ListItem\",\"position\":3,\"name\":\"Con la huelga se logra la readmisi\u00f3n de los l\u00edderes sindicales en Myanmar\"}]},{\"@type\":\"WebSite\",\"@id\":\"https:\/\/admin.industriall-union.org\/es\/#website\",\"url\":\"https:\/\/admin.industriall-union.org\/es\/\",\"name\":\"industriall-union\",\"description\":\"\",\"potentialAction\":[{\"@type\":\"SearchAction\",\"target\":{\"@type\":\"EntryPoint\",\"urlTemplate\":\"https:\/\/admin.industriall-union.org\/es\/?s={search_term_string}\"},\"query-input\":{\"@type\":\"PropertyValueSpecification\",\"valueRequired\":true,\"valueName\":\"search_term_string\"}}],\"inLanguage\":\"es-ES\"}]}<\/script>\n<!-- \/ Yoast SEO Premium plugin. -->","yoast_head_json":{"title":"Con la huelga se logra la readmisi\u00f3n de los l\u00edderes sindicales en Myanmar - industriall-union","description":"Unos 350 trabajadores de otras 15 f\u00e1bricas se unieron a la huelga en solidaridad a principios de esta semana, despu\u00e9s de no cumplir la empresa un acuerdo","robots":{"index":"index","follow":"follow","max-snippet":"max-snippet:-1","max-image-preview":"max-image-preview:large","max-video-preview":"max-video-preview:-1"},"canonical":"https:\/\/admin.industriall-union.org\/es\/con-la-huelga-se-logra-la-readmision-de-los-lideres-sindicales-en-myanmar\/","og_locale":"es_ES","og_type":"article","og_title":"Con la huelga se logra la readmisi\u00f3n de los l\u00edderes sindicales en Myanmar","og_description":"Unos 350 trabajadores de otras 15 f\u00e1bricas se unieron a la huelga en solidaridad a principios de esta semana, despu\u00e9s de no cumplir la empresa un acuerdo","og_url":"https:\/\/admin.industriall-union.org\/es\/con-la-huelga-se-logra-la-readmision-de-los-lideres-sindicales-en-myanmar\/","og_site_name":"industriall-union","article_modified_time":"2025-02-03T22:18:12+00:00","twitter_card":"summary_large_image","twitter_misc":{"Est. reading time":"2 minutes"},"schema":{"@context":"https:\/\/schema.org","@graph":[{"@type":"WebPage","@id":"https:\/\/admin.industriall-union.org\/es\/con-la-huelga-se-logra-la-readmision-de-los-lideres-sindicales-en-myanmar\/","url":"https:\/\/admin.industriall-union.org\/es\/con-la-huelga-se-logra-la-readmision-de-los-lideres-sindicales-en-myanmar\/","name":"Con la huelga se logra la readmisi\u00f3n de los l\u00edderes sindicales en Myanmar - industriall-union","isPartOf":{"@id":"https:\/\/admin.industriall-union.org\/es\/#website"},"datePublished":"2019-01-10T15:58:18+00:00","dateModified":"2025-02-03T22:18:12+00:00","description":"Unos 350 trabajadores de otras 15 f\u00e1bricas se unieron a la huelga en solidaridad a principios de esta semana, despu\u00e9s de no cumplir la empresa un acuerdo","breadcrumb":{"@id":"https:\/\/admin.industriall-union.org\/es\/con-la-huelga-se-logra-la-readmision-de-los-lideres-sindicales-en-myanmar\/#breadcrumb"},"inLanguage":"es-ES","potentialAction":[{"@type":"ReadAction","target":["https:\/\/admin.industriall-union.org\/es\/con-la-huelga-se-logra-la-readmision-de-los-lideres-sindicales-en-myanmar\/"]}]},{"@type":"BreadcrumbList","@id":"https:\/\/admin.industriall-union.org\/es\/con-la-huelga-se-logra-la-readmision-de-los-lideres-sindicales-en-myanmar\/#breadcrumb","itemListElement":[{"@type":"ListItem","position":1,"name":"Home","item":"https:\/\/admin.industriall-union.org\/es\/"},{"@type":"ListItem","position":2,"name":"Articles","item":"https:\/\/admin.industriall-union.org\/es\/article\/"},{"@type":"ListItem","position":3,"name":"Con la huelga se logra la readmisi\u00f3n de los l\u00edderes sindicales en Myanmar"}]},{"@type":"WebSite","@id":"https:\/\/admin.industriall-union.org\/es\/#website","url":"https:\/\/admin.industriall-union.org\/es\/","name":"industriall-union","description":"","potentialAction":[{"@type":"SearchAction","target":{"@type":"EntryPoint","urlTemplate":"https:\/\/admin.industriall-union.org\/es\/?s={search_term_string}"},"query-input":{"@type":"PropertyValueSpecification","valueRequired":true,"valueName":"search_term_string"}}],"inLanguage":"es-ES"}]}},"_links":{"self":[{"href":"https:\/\/admin.industriall-union.org\/es\/wp-json\/wp\/v2\/article\/160989","targetHints":{"allow":["GET"]}}],"collection":[{"href":"https:\/\/admin.industriall-union.org\/es\/wp-json\/wp\/v2\/article"}],"about":[{"href":"https:\/\/admin.industriall-union.org\/es\/wp-json\/wp\/v2\/types\/article"}],"wp:attachment":[{"href":"https:\/\/admin.industriall-union.org\/es\/wp-json\/wp\/v2\/media?parent=160989"}],"wp:term":[{"taxonomy":"issues","embeddable":true,"href":"https:\/\/admin.industriall-union.org\/es\/wp-json\/wp\/v2\/issues?post=160989"},{"taxonomy":"companies","embeddable":true,"href":"https:\/\/admin.industriall-union.org\/es\/wp-json\/wp\/v2\/companies?post=160989"},{"taxonomy":"regions","embeddable":true,"href":"https:\/\/admin.industriall-union.org\/es\/wp-json\/wp\/v2\/regions?post=160989"},{"taxonomy":"sectors","embeddable":true,"href":"https:\/\/admin.industriall-union.org\/es\/wp-json\/wp\/v2\/sectors?post=160989"},{"taxonomy":"article_tags","embeddable":true,"href":"https:\/\/admin.industriall-union.org\/es\/wp-json\/wp\/v2\/article_tags?post=160989"}],"curies":[{"name":"wp","href":"https:\/\/api.w.org\/{rel}","templated":true}]}}