{"id":160910,"date":"2019-01-29T18:48:15","date_gmt":"2019-01-29T18:48:15","guid":{"rendered":"https:\/\/admin.industriall-union.org\/mexico-logra-el-mayor-aumento-del-salario-minimo-en-23-anos\/"},"modified":"2025-02-03T21:33:10","modified_gmt":"2025-02-03T21:33:10","slug":"mexico-logra-el-mayor-aumento-del-salario-minimo-en-23-anos","status":"publish","type":"article","link":"https:\/\/admin.industriall-union.org\/es\/mexico-logra-el-mayor-aumento-del-salario-minimo-en-23-anos\/","title":{"rendered":"M\u00e9xico logra el mayor aumento del salario m\u00ednimo en 23 a\u00f1os"},"content":{"rendered":"<p>El salario m\u00ednimo en M\u00e9xico aument\u00f3 el 1&ordm; de enero de 88,36 a 102,68 pesos mexicanos diarios (5,04 d\u00f3lares aproximadamente) y a 176,72 pesos (unos 8,67 d\u00f3lares) en las zonas libres de la frontera norte. El alza beneficiar\u00e1 a 2 millones 76 mil 894 trabajadores, seg\u00fan estimaciones de la Comisi\u00f3n Nacional de los Salarios M\u00ednimos (Conasami).<\/p><p>Para el presidente de M\u00e9xico, Andr\u00e9s Manuel L\u00f3pez Obrador (AMLO), la Nueva Pol\u00edtica de Salarios M\u00ednimos (la cual cont\u00f3 con el voto un\u00e1nime de los representantes del sector obrero, patronal y gobierno) permitir\u00e1 avanzar en una ruta de recuperaci\u00f3n progresiva, responsable y sostenible del salario m\u00ednimo. A su vez, fortalecer\u00e1 la econom\u00eda y el mercado interno, y mejorar\u00e1 las condiciones laborales y sociales de M\u00e9xico.<\/p><p>El gobierno tambi\u00e9n estableci\u00f3 que en los municipios de la franja colindante con EEUU, el ISR se reducir\u00e1 20 por ciento, al igual que el IVA del 16 al 8 por ciento, y se van a homologar los precios de los energ\u00e9ticos con lo que cuestan del otro lado de la frontera.<\/p><p>El primer mandatario AMLO considera que todas estas propuestas tambi\u00e9n ayudar\u00e1n a que la actual &ldquo;migraci\u00f3n obligatoria&rdquo; a Estados Unidos, se convierta en un &ldquo;fen\u00f3meno optativo&rdquo;.<\/p><p>Gracias a dicho aumento, el salario en M\u00e9xico se coloc\u00f3 en la l\u00ednea del bienestar establecida por el Consejo Nacional de Evaluaci\u00f3n de la Pol\u00edtica de Desarrollo Social.<\/p><p>&ldquo;Sin que eso signifique que sea suficiente, es un primer paso en la direcci\u00f3n correcta. El reto durante el presente sexenio es pasar de un salario m\u00ednimo a un salario digno que garantice un piso de bienestar para todas las familias mexicanas. Con la nueva pol\u00edtica de recuperaci\u00f3n del salario m\u00ednimo se comienza a saldar una deuda hist\u00f3rica con los trabajadores de menores ingresos&rdquo;<\/p><p>sostuvo la secretaria de Trabajo, Mar\u00eda Luisa Alcalde en la presentaci\u00f3n de la pol\u00edtica salarial.<\/p><p>Por su parte, el secretario regional de IndustriALL Global Union para Am\u00e9rica Latina y el Caribe, Marino Vani, dijo al respecto:<\/p><blockquote><p>&ldquo;Felicitamos al gobierno y los trabajadores de M\u00e9xico por la adaptaci\u00f3n de la pol\u00edtica de valorizaci\u00f3n del salario m\u00ednimo, que es una de las formas de distribuir la renta y disminuir la pobreza en un pa\u00eds.<\/p><p>Seguiremos nuestros esfuerzos como organizaci\u00f3n sindical internacional para impulsar sindicatos independientes y una contrataci\u00f3n colectiva sectorial nacional. Con \u00e9sta \u00faltima tambi\u00e9n se podr\u00edan establecer salarios m\u00ednimos profesionales y sectoriales, lo cual ayudar\u00eda al desarrollo de un mercado de consumo interno, y a una mejor y mayor distribuci\u00f3n de renta, con dignidad para los trabajadores mexicanos.&rdquo;<\/p><\/blockquote>","protected":false},"featured_media":0,"template":"","issues":[422,416,425],"companies":[],"regions":[254,275],"sectors":[],"article_tags":[513],"class_list":["post-160910","article","type-article","status-publish","hentry","issues-human-trade-union-rights","issues-living-wage","issues-workers-rights","regions-latin-america-and-the-caribbean","regions-mexico","article_tags-labour-laws"],"acf":[],"yoast_head":"<!-- This site is optimized with the Yoast SEO Premium plugin v27.1 (Yoast SEO v27.1) - https:\/\/yoast.com\/product\/yoast-seo-premium-wordpress\/ -->\n<title>M\u00e9xico logra el mayor aumento del salario m\u00ednimo en 23 a\u00f1os - industriall-union<\/title>\n<meta name=\"description\" content=\"El salario m\u00ednimo en M\u00e9xico aument\u00f3 el 1&ordm; de enero de 88,36 a 102,68 pesos mexicanos diarios (5,04 d\u00f3lares aproximadamente) y a 176,72 pesos (unos\" \/>\n<meta name=\"robots\" content=\"index, follow, max-snippet:-1, max-image-preview:large, max-video-preview:-1\" \/>\n<link rel=\"canonical\" href=\"https:\/\/admin.industriall-union.org\/es\/mexico-logra-el-mayor-aumento-del-salario-minimo-en-23-anos\/\" \/>\n<meta property=\"og:locale\" content=\"es_ES\" \/>\n<meta property=\"og:type\" content=\"article\" \/>\n<meta property=\"og:title\" content=\"M\u00e9xico logra el mayor aumento del salario m\u00ednimo en 23 a\u00f1os\" \/>\n<meta property=\"og:description\" content=\"El salario m\u00ednimo en M\u00e9xico aument\u00f3 el 1&ordm; de enero de 88,36 a 102,68 pesos mexicanos diarios (5,04 d\u00f3lares aproximadamente) y a 176,72 pesos (unos\" \/>\n<meta property=\"og:url\" content=\"https:\/\/admin.industriall-union.org\/es\/mexico-logra-el-mayor-aumento-del-salario-minimo-en-23-anos\/\" \/>\n<meta property=\"og:site_name\" content=\"industriall-union\" \/>\n<meta property=\"article:modified_time\" content=\"2025-02-03T21:33:10+00:00\" \/>\n<meta name=\"twitter:card\" content=\"summary_large_image\" \/>\n<meta name=\"twitter:label1\" content=\"Est. reading time\" \/>\n\t<meta name=\"twitter:data1\" content=\"2 minutes\" \/>\n<script type=\"application\/ld+json\" class=\"yoast-schema-graph\">{\"@context\":\"https:\/\/schema.org\",\"@graph\":[{\"@type\":\"WebPage\",\"@id\":\"https:\/\/admin.industriall-union.org\/es\/mexico-logra-el-mayor-aumento-del-salario-minimo-en-23-anos\/\",\"url\":\"https:\/\/admin.industriall-union.org\/es\/mexico-logra-el-mayor-aumento-del-salario-minimo-en-23-anos\/\",\"name\":\"M\u00e9xico logra el mayor aumento del salario m\u00ednimo en 23 a\u00f1os - industriall-union\",\"isPartOf\":{\"@id\":\"https:\/\/admin.industriall-union.org\/#website\"},\"datePublished\":\"2019-01-29T18:48:15+00:00\",\"dateModified\":\"2025-02-03T21:33:10+00:00\",\"description\":\"El salario m\u00ednimo en M\u00e9xico aument\u00f3 el 1&ordm; de enero de 88,36 a 102,68 pesos mexicanos diarios (5,04 d\u00f3lares aproximadamente) y a 176,72 pesos (unos\",\"breadcrumb\":{\"@id\":\"https:\/\/admin.industriall-union.org\/es\/mexico-logra-el-mayor-aumento-del-salario-minimo-en-23-anos\/#breadcrumb\"},\"inLanguage\":\"es-ES\",\"potentialAction\":[{\"@type\":\"ReadAction\",\"target\":[\"https:\/\/admin.industriall-union.org\/es\/mexico-logra-el-mayor-aumento-del-salario-minimo-en-23-anos\/\"]}]},{\"@type\":\"BreadcrumbList\",\"@id\":\"https:\/\/admin.industriall-union.org\/es\/mexico-logra-el-mayor-aumento-del-salario-minimo-en-23-anos\/#breadcrumb\",\"itemListElement\":[{\"@type\":\"ListItem\",\"position\":1,\"name\":\"Home\",\"item\":\"https:\/\/admin.industriall-union.org\/\"},{\"@type\":\"ListItem\",\"position\":2,\"name\":\"Articles\",\"item\":\"https:\/\/admin.industriall-union.org\/article\/\"},{\"@type\":\"ListItem\",\"position\":3,\"name\":\"M\u00e9xico logra el mayor aumento del salario m\u00ednimo en 23 a\u00f1os\"}]},{\"@type\":\"WebSite\",\"@id\":\"https:\/\/admin.industriall-union.org\/#website\",\"url\":\"https:\/\/admin.industriall-union.org\/\",\"name\":\"industriall-union\",\"description\":\"\",\"potentialAction\":[{\"@type\":\"SearchAction\",\"target\":{\"@type\":\"EntryPoint\",\"urlTemplate\":\"https:\/\/admin.industriall-union.org\/?s={search_term_string}\"},\"query-input\":{\"@type\":\"PropertyValueSpecification\",\"valueRequired\":true,\"valueName\":\"search_term_string\"}}],\"inLanguage\":\"es-ES\"}]}<\/script>\n<!-- \/ Yoast SEO Premium plugin. -->","yoast_head_json":{"title":"M\u00e9xico logra el mayor aumento del salario m\u00ednimo en 23 a\u00f1os - industriall-union","description":"El salario m\u00ednimo en M\u00e9xico aument\u00f3 el 1&ordm; de enero de 88,36 a 102,68 pesos mexicanos diarios (5,04 d\u00f3lares aproximadamente) y a 176,72 pesos (unos","robots":{"index":"index","follow":"follow","max-snippet":"max-snippet:-1","max-image-preview":"max-image-preview:large","max-video-preview":"max-video-preview:-1"},"canonical":"https:\/\/admin.industriall-union.org\/es\/mexico-logra-el-mayor-aumento-del-salario-minimo-en-23-anos\/","og_locale":"es_ES","og_type":"article","og_title":"M\u00e9xico logra el mayor aumento del salario m\u00ednimo en 23 a\u00f1os","og_description":"El salario m\u00ednimo en M\u00e9xico aument\u00f3 el 1&ordm; de enero de 88,36 a 102,68 pesos mexicanos diarios (5,04 d\u00f3lares aproximadamente) y a 176,72 pesos (unos","og_url":"https:\/\/admin.industriall-union.org\/es\/mexico-logra-el-mayor-aumento-del-salario-minimo-en-23-anos\/","og_site_name":"industriall-union","article_modified_time":"2025-02-03T21:33:10+00:00","twitter_card":"summary_large_image","twitter_misc":{"Est. reading time":"2 minutes"},"schema":{"@context":"https:\/\/schema.org","@graph":[{"@type":"WebPage","@id":"https:\/\/admin.industriall-union.org\/es\/mexico-logra-el-mayor-aumento-del-salario-minimo-en-23-anos\/","url":"https:\/\/admin.industriall-union.org\/es\/mexico-logra-el-mayor-aumento-del-salario-minimo-en-23-anos\/","name":"M\u00e9xico logra el mayor aumento del salario m\u00ednimo en 23 a\u00f1os - industriall-union","isPartOf":{"@id":"https:\/\/admin.industriall-union.org\/#website"},"datePublished":"2019-01-29T18:48:15+00:00","dateModified":"2025-02-03T21:33:10+00:00","description":"El salario m\u00ednimo en M\u00e9xico aument\u00f3 el 1&ordm; de enero de 88,36 a 102,68 pesos mexicanos diarios (5,04 d\u00f3lares aproximadamente) y a 176,72 pesos (unos","breadcrumb":{"@id":"https:\/\/admin.industriall-union.org\/es\/mexico-logra-el-mayor-aumento-del-salario-minimo-en-23-anos\/#breadcrumb"},"inLanguage":"es-ES","potentialAction":[{"@type":"ReadAction","target":["https:\/\/admin.industriall-union.org\/es\/mexico-logra-el-mayor-aumento-del-salario-minimo-en-23-anos\/"]}]},{"@type":"BreadcrumbList","@id":"https:\/\/admin.industriall-union.org\/es\/mexico-logra-el-mayor-aumento-del-salario-minimo-en-23-anos\/#breadcrumb","itemListElement":[{"@type":"ListItem","position":1,"name":"Home","item":"https:\/\/admin.industriall-union.org\/"},{"@type":"ListItem","position":2,"name":"Articles","item":"https:\/\/admin.industriall-union.org\/article\/"},{"@type":"ListItem","position":3,"name":"M\u00e9xico logra el mayor aumento del salario m\u00ednimo en 23 a\u00f1os"}]},{"@type":"WebSite","@id":"https:\/\/admin.industriall-union.org\/#website","url":"https:\/\/admin.industriall-union.org\/","name":"industriall-union","description":"","potentialAction":[{"@type":"SearchAction","target":{"@type":"EntryPoint","urlTemplate":"https:\/\/admin.industriall-union.org\/?s={search_term_string}"},"query-input":{"@type":"PropertyValueSpecification","valueRequired":true,"valueName":"search_term_string"}}],"inLanguage":"es-ES"}]}},"_links":{"self":[{"href":"https:\/\/admin.industriall-union.org\/es\/wp-json\/wp\/v2\/article\/160910","targetHints":{"allow":["GET"]}}],"collection":[{"href":"https:\/\/admin.industriall-union.org\/es\/wp-json\/wp\/v2\/article"}],"about":[{"href":"https:\/\/admin.industriall-union.org\/es\/wp-json\/wp\/v2\/types\/article"}],"wp:attachment":[{"href":"https:\/\/admin.industriall-union.org\/es\/wp-json\/wp\/v2\/media?parent=160910"}],"wp:term":[{"taxonomy":"issues","embeddable":true,"href":"https:\/\/admin.industriall-union.org\/es\/wp-json\/wp\/v2\/issues?post=160910"},{"taxonomy":"companies","embeddable":true,"href":"https:\/\/admin.industriall-union.org\/es\/wp-json\/wp\/v2\/companies?post=160910"},{"taxonomy":"regions","embeddable":true,"href":"https:\/\/admin.industriall-union.org\/es\/wp-json\/wp\/v2\/regions?post=160910"},{"taxonomy":"sectors","embeddable":true,"href":"https:\/\/admin.industriall-union.org\/es\/wp-json\/wp\/v2\/sectors?post=160910"},{"taxonomy":"article_tags","embeddable":true,"href":"https:\/\/admin.industriall-union.org\/es\/wp-json\/wp\/v2\/article_tags?post=160910"}],"curies":[{"name":"wp","href":"https:\/\/api.w.org\/{rel}","templated":true}]}}