{"id":160816,"date":"2019-02-21T13:13:43","date_gmt":"2019-02-21T13:13:43","guid":{"rendered":"https:\/\/admin.industriall-union.org\/red-sindical-de-glencore-en-africa-inicia-dialogo-con-la-empresa\/"},"modified":"2025-02-03T20:50:13","modified_gmt":"2025-02-03T20:50:13","slug":"red-sindical-de-glencore-en-africa-inicia-dialogo-con-la-empresa","status":"publish","type":"article","link":"https:\/\/admin.industriall-union.org\/es\/red-sindical-de-glencore-en-africa-inicia-dialogo-con-la-empresa\/","title":{"rendered":"Red sindical de Glencore en \u00c1frica inicia di\u00e1logo con la empresa"},"content":{"rendered":"<p>Asistieron a la reuni\u00f3n representantes sindicales de la Rep\u00fablica Democr\u00e1tica del Congo (RDC), Sud\u00e1frica y Zambia, que son los pa\u00edses africanos donde opera esa enorme empresa del sector de la miner\u00eda y productos b\u00e1sicos, que tiene su casa matriz en Suiza. Los mencionados delegados se reunieron por primera vez con los representantes de la administraci\u00f3n de recursos humanos de Glencore en ocasi\u00f3n del lanzamiento de la red sindical regional de IndustriALL Global Union. El equipo de Glencore incluy\u00f3 a los directores de recursos humanos de Mutanda Mining y Katanga Mining en la Rep\u00fablica Democr\u00e1tica del Congo, de Mopani Copper Mines en Zambia, y de Alloys Assets y Coal Assets en Sud\u00e1frica.<\/p><p>Los participantes en la reuni\u00f3n se\u00f1alaron que los beneficios y la eficacia de un di\u00e1logo constructivo se hacen realidad cuando una empresa trabaja conjuntamente con los sindicatos para mejorar las condiciones de trabajo, respetando los derechos de los trabajadores\/as, pagando salarios dignos, contratando a m\u00e1s trabajadores\/as de planta y mejorando la salud y seguridad. Este encuentro fue facilitado por las oficinas de IndustriALL a nivel central y regional.<\/p><p>Los afiliados de IndustriALL definieron los adelantos que requieren de Glencore, que incluyen remuneraci\u00f3n igual por trabajo de igual valor, buenas pr\u00e1cticas de salud y seguridad, licencia de maternidad, y acceso a servicios de salud. Los representantes sindicales exigieron que es necesario que Glencore contrate a un n\u00famero mayor de trabajadores\/as permanentes y que procure que los subcontratados disfruten de los mismos derechos bajo la legislaci\u00f3n laboral. Los sindicatos tomaron nota de que hab\u00edan mejorado las condiciones de trabajo y el desarrollo de las comunidades.<\/p><p>El equipo de administraci\u00f3n de recursos humanos de Glencore proporcion\u00f3 informaci\u00f3n exhaustiva sobre la compa\u00f1\u00eda y sus pol\u00edticas y pr\u00e1cticas laborales. Tambi\u00e9n inform\u00f3 sobre lo que se est\u00e1 haciendo en sus operaciones para resolver las quejas planteadas por los sindicatos, c\u00f3mo se colabora con los sindicatos, y los proyectos comunitarios en los que participa la empresa.<\/p><p>Por su parte, Gerda Schwindt, directora de recursos humanos del grupo Glencore, afirm\u00f3:<\/p><blockquote><p>&ldquo;Hemos acogido con agrado esta oportunidad para colaborar con IndustriALL, permiti\u00e9ndonos comprender sus inquietudes y tambi\u00e9n destacando nuestro compromiso con nuestra ambici\u00f3n de ser reconocido como uno de los mejores empleadores en todas las regiones donde tenemos operaciones&rdquo;.<\/p><\/blockquote><p>Por su lado, Kemal \u00d6zkan, Secretario General Adjunto de IndustriALL, acot\u00f3:<\/p><blockquote><p>&ldquo;Hemos comenzado las interrelaciones con Glencore a trav\u00e9s de una forma de di\u00e1logo constructivo. La empresa debe poder escuchar las preocupaciones de los trabajadores y trabajadoras, reconociendo y respetando sus derechos fundamentales respecto a las condiciones de trabajo. Creo que este di\u00e1logo con Glencore promueve las relaciones laborales en las operaciones de la empresa&rdquo;.<\/p><\/blockquote><p>La reuni\u00f3n termin\u00f3 con un entendimiento com\u00fan para desarrollar un di\u00e1logo semejante a nivel de los pa\u00edses.<\/p><p>La red sindical mundial de IndustriALL en Glencore se reunir\u00e1 en Colombia en septiembre, y se espera que la administraci\u00f3n de la compa\u00f1\u00eda est\u00e9 presente con el mismo compromiso sobre el di\u00e1logo a nivel mundial.<\/p>","protected":false},"featured_media":0,"template":"","issues":[],"companies":[60],"regions":[322,350,311,357],"sectors":[495,494],"article_tags":[],"class_list":["post-160816","article","type-article","status-publish","hentry","companies-glencore","regions-congo-drc","regions-south-africa","regions-sub-saharan-africa","regions-zambia","sectors-mining","sectors-mining-and-dgojp"],"acf":[],"yoast_head":"<!-- This site is optimized with the Yoast SEO Premium plugin v27.1 (Yoast SEO v27.1) - https:\/\/yoast.com\/product\/yoast-seo-premium-wordpress\/ -->\n<title>Red sindical de Glencore en \u00c1frica inicia di\u00e1logo con la empresa - industriall-union<\/title>\n<meta name=\"description\" content=\"Asistieron a la reuni\u00f3n representantes sindicales de la Rep\u00fablica Democr\u00e1tica del Congo (RDC), Sud\u00e1frica y Zambia, que son los pa\u00edses africanos donde\" \/>\n<meta name=\"robots\" content=\"index, follow, max-snippet:-1, max-image-preview:large, max-video-preview:-1\" \/>\n<link rel=\"canonical\" href=\"https:\/\/admin.industriall-union.org\/es\/red-sindical-de-glencore-en-africa-inicia-dialogo-con-la-empresa\/\" \/>\n<meta property=\"og:locale\" content=\"es_ES\" \/>\n<meta property=\"og:type\" content=\"article\" \/>\n<meta property=\"og:title\" content=\"Red sindical de Glencore en \u00c1frica inicia di\u00e1logo con la empresa\" \/>\n<meta property=\"og:description\" content=\"Asistieron a la reuni\u00f3n representantes sindicales de la Rep\u00fablica Democr\u00e1tica del Congo (RDC), Sud\u00e1frica y Zambia, que son los pa\u00edses africanos donde\" \/>\n<meta property=\"og:url\" content=\"https:\/\/admin.industriall-union.org\/es\/red-sindical-de-glencore-en-africa-inicia-dialogo-con-la-empresa\/\" \/>\n<meta property=\"og:site_name\" content=\"industriall-union\" \/>\n<meta property=\"article:modified_time\" content=\"2025-02-03T20:50:13+00:00\" \/>\n<meta name=\"twitter:card\" content=\"summary_large_image\" \/>\n<meta name=\"twitter:label1\" content=\"Est. reading time\" \/>\n\t<meta name=\"twitter:data1\" content=\"3 minutes\" \/>\n<script type=\"application\/ld+json\" class=\"yoast-schema-graph\">{\"@context\":\"https:\/\/schema.org\",\"@graph\":[{\"@type\":\"WebPage\",\"@id\":\"https:\/\/admin.industriall-union.org\/es\/red-sindical-de-glencore-en-africa-inicia-dialogo-con-la-empresa\/\",\"url\":\"https:\/\/admin.industriall-union.org\/es\/red-sindical-de-glencore-en-africa-inicia-dialogo-con-la-empresa\/\",\"name\":\"Red sindical de Glencore en \u00c1frica inicia di\u00e1logo con la empresa - industriall-union\",\"isPartOf\":{\"@id\":\"https:\/\/admin.industriall-union.org\/#website\"},\"datePublished\":\"2019-02-21T13:13:43+00:00\",\"dateModified\":\"2025-02-03T20:50:13+00:00\",\"description\":\"Asistieron a la reuni\u00f3n representantes sindicales de la Rep\u00fablica Democr\u00e1tica del Congo (RDC), Sud\u00e1frica y Zambia, que son los pa\u00edses africanos donde\",\"breadcrumb\":{\"@id\":\"https:\/\/admin.industriall-union.org\/es\/red-sindical-de-glencore-en-africa-inicia-dialogo-con-la-empresa\/#breadcrumb\"},\"inLanguage\":\"es-ES\",\"potentialAction\":[{\"@type\":\"ReadAction\",\"target\":[\"https:\/\/admin.industriall-union.org\/es\/red-sindical-de-glencore-en-africa-inicia-dialogo-con-la-empresa\/\"]}]},{\"@type\":\"BreadcrumbList\",\"@id\":\"https:\/\/admin.industriall-union.org\/es\/red-sindical-de-glencore-en-africa-inicia-dialogo-con-la-empresa\/#breadcrumb\",\"itemListElement\":[{\"@type\":\"ListItem\",\"position\":1,\"name\":\"Home\",\"item\":\"https:\/\/admin.industriall-union.org\/\"},{\"@type\":\"ListItem\",\"position\":2,\"name\":\"Articles\",\"item\":\"https:\/\/admin.industriall-union.org\/article\/\"},{\"@type\":\"ListItem\",\"position\":3,\"name\":\"Red sindical de Glencore en \u00c1frica inicia di\u00e1logo con la empresa\"}]},{\"@type\":\"WebSite\",\"@id\":\"https:\/\/admin.industriall-union.org\/#website\",\"url\":\"https:\/\/admin.industriall-union.org\/\",\"name\":\"industriall-union\",\"description\":\"\",\"potentialAction\":[{\"@type\":\"SearchAction\",\"target\":{\"@type\":\"EntryPoint\",\"urlTemplate\":\"https:\/\/admin.industriall-union.org\/?s={search_term_string}\"},\"query-input\":{\"@type\":\"PropertyValueSpecification\",\"valueRequired\":true,\"valueName\":\"search_term_string\"}}],\"inLanguage\":\"es-ES\"}]}<\/script>\n<!-- \/ Yoast SEO Premium plugin. -->","yoast_head_json":{"title":"Red sindical de Glencore en \u00c1frica inicia di\u00e1logo con la empresa - industriall-union","description":"Asistieron a la reuni\u00f3n representantes sindicales de la Rep\u00fablica Democr\u00e1tica del Congo (RDC), Sud\u00e1frica y Zambia, que son los pa\u00edses africanos donde","robots":{"index":"index","follow":"follow","max-snippet":"max-snippet:-1","max-image-preview":"max-image-preview:large","max-video-preview":"max-video-preview:-1"},"canonical":"https:\/\/admin.industriall-union.org\/es\/red-sindical-de-glencore-en-africa-inicia-dialogo-con-la-empresa\/","og_locale":"es_ES","og_type":"article","og_title":"Red sindical de Glencore en \u00c1frica inicia di\u00e1logo con la empresa","og_description":"Asistieron a la reuni\u00f3n representantes sindicales de la Rep\u00fablica Democr\u00e1tica del Congo (RDC), Sud\u00e1frica y Zambia, que son los pa\u00edses africanos donde","og_url":"https:\/\/admin.industriall-union.org\/es\/red-sindical-de-glencore-en-africa-inicia-dialogo-con-la-empresa\/","og_site_name":"industriall-union","article_modified_time":"2025-02-03T20:50:13+00:00","twitter_card":"summary_large_image","twitter_misc":{"Est. reading time":"3 minutes"},"schema":{"@context":"https:\/\/schema.org","@graph":[{"@type":"WebPage","@id":"https:\/\/admin.industriall-union.org\/es\/red-sindical-de-glencore-en-africa-inicia-dialogo-con-la-empresa\/","url":"https:\/\/admin.industriall-union.org\/es\/red-sindical-de-glencore-en-africa-inicia-dialogo-con-la-empresa\/","name":"Red sindical de Glencore en \u00c1frica inicia di\u00e1logo con la empresa - industriall-union","isPartOf":{"@id":"https:\/\/admin.industriall-union.org\/#website"},"datePublished":"2019-02-21T13:13:43+00:00","dateModified":"2025-02-03T20:50:13+00:00","description":"Asistieron a la reuni\u00f3n representantes sindicales de la Rep\u00fablica Democr\u00e1tica del Congo (RDC), Sud\u00e1frica y Zambia, que son los pa\u00edses africanos donde","breadcrumb":{"@id":"https:\/\/admin.industriall-union.org\/es\/red-sindical-de-glencore-en-africa-inicia-dialogo-con-la-empresa\/#breadcrumb"},"inLanguage":"es-ES","potentialAction":[{"@type":"ReadAction","target":["https:\/\/admin.industriall-union.org\/es\/red-sindical-de-glencore-en-africa-inicia-dialogo-con-la-empresa\/"]}]},{"@type":"BreadcrumbList","@id":"https:\/\/admin.industriall-union.org\/es\/red-sindical-de-glencore-en-africa-inicia-dialogo-con-la-empresa\/#breadcrumb","itemListElement":[{"@type":"ListItem","position":1,"name":"Home","item":"https:\/\/admin.industriall-union.org\/"},{"@type":"ListItem","position":2,"name":"Articles","item":"https:\/\/admin.industriall-union.org\/article\/"},{"@type":"ListItem","position":3,"name":"Red sindical de Glencore en \u00c1frica inicia di\u00e1logo con la empresa"}]},{"@type":"WebSite","@id":"https:\/\/admin.industriall-union.org\/#website","url":"https:\/\/admin.industriall-union.org\/","name":"industriall-union","description":"","potentialAction":[{"@type":"SearchAction","target":{"@type":"EntryPoint","urlTemplate":"https:\/\/admin.industriall-union.org\/?s={search_term_string}"},"query-input":{"@type":"PropertyValueSpecification","valueRequired":true,"valueName":"search_term_string"}}],"inLanguage":"es-ES"}]}},"_links":{"self":[{"href":"https:\/\/admin.industriall-union.org\/es\/wp-json\/wp\/v2\/article\/160816","targetHints":{"allow":["GET"]}}],"collection":[{"href":"https:\/\/admin.industriall-union.org\/es\/wp-json\/wp\/v2\/article"}],"about":[{"href":"https:\/\/admin.industriall-union.org\/es\/wp-json\/wp\/v2\/types\/article"}],"wp:attachment":[{"href":"https:\/\/admin.industriall-union.org\/es\/wp-json\/wp\/v2\/media?parent=160816"}],"wp:term":[{"taxonomy":"issues","embeddable":true,"href":"https:\/\/admin.industriall-union.org\/es\/wp-json\/wp\/v2\/issues?post=160816"},{"taxonomy":"companies","embeddable":true,"href":"https:\/\/admin.industriall-union.org\/es\/wp-json\/wp\/v2\/companies?post=160816"},{"taxonomy":"regions","embeddable":true,"href":"https:\/\/admin.industriall-union.org\/es\/wp-json\/wp\/v2\/regions?post=160816"},{"taxonomy":"sectors","embeddable":true,"href":"https:\/\/admin.industriall-union.org\/es\/wp-json\/wp\/v2\/sectors?post=160816"},{"taxonomy":"article_tags","embeddable":true,"href":"https:\/\/admin.industriall-union.org\/es\/wp-json\/wp\/v2\/article_tags?post=160816"}],"curies":[{"name":"wp","href":"https:\/\/api.w.org\/{rel}","templated":true}]}}