{"id":160754,"date":"2019-02-28T12:48:27","date_gmt":"2019-02-28T12:48:27","guid":{"rendered":"https:\/\/admin.industriall-union.org\/los-sindicatos-dicen-no-a-la-violencia-contra-las-mujeres\/"},"modified":"2025-02-03T20:25:19","modified_gmt":"2025-02-03T20:25:19","slug":"los-sindicatos-dicen-no-a-la-violencia-contra-las-mujeres","status":"publish","type":"article","link":"https:\/\/admin.industriall-union.org\/es\/los-sindicatos-dicen-no-a-la-violencia-contra-las-mujeres\/","title":{"rendered":"\u00a1Los sindicatos dicen no a la violencia contra las mujeres!"},"content":{"rendered":"<blockquote><p>Como sindicatos, estamos en la primera l\u00ednea de esta lucha. Una vez m\u00e1s, demostremos nuestra firme voluntad de hacer avanzar la igualdad de g\u00e9nero en el mundo laboral moviliz\u00e1ndonos el 8 de marzo, el D\u00eda Internacional de la Mujer<\/p><\/blockquote><p>dijo la secretaria general adjunta de IndustriALL Global Union, Jenny Holdcroft.<\/p><p>Las condiciones previas para la igualdad de g\u00e9nero incluyen fortalecer la voz y el liderazgo de las mujeres, eliminar la violencia y el acoso en el trabajo y aplicar la transparencia salarial.<\/p><p>IndustriALL tambi\u00e9n anima a aquellos afiliados que a\u00fan no hayan asumido <a href=\"\/wp-content\/uploads\/images\/Women\/ALLWOmen\/sp_industriall_pledge_violence_against_women.pdf\">el Compromiso<\/a> de poner fin a la violencia y el acoso contra las mujeres en el lugar de trabajo y en los sindicatos, a unirse a la campa\u00f1a #AsumeElCompromiso #TakeThePledge.<\/p><p>Desarrollamos&nbsp;<a href=\"http:\/\/www.industriall-union.org\/es\/temas\/la-construccion-de-sindicatos-fuertes\/mujeres\">material gr\u00e1fico<\/a> y un <a href=\"https:\/\/www.youtube.com\/watch?v=y54hprxbUTw&amp;t=19s\">v\u00eddeo<\/a> que pueden descargar en nuestro sitio web. Tambi\u00e9n pueden unirse al grupo de mujeres de IndustriALL en Facebook y compartir los planes de su sindicato para el 8 de marzo.<\/p><p>Asimismo, pueden utilizar dicha plataforma para informar sobre las distintas acciones o para enviar fotos a&nbsp; <a href=\"mailto:press@industriall-union.org\">press@industriall-union.org<\/a>. IndustriALL las utilizar\u00e1 para promover lo que planifiquen hacer. No olviden utilizar los hashtags #ALLWomen, #TakeThePledge y #AsumeElCompromiso en las redes sociales.<\/p>","protected":false},"featured_media":0,"template":"","issues":[397],"companies":[],"regions":[],"sectors":[],"article_tags":[],"class_list":["post-160754","article","type-article","status-publish","hentry","issues-women"],"acf":[],"yoast_head":"<!-- This site is optimized with the Yoast SEO Premium plugin v27.1 (Yoast SEO v27.1) - https:\/\/yoast.com\/product\/yoast-seo-premium-wordpress\/ -->\n<title>\u00a1Los sindicatos dicen no a la violencia contra las mujeres! - industriall-union<\/title>\n<meta name=\"description\" content=\"Como sindicatos, estamos en la primera l\u00ednea de esta lucha. Una vez m\u00e1s, demostremos nuestra firme voluntad de hacer avanzar la igualdad de g\u00e9nero en el\" \/>\n<meta name=\"robots\" content=\"index, follow, max-snippet:-1, max-image-preview:large, max-video-preview:-1\" \/>\n<link rel=\"canonical\" href=\"https:\/\/admin.industriall-union.org\/es\/los-sindicatos-dicen-no-a-la-violencia-contra-las-mujeres\/\" \/>\n<meta property=\"og:locale\" content=\"es_ES\" \/>\n<meta property=\"og:type\" content=\"article\" \/>\n<meta property=\"og:title\" content=\"\u00a1Los sindicatos dicen no a la violencia contra las mujeres!\" \/>\n<meta property=\"og:description\" content=\"Como sindicatos, estamos en la primera l\u00ednea de esta lucha. Una vez m\u00e1s, demostremos nuestra firme voluntad de hacer avanzar la igualdad de g\u00e9nero en el\" \/>\n<meta property=\"og:url\" content=\"https:\/\/admin.industriall-union.org\/es\/los-sindicatos-dicen-no-a-la-violencia-contra-las-mujeres\/\" \/>\n<meta property=\"og:site_name\" content=\"industriall-union\" \/>\n<meta property=\"article:modified_time\" content=\"2025-02-03T20:25:19+00:00\" \/>\n<meta name=\"twitter:card\" content=\"summary_large_image\" \/>\n<meta name=\"twitter:label1\" content=\"Est. reading time\" \/>\n\t<meta name=\"twitter:data1\" content=\"1 minute\" \/>\n<script type=\"application\/ld+json\" class=\"yoast-schema-graph\">{\"@context\":\"https:\/\/schema.org\",\"@graph\":[{\"@type\":\"WebPage\",\"@id\":\"https:\/\/admin.industriall-union.org\/es\/los-sindicatos-dicen-no-a-la-violencia-contra-las-mujeres\/\",\"url\":\"https:\/\/admin.industriall-union.org\/es\/los-sindicatos-dicen-no-a-la-violencia-contra-las-mujeres\/\",\"name\":\"\u00a1Los sindicatos dicen no a la violencia contra las mujeres! - industriall-union\",\"isPartOf\":{\"@id\":\"https:\/\/admin.industriall-union.org\/#website\"},\"datePublished\":\"2019-02-28T12:48:27+00:00\",\"dateModified\":\"2025-02-03T20:25:19+00:00\",\"description\":\"Como sindicatos, estamos en la primera l\u00ednea de esta lucha. Una vez m\u00e1s, demostremos nuestra firme voluntad de hacer avanzar la igualdad de g\u00e9nero en el\",\"breadcrumb\":{\"@id\":\"https:\/\/admin.industriall-union.org\/es\/los-sindicatos-dicen-no-a-la-violencia-contra-las-mujeres\/#breadcrumb\"},\"inLanguage\":\"es-ES\",\"potentialAction\":[{\"@type\":\"ReadAction\",\"target\":[\"https:\/\/admin.industriall-union.org\/es\/los-sindicatos-dicen-no-a-la-violencia-contra-las-mujeres\/\"]}]},{\"@type\":\"BreadcrumbList\",\"@id\":\"https:\/\/admin.industriall-union.org\/es\/los-sindicatos-dicen-no-a-la-violencia-contra-las-mujeres\/#breadcrumb\",\"itemListElement\":[{\"@type\":\"ListItem\",\"position\":1,\"name\":\"Home\",\"item\":\"https:\/\/admin.industriall-union.org\/\"},{\"@type\":\"ListItem\",\"position\":2,\"name\":\"Articles\",\"item\":\"https:\/\/admin.industriall-union.org\/article\/\"},{\"@type\":\"ListItem\",\"position\":3,\"name\":\"\u00a1Los sindicatos dicen no a la violencia contra las mujeres!\"}]},{\"@type\":\"WebSite\",\"@id\":\"https:\/\/admin.industriall-union.org\/#website\",\"url\":\"https:\/\/admin.industriall-union.org\/\",\"name\":\"industriall-union\",\"description\":\"\",\"potentialAction\":[{\"@type\":\"SearchAction\",\"target\":{\"@type\":\"EntryPoint\",\"urlTemplate\":\"https:\/\/admin.industriall-union.org\/?s={search_term_string}\"},\"query-input\":{\"@type\":\"PropertyValueSpecification\",\"valueRequired\":true,\"valueName\":\"search_term_string\"}}],\"inLanguage\":\"es-ES\"}]}<\/script>\n<!-- \/ Yoast SEO Premium plugin. -->","yoast_head_json":{"title":"\u00a1Los sindicatos dicen no a la violencia contra las mujeres! - industriall-union","description":"Como sindicatos, estamos en la primera l\u00ednea de esta lucha. Una vez m\u00e1s, demostremos nuestra firme voluntad de hacer avanzar la igualdad de g\u00e9nero en el","robots":{"index":"index","follow":"follow","max-snippet":"max-snippet:-1","max-image-preview":"max-image-preview:large","max-video-preview":"max-video-preview:-1"},"canonical":"https:\/\/admin.industriall-union.org\/es\/los-sindicatos-dicen-no-a-la-violencia-contra-las-mujeres\/","og_locale":"es_ES","og_type":"article","og_title":"\u00a1Los sindicatos dicen no a la violencia contra las mujeres!","og_description":"Como sindicatos, estamos en la primera l\u00ednea de esta lucha. Una vez m\u00e1s, demostremos nuestra firme voluntad de hacer avanzar la igualdad de g\u00e9nero en el","og_url":"https:\/\/admin.industriall-union.org\/es\/los-sindicatos-dicen-no-a-la-violencia-contra-las-mujeres\/","og_site_name":"industriall-union","article_modified_time":"2025-02-03T20:25:19+00:00","twitter_card":"summary_large_image","twitter_misc":{"Est. reading time":"1 minute"},"schema":{"@context":"https:\/\/schema.org","@graph":[{"@type":"WebPage","@id":"https:\/\/admin.industriall-union.org\/es\/los-sindicatos-dicen-no-a-la-violencia-contra-las-mujeres\/","url":"https:\/\/admin.industriall-union.org\/es\/los-sindicatos-dicen-no-a-la-violencia-contra-las-mujeres\/","name":"\u00a1Los sindicatos dicen no a la violencia contra las mujeres! - industriall-union","isPartOf":{"@id":"https:\/\/admin.industriall-union.org\/#website"},"datePublished":"2019-02-28T12:48:27+00:00","dateModified":"2025-02-03T20:25:19+00:00","description":"Como sindicatos, estamos en la primera l\u00ednea de esta lucha. Una vez m\u00e1s, demostremos nuestra firme voluntad de hacer avanzar la igualdad de g\u00e9nero en el","breadcrumb":{"@id":"https:\/\/admin.industriall-union.org\/es\/los-sindicatos-dicen-no-a-la-violencia-contra-las-mujeres\/#breadcrumb"},"inLanguage":"es-ES","potentialAction":[{"@type":"ReadAction","target":["https:\/\/admin.industriall-union.org\/es\/los-sindicatos-dicen-no-a-la-violencia-contra-las-mujeres\/"]}]},{"@type":"BreadcrumbList","@id":"https:\/\/admin.industriall-union.org\/es\/los-sindicatos-dicen-no-a-la-violencia-contra-las-mujeres\/#breadcrumb","itemListElement":[{"@type":"ListItem","position":1,"name":"Home","item":"https:\/\/admin.industriall-union.org\/"},{"@type":"ListItem","position":2,"name":"Articles","item":"https:\/\/admin.industriall-union.org\/article\/"},{"@type":"ListItem","position":3,"name":"\u00a1Los sindicatos dicen no a la violencia contra las mujeres!"}]},{"@type":"WebSite","@id":"https:\/\/admin.industriall-union.org\/#website","url":"https:\/\/admin.industriall-union.org\/","name":"industriall-union","description":"","potentialAction":[{"@type":"SearchAction","target":{"@type":"EntryPoint","urlTemplate":"https:\/\/admin.industriall-union.org\/?s={search_term_string}"},"query-input":{"@type":"PropertyValueSpecification","valueRequired":true,"valueName":"search_term_string"}}],"inLanguage":"es-ES"}]}},"_links":{"self":[{"href":"https:\/\/admin.industriall-union.org\/es\/wp-json\/wp\/v2\/article\/160754","targetHints":{"allow":["GET"]}}],"collection":[{"href":"https:\/\/admin.industriall-union.org\/es\/wp-json\/wp\/v2\/article"}],"about":[{"href":"https:\/\/admin.industriall-union.org\/es\/wp-json\/wp\/v2\/types\/article"}],"wp:attachment":[{"href":"https:\/\/admin.industriall-union.org\/es\/wp-json\/wp\/v2\/media?parent=160754"}],"wp:term":[{"taxonomy":"issues","embeddable":true,"href":"https:\/\/admin.industriall-union.org\/es\/wp-json\/wp\/v2\/issues?post=160754"},{"taxonomy":"companies","embeddable":true,"href":"https:\/\/admin.industriall-union.org\/es\/wp-json\/wp\/v2\/companies?post=160754"},{"taxonomy":"regions","embeddable":true,"href":"https:\/\/admin.industriall-union.org\/es\/wp-json\/wp\/v2\/regions?post=160754"},{"taxonomy":"sectors","embeddable":true,"href":"https:\/\/admin.industriall-union.org\/es\/wp-json\/wp\/v2\/sectors?post=160754"},{"taxonomy":"article_tags","embeddable":true,"href":"https:\/\/admin.industriall-union.org\/es\/wp-json\/wp\/v2\/article_tags?post=160754"}],"curies":[{"name":"wp","href":"https:\/\/api.w.org\/{rel}","templated":true}]}}