{"id":160614,"date":"2019-04-17T13:53:18","date_gmt":"2019-04-17T13:53:18","guid":{"rendered":"https:\/\/admin.industriall-union.org\/es-hora-de-actuar-sobre-el-trabajo-decente-para-todos-los-trabajadores-de-desechos-e\/"},"modified":"2025-02-03T18:50:13","modified_gmt":"2025-02-03T18:50:13","slug":"es-hora-de-actuar-sobre-el-trabajo-decente-para-todos-los-trabajadores-de-desechos-e","status":"publish","type":"article","link":"https:\/\/admin.industriall-union.org\/es\/es-hora-de-actuar-sobre-el-trabajo-decente-para-todos-los-trabajadores-de-desechos-e\/","title":{"rendered":"Es hora de actuar sobre el trabajo decente para todos los trabajadores de desechos-e"},"content":{"rendered":"<p><u><em>Este v\u00eddeo de la Asociaci\u00f3n de Mujeres Aut\u00f3nomas de la India muestra las realidades del procesamiento de desechos electr\u00f3nicos.<\/em><\/u><\/p><p><iframe loading=\"lazy\" title=\"E-waste recyclers In Bhavnagar, India\" width=\"500\" height=\"281\" src=\"https:\/\/www.youtube.com\/embed\/V2fU2QKljYs?feature=oembed\" frameborder=\"0\" allow=\"accelerometer; autoplay; clipboard-write; encrypted-media; gyroscope; picture-in-picture; web-share\" referrerpolicy=\"strict-origin-when-cross-origin\" allowfullscreen><\/iframe><\/p><p>El Foro de Di\u00e1logo Global sobre Trabajo Decente en la Gesti\u00f3n de Desechos El\u00e9ctricos y Electr\u00f3nicos (desechos-e) tuvo lugar del 9 al 11 de abril de 2019. La finalidad del Foro es discutir las cuestiones actuales y emergentes relacionadas con la promoci\u00f3n del trabajo decente en la gesti\u00f3n de desechos electr\u00f3nicos, con el objetivo de adoptar puntos de consenso, con inclusi\u00f3n de recomendaciones sobre la futura acci\u00f3n de la Organizaci\u00f3n Internacional del Trabajo (OIT) y sus miembros.<\/p><p><br \/>La IndustriALL Global Union, bajo los auspicios de la Confederaci\u00f3n Sindical Internacional, coordin\u00f3 la participaci\u00f3n de expertos sindicales de los seis pa\u00edses siguientes: Dinamarca, India, Jap\u00f3n, Rusia, Suecia y Reino Unido.<\/p><p><br \/>La industria de desechos electr\u00f3nicos es la principal y cada vez mayor fuente de desechos. Es peligrosa y compleja y de costoso tratamiento en forma ambientalmente racional, y todav\u00eda hay una carencia general de legislaci\u00f3n o de cumplimiento en muchos pa\u00edses. La mayor parte del trabajo con desechos electr\u00f3nicos se realiza en pa\u00edses en desarrollo en la econom\u00eda informal. En estas circunstancias, se ha informado a la IndustriALL, especialmente por pa\u00edses en desarrollo, de los problemas de los trabajadores de desechos electr\u00f3nicos, como la violaci\u00f3n de sus derechos fundamentales, el trabajo infantil, las condiciones de trabajo precario, y la falta de salud y seguridad.<\/p><p><br \/>Las cadenas de suministro que proveen a la industria el\u00e9ctrica y electr\u00f3nica de las TIC son casa vez m\u00e1s largas y complejas, a medida que la tecnolog\u00eda invade todas las esferas de nuestra vida, y seguir\u00e1n impulsando a la industria de desechos electr\u00f3nicos. Todas las partes interesadas de la cadena de suministro tienen la responsabilidad de proporcionar &#8211; y los trabajadores el derecho de esperar &#8211; empleos, seguros, saludables, limpios y sostenibles. Los problemas y los desaf\u00edos de los trabajadores de desechos electr\u00f3nicos se centraron en el Foro en la econom\u00eda circular y en las formas de promover el trabajo decente en la industria.<\/p><figure class=\"imageArticle imageFull colorOverlay\"><img decoding=\"async\" alt=\"\" src=\"\/wp-content\/uploads\/images\/2019\/SWITZERLAND\/EWaste\/screen_shot_2019-04-17_at_16.01.22.png\" style=\"width: 3598px;height: 1828px\" \/><figcaption class=\"imageContent\"><div class=\"imageTitle\"><h1>&ldquo;Los trabajadores que manipulan desechos electr\u00f3nicos no tienen voz ni poder de negociaci\u00f3n y rompen materiales peligrosos con sus manos. &rdquo;<\/h1><\/div><div class=\"imageCaption\"><p>James Towers, el vicepresidente que representa al grupo de los trabajadores<\/p><\/div><\/figcaption><\/figure><p>&ldquo;Los trabajadores que manipulan desechos electr\u00f3nicos no tienen voz ni poder de negociaci\u00f3n, y rompen materiales peligrosos con sus manos. Adem\u00e1s, esos trabajadores desconocen los numerosos riesgos asociados con la manipulaci\u00f3n de desechos electr\u00f3nicos&quot;, dijo James Towers, el vicepresidente que representa al grupo de los trabajadores.<\/p><blockquote><p>&ldquo;Nosotros, los trabajadores, queremos un futuro laboral con pr\u00e1cticas de trabajo correctas y una Transici\u00f3n justa para los trabajadores de desechos electr\u00f3nicos.&quot;<\/p><\/blockquote><p>Kan Matsuzaki, director en la IndustriALL de las TIC, la electricidad y la electr\u00f3nica, dijo:<\/p><blockquote><p>&ldquo;Esta es la primera reuni\u00f3n en que empleadores, gobiernos y trabajadores comparten profundamente los problemas y los desaf\u00edos sobre el fondo de los desechos electr\u00f3nicos y han llegado constructivamente a puntos provisionales de consenso que cubren las preocupaciones de los trabajadores. Se trata de paso importante hacia un futuro sostenible. &iexcl;Es hora de actuar para lograr un trabajo decente para todos los trabajadores de desechos electr\u00f3nicos!&rdquo;<\/p><\/blockquote><p><strong>Relacionado<\/strong><\/p><ul><li><a href=\"https:\/\/www.ilo.org\/wcmsp5\/groups\/public\/---ed_dialogue\/---sector\/documents\/meetingdocument\/wcms_685681.pdf\">Draft points of consensus<\/a><\/li><li><a href=\"https:\/\/www.ilo.org\/sector\/news\/WCMS_685561\/lang--en\/index.htm\">ILO&rsquo;s first ever meeting on e-waste adopts Points of Consensus to promote decent work in the sector<\/a><\/li><\/ul>","protected":false},"featured_media":0,"template":"","issues":[],"companies":[],"regions":[202,248],"sectors":[490],"article_tags":[],"class_list":["post-160614","article","type-article","status-publish","hentry","regions-europe","regions-switzerland","sectors-ict-electrical-and-electronics"],"acf":[],"yoast_head":"<!-- This site is optimized with the Yoast SEO Premium plugin v27.1 (Yoast SEO v27.1) - https:\/\/yoast.com\/product\/yoast-seo-premium-wordpress\/ -->\n<title>Es hora de actuar sobre el trabajo decente para todos los trabajadores de desechos-e - industriall-union<\/title>\n<meta name=\"description\" content=\"Este v\u00eddeo de la Asociaci\u00f3n de Mujeres Aut\u00f3nomas de la India muestra las realidades del procesamiento de desechos\" \/>\n<meta name=\"robots\" content=\"index, follow, max-snippet:-1, max-image-preview:large, max-video-preview:-1\" \/>\n<link rel=\"canonical\" href=\"https:\/\/admin.industriall-union.org\/es\/es-hora-de-actuar-sobre-el-trabajo-decente-para-todos-los-trabajadores-de-desechos-e\/\" \/>\n<meta property=\"og:locale\" content=\"es_ES\" \/>\n<meta property=\"og:type\" content=\"article\" \/>\n<meta property=\"og:title\" content=\"Es hora de actuar sobre el trabajo decente para todos los trabajadores de desechos-e\" \/>\n<meta property=\"og:description\" content=\"Este v\u00eddeo de la Asociaci\u00f3n de Mujeres Aut\u00f3nomas de la India muestra las realidades del procesamiento de desechos\" \/>\n<meta property=\"og:url\" content=\"https:\/\/admin.industriall-union.org\/es\/es-hora-de-actuar-sobre-el-trabajo-decente-para-todos-los-trabajadores-de-desechos-e\/\" \/>\n<meta property=\"og:site_name\" content=\"industriall-union\" \/>\n<meta property=\"article:modified_time\" content=\"2025-02-03T18:50:13+00:00\" \/>\n<meta name=\"twitter:card\" content=\"summary_large_image\" \/>\n<meta name=\"twitter:label1\" content=\"Est. reading time\" \/>\n\t<meta name=\"twitter:data1\" content=\"3 minutes\" \/>\n<script type=\"application\/ld+json\" class=\"yoast-schema-graph\">{\"@context\":\"https:\/\/schema.org\",\"@graph\":[{\"@type\":\"WebPage\",\"@id\":\"https:\/\/admin.industriall-union.org\/es\/es-hora-de-actuar-sobre-el-trabajo-decente-para-todos-los-trabajadores-de-desechos-e\/\",\"url\":\"https:\/\/admin.industriall-union.org\/es\/es-hora-de-actuar-sobre-el-trabajo-decente-para-todos-los-trabajadores-de-desechos-e\/\",\"name\":\"Es hora de actuar sobre el trabajo decente para todos los trabajadores de desechos-e - industriall-union\",\"isPartOf\":{\"@id\":\"https:\/\/admin.industriall-union.org\/#website\"},\"datePublished\":\"2019-04-17T13:53:18+00:00\",\"dateModified\":\"2025-02-03T18:50:13+00:00\",\"description\":\"Este v\u00eddeo de la Asociaci\u00f3n de Mujeres Aut\u00f3nomas de la India muestra las realidades del procesamiento de desechos\",\"breadcrumb\":{\"@id\":\"https:\/\/admin.industriall-union.org\/es\/es-hora-de-actuar-sobre-el-trabajo-decente-para-todos-los-trabajadores-de-desechos-e\/#breadcrumb\"},\"inLanguage\":\"es-ES\",\"potentialAction\":[{\"@type\":\"ReadAction\",\"target\":[\"https:\/\/admin.industriall-union.org\/es\/es-hora-de-actuar-sobre-el-trabajo-decente-para-todos-los-trabajadores-de-desechos-e\/\"]}]},{\"@type\":\"BreadcrumbList\",\"@id\":\"https:\/\/admin.industriall-union.org\/es\/es-hora-de-actuar-sobre-el-trabajo-decente-para-todos-los-trabajadores-de-desechos-e\/#breadcrumb\",\"itemListElement\":[{\"@type\":\"ListItem\",\"position\":1,\"name\":\"Home\",\"item\":\"https:\/\/admin.industriall-union.org\/\"},{\"@type\":\"ListItem\",\"position\":2,\"name\":\"Articles\",\"item\":\"https:\/\/admin.industriall-union.org\/article\/\"},{\"@type\":\"ListItem\",\"position\":3,\"name\":\"Es hora de actuar sobre el trabajo decente para todos los trabajadores de desechos-e\"}]},{\"@type\":\"WebSite\",\"@id\":\"https:\/\/admin.industriall-union.org\/#website\",\"url\":\"https:\/\/admin.industriall-union.org\/\",\"name\":\"industriall-union\",\"description\":\"\",\"potentialAction\":[{\"@type\":\"SearchAction\",\"target\":{\"@type\":\"EntryPoint\",\"urlTemplate\":\"https:\/\/admin.industriall-union.org\/?s={search_term_string}\"},\"query-input\":{\"@type\":\"PropertyValueSpecification\",\"valueRequired\":true,\"valueName\":\"search_term_string\"}}],\"inLanguage\":\"es-ES\"}]}<\/script>\n<!-- \/ Yoast SEO Premium plugin. -->","yoast_head_json":{"title":"Es hora de actuar sobre el trabajo decente para todos los trabajadores de desechos-e - industriall-union","description":"Este v\u00eddeo de la Asociaci\u00f3n de Mujeres Aut\u00f3nomas de la India muestra las realidades del procesamiento de desechos","robots":{"index":"index","follow":"follow","max-snippet":"max-snippet:-1","max-image-preview":"max-image-preview:large","max-video-preview":"max-video-preview:-1"},"canonical":"https:\/\/admin.industriall-union.org\/es\/es-hora-de-actuar-sobre-el-trabajo-decente-para-todos-los-trabajadores-de-desechos-e\/","og_locale":"es_ES","og_type":"article","og_title":"Es hora de actuar sobre el trabajo decente para todos los trabajadores de desechos-e","og_description":"Este v\u00eddeo de la Asociaci\u00f3n de Mujeres Aut\u00f3nomas de la India muestra las realidades del procesamiento de desechos","og_url":"https:\/\/admin.industriall-union.org\/es\/es-hora-de-actuar-sobre-el-trabajo-decente-para-todos-los-trabajadores-de-desechos-e\/","og_site_name":"industriall-union","article_modified_time":"2025-02-03T18:50:13+00:00","twitter_card":"summary_large_image","twitter_misc":{"Est. reading time":"3 minutes"},"schema":{"@context":"https:\/\/schema.org","@graph":[{"@type":"WebPage","@id":"https:\/\/admin.industriall-union.org\/es\/es-hora-de-actuar-sobre-el-trabajo-decente-para-todos-los-trabajadores-de-desechos-e\/","url":"https:\/\/admin.industriall-union.org\/es\/es-hora-de-actuar-sobre-el-trabajo-decente-para-todos-los-trabajadores-de-desechos-e\/","name":"Es hora de actuar sobre el trabajo decente para todos los trabajadores de desechos-e - industriall-union","isPartOf":{"@id":"https:\/\/admin.industriall-union.org\/#website"},"datePublished":"2019-04-17T13:53:18+00:00","dateModified":"2025-02-03T18:50:13+00:00","description":"Este v\u00eddeo de la Asociaci\u00f3n de Mujeres Aut\u00f3nomas de la India muestra las realidades del procesamiento de desechos","breadcrumb":{"@id":"https:\/\/admin.industriall-union.org\/es\/es-hora-de-actuar-sobre-el-trabajo-decente-para-todos-los-trabajadores-de-desechos-e\/#breadcrumb"},"inLanguage":"es-ES","potentialAction":[{"@type":"ReadAction","target":["https:\/\/admin.industriall-union.org\/es\/es-hora-de-actuar-sobre-el-trabajo-decente-para-todos-los-trabajadores-de-desechos-e\/"]}]},{"@type":"BreadcrumbList","@id":"https:\/\/admin.industriall-union.org\/es\/es-hora-de-actuar-sobre-el-trabajo-decente-para-todos-los-trabajadores-de-desechos-e\/#breadcrumb","itemListElement":[{"@type":"ListItem","position":1,"name":"Home","item":"https:\/\/admin.industriall-union.org\/"},{"@type":"ListItem","position":2,"name":"Articles","item":"https:\/\/admin.industriall-union.org\/article\/"},{"@type":"ListItem","position":3,"name":"Es hora de actuar sobre el trabajo decente para todos los trabajadores de desechos-e"}]},{"@type":"WebSite","@id":"https:\/\/admin.industriall-union.org\/#website","url":"https:\/\/admin.industriall-union.org\/","name":"industriall-union","description":"","potentialAction":[{"@type":"SearchAction","target":{"@type":"EntryPoint","urlTemplate":"https:\/\/admin.industriall-union.org\/?s={search_term_string}"},"query-input":{"@type":"PropertyValueSpecification","valueRequired":true,"valueName":"search_term_string"}}],"inLanguage":"es-ES"}]}},"_links":{"self":[{"href":"https:\/\/admin.industriall-union.org\/es\/wp-json\/wp\/v2\/article\/160614","targetHints":{"allow":["GET"]}}],"collection":[{"href":"https:\/\/admin.industriall-union.org\/es\/wp-json\/wp\/v2\/article"}],"about":[{"href":"https:\/\/admin.industriall-union.org\/es\/wp-json\/wp\/v2\/types\/article"}],"wp:attachment":[{"href":"https:\/\/admin.industriall-union.org\/es\/wp-json\/wp\/v2\/media?parent=160614"}],"wp:term":[{"taxonomy":"issues","embeddable":true,"href":"https:\/\/admin.industriall-union.org\/es\/wp-json\/wp\/v2\/issues?post=160614"},{"taxonomy":"companies","embeddable":true,"href":"https:\/\/admin.industriall-union.org\/es\/wp-json\/wp\/v2\/companies?post=160614"},{"taxonomy":"regions","embeddable":true,"href":"https:\/\/admin.industriall-union.org\/es\/wp-json\/wp\/v2\/regions?post=160614"},{"taxonomy":"sectors","embeddable":true,"href":"https:\/\/admin.industriall-union.org\/es\/wp-json\/wp\/v2\/sectors?post=160614"},{"taxonomy":"article_tags","embeddable":true,"href":"https:\/\/admin.industriall-union.org\/es\/wp-json\/wp\/v2\/article_tags?post=160614"}],"curies":[{"name":"wp","href":"https:\/\/api.w.org\/{rel}","templated":true}]}}