{"id":160549,"date":"2019-04-29T17:22:03","date_gmt":"2019-04-29T17:22:03","guid":{"rendered":"https:\/\/admin.industriall-union.org\/reforma-laboral-promete-mayor-democracia-sindical-en-mexico\/"},"modified":"2025-02-03T18:28:47","modified_gmt":"2025-02-03T18:28:47","slug":"reforma-laboral-promete-mayor-democracia-sindical-en-mexico","status":"publish","type":"article","link":"https:\/\/admin.industriall-union.org\/es\/reforma-laboral-promete-mayor-democracia-sindical-en-mexico\/","title":{"rendered":"Reforma laboral promete mayor democracia sindical en M\u00e9xico"},"content":{"rendered":"<p>El Pleno de la C\u00e1mara de Diputados aprob\u00f3 la reforma laboral el 11 de abril y la C\u00e1mara de Senadores la aprob\u00f3, tanto en lo general como&nbsp;en lo particular, ayer&nbsp;29 de abril. Luego fue enviada al Poder Ejecutivo para su promulgaci\u00f3n.<\/p><p>Al implementarse, cambiar\u00e1 por completo el modelo de relaciones laborales y los trabajadores gozar\u00e1n de mejor acceso a la justicia laboral, &nbsp;a ejercer la libertad de asociaci\u00f3n y &nbsp;a conformar sindicatos democr\u00e1ticos.<\/p><p>La reforma establece que ser\u00e1n los trabajadores quienes decidir\u00e1n a qu\u00e9 sindicato pertenecer y qui\u00e9nes ser\u00e1n los dirigentes que los representar\u00e1n, mediante voto personal, libre, secreto y directo.<\/p><p>Durante muchos a\u00f1os (cuando hab\u00eda voto) se hac\u00eda a mano alzada, delante de los sindicatos &ldquo;charros&rdquo; (que no defend\u00edan a los trabajadores, sino a las empresas) con sus golpeadores presentes, lo cual generaba muchas presiones y no permit\u00eda que las personas eligieran con libertad.<\/p><p>Los contratos colectivos se tendr\u00e1n que consultar con los trabajadores, tanto el contrato inicial, como en la negociaci\u00f3n colectiva realizada cada dos a\u00f1os. Tambi\u00e9n ser\u00e1 por voto libre, personal y secreto, lo que ayudar\u00e1 a eliminar los denominados &ldquo;contratos de protecci\u00f3n patronal&rdquo;.<\/p><p>A su vez, se crear\u00e1 el Centro Federal de Conciliaci\u00f3n y Registro Laboral (CFCRL), un organismo p\u00fablico, descentralizado que estar\u00e1 a cargo de registrar a nivel nacional los contratos colectivos y las organizaciones sindicales.<\/p><p>Por mucho tiempo,&nbsp;el Gobierno Federal, los empleadores y sindicatos charros controlaban a qui\u00e9n les conven\u00eda darles el registro sindical, a trav\u00e9s de las Juntas de Conciliaci\u00f3n y Arbitraje. Predominaban los intereses pol\u00edticos y econ\u00f3micos por sobre los deseos de los trabajadores. Ahora, se sustituir\u00e1n las Juntas por Tribunales Laborales dentro del Poder Judicial y se prometen juicios m\u00e1s cortos, expeditos y eficientes.<\/p><p>A\u00fan as\u00ed, la Reforma Laboral provoca muchos debates entre los sindicatos porque no toma en cuenta algunos puntos fundamentales para los trabajadores y trabajadoras de M\u00e9xico. &nbsp;En particular, no toca los art\u00edculos relacionados con el &ldquo;outsourcing&rdquo; (subcontrataci\u00f3n) que es un verdadero problema para los trabajadores y sus derechos.<\/p><p>Seg\u00fan el Senador de M\u00e9xico,&nbsp;presidente del sindicato de trabajadores Los Mineros (afiliado a IndustriALL Global Union) y&nbsp;co-presidente de IndustriALL &#8211; Am\u00e9rica Latina y el Caribe, Napole\u00f3n G\u00f3mez Urrutia,&nbsp;continuar\u00e1 la discusi\u00f3n y el an\u00e1lisis de temas como el outsourcing para que puedan ser impulsados en otro periodo de sesiones.<\/p><p>Por su parte,&nbsp;el secretario general de IndustriALL Global Union, Valter Sanches, expres\u00f3:<\/p><blockquote><p>&ldquo;Es&nbsp;importante esclarecerle a nuestros afiliados del mundo que se abre una gran posibilidad de democratizaci\u00f3n del movimiento sindical mexicano. Con la reforma, pr\u00e1cticamente se prohibir\u00e1 la pr\u00e1ctica de contractos colectivos de protecci\u00f3n, porque los contractos deber\u00e1n ser votados por los trabajadores&rdquo;<\/p><\/blockquote>","protected":false},"featured_media":0,"template":"","issues":[422,425],"companies":[],"regions":[254,275],"sectors":[],"article_tags":[513],"class_list":["post-160549","article","type-article","status-publish","hentry","issues-human-trade-union-rights","issues-workers-rights","regions-latin-america-and-the-caribbean","regions-mexico","article_tags-labour-laws"],"acf":[],"yoast_head":"<!-- This site is optimized with the Yoast SEO Premium plugin v27.1 (Yoast SEO v27.1) - https:\/\/yoast.com\/product\/yoast-seo-premium-wordpress\/ -->\n<title>Reforma laboral promete mayor democracia sindical en M\u00e9xico - industriall-union<\/title>\n<meta name=\"description\" content=\"El Pleno de la C\u00e1mara de Diputados aprob\u00f3 la reforma laboral el 11 de abril y la C\u00e1mara de Senadores la aprob\u00f3, tanto en lo general como&nbsp;en lo\" \/>\n<meta name=\"robots\" content=\"index, follow, max-snippet:-1, max-image-preview:large, max-video-preview:-1\" \/>\n<link rel=\"canonical\" href=\"https:\/\/admin.industriall-union.org\/es\/reforma-laboral-promete-mayor-democracia-sindical-en-mexico\/\" \/>\n<meta property=\"og:locale\" content=\"es_ES\" \/>\n<meta property=\"og:type\" content=\"article\" \/>\n<meta property=\"og:title\" content=\"Reforma laboral promete mayor democracia sindical en M\u00e9xico\" \/>\n<meta property=\"og:description\" content=\"El Pleno de la C\u00e1mara de Diputados aprob\u00f3 la reforma laboral el 11 de abril y la C\u00e1mara de Senadores la aprob\u00f3, tanto en lo general como&nbsp;en lo\" \/>\n<meta property=\"og:url\" content=\"https:\/\/admin.industriall-union.org\/es\/reforma-laboral-promete-mayor-democracia-sindical-en-mexico\/\" \/>\n<meta property=\"og:site_name\" content=\"industriall-union\" \/>\n<meta property=\"article:modified_time\" content=\"2025-02-03T18:28:47+00:00\" \/>\n<meta name=\"twitter:card\" content=\"summary_large_image\" \/>\n<meta name=\"twitter:label1\" content=\"Est. reading time\" \/>\n\t<meta name=\"twitter:data1\" content=\"3 minutes\" \/>\n<script type=\"application\/ld+json\" class=\"yoast-schema-graph\">{\"@context\":\"https:\/\/schema.org\",\"@graph\":[{\"@type\":\"WebPage\",\"@id\":\"https:\/\/admin.industriall-union.org\/es\/reforma-laboral-promete-mayor-democracia-sindical-en-mexico\/\",\"url\":\"https:\/\/admin.industriall-union.org\/es\/reforma-laboral-promete-mayor-democracia-sindical-en-mexico\/\",\"name\":\"Reforma laboral promete mayor democracia sindical en M\u00e9xico - industriall-union\",\"isPartOf\":{\"@id\":\"https:\/\/admin.industriall-union.org\/#website\"},\"datePublished\":\"2019-04-29T17:22:03+00:00\",\"dateModified\":\"2025-02-03T18:28:47+00:00\",\"description\":\"El Pleno de la C\u00e1mara de Diputados aprob\u00f3 la reforma laboral el 11 de abril y la C\u00e1mara de Senadores la aprob\u00f3, tanto en lo general como&nbsp;en lo\",\"breadcrumb\":{\"@id\":\"https:\/\/admin.industriall-union.org\/es\/reforma-laboral-promete-mayor-democracia-sindical-en-mexico\/#breadcrumb\"},\"inLanguage\":\"es-ES\",\"potentialAction\":[{\"@type\":\"ReadAction\",\"target\":[\"https:\/\/admin.industriall-union.org\/es\/reforma-laboral-promete-mayor-democracia-sindical-en-mexico\/\"]}]},{\"@type\":\"BreadcrumbList\",\"@id\":\"https:\/\/admin.industriall-union.org\/es\/reforma-laboral-promete-mayor-democracia-sindical-en-mexico\/#breadcrumb\",\"itemListElement\":[{\"@type\":\"ListItem\",\"position\":1,\"name\":\"Home\",\"item\":\"https:\/\/admin.industriall-union.org\/\"},{\"@type\":\"ListItem\",\"position\":2,\"name\":\"Articles\",\"item\":\"https:\/\/admin.industriall-union.org\/article\/\"},{\"@type\":\"ListItem\",\"position\":3,\"name\":\"Reforma laboral promete mayor democracia sindical en M\u00e9xico\"}]},{\"@type\":\"WebSite\",\"@id\":\"https:\/\/admin.industriall-union.org\/#website\",\"url\":\"https:\/\/admin.industriall-union.org\/\",\"name\":\"industriall-union\",\"description\":\"\",\"potentialAction\":[{\"@type\":\"SearchAction\",\"target\":{\"@type\":\"EntryPoint\",\"urlTemplate\":\"https:\/\/admin.industriall-union.org\/?s={search_term_string}\"},\"query-input\":{\"@type\":\"PropertyValueSpecification\",\"valueRequired\":true,\"valueName\":\"search_term_string\"}}],\"inLanguage\":\"es-ES\"}]}<\/script>\n<!-- \/ Yoast SEO Premium plugin. -->","yoast_head_json":{"title":"Reforma laboral promete mayor democracia sindical en M\u00e9xico - industriall-union","description":"El Pleno de la C\u00e1mara de Diputados aprob\u00f3 la reforma laboral el 11 de abril y la C\u00e1mara de Senadores la aprob\u00f3, tanto en lo general como&nbsp;en lo","robots":{"index":"index","follow":"follow","max-snippet":"max-snippet:-1","max-image-preview":"max-image-preview:large","max-video-preview":"max-video-preview:-1"},"canonical":"https:\/\/admin.industriall-union.org\/es\/reforma-laboral-promete-mayor-democracia-sindical-en-mexico\/","og_locale":"es_ES","og_type":"article","og_title":"Reforma laboral promete mayor democracia sindical en M\u00e9xico","og_description":"El Pleno de la C\u00e1mara de Diputados aprob\u00f3 la reforma laboral el 11 de abril y la C\u00e1mara de Senadores la aprob\u00f3, tanto en lo general como&nbsp;en lo","og_url":"https:\/\/admin.industriall-union.org\/es\/reforma-laboral-promete-mayor-democracia-sindical-en-mexico\/","og_site_name":"industriall-union","article_modified_time":"2025-02-03T18:28:47+00:00","twitter_card":"summary_large_image","twitter_misc":{"Est. reading time":"3 minutes"},"schema":{"@context":"https:\/\/schema.org","@graph":[{"@type":"WebPage","@id":"https:\/\/admin.industriall-union.org\/es\/reforma-laboral-promete-mayor-democracia-sindical-en-mexico\/","url":"https:\/\/admin.industriall-union.org\/es\/reforma-laboral-promete-mayor-democracia-sindical-en-mexico\/","name":"Reforma laboral promete mayor democracia sindical en M\u00e9xico - industriall-union","isPartOf":{"@id":"https:\/\/admin.industriall-union.org\/#website"},"datePublished":"2019-04-29T17:22:03+00:00","dateModified":"2025-02-03T18:28:47+00:00","description":"El Pleno de la C\u00e1mara de Diputados aprob\u00f3 la reforma laboral el 11 de abril y la C\u00e1mara de Senadores la aprob\u00f3, tanto en lo general como&nbsp;en lo","breadcrumb":{"@id":"https:\/\/admin.industriall-union.org\/es\/reforma-laboral-promete-mayor-democracia-sindical-en-mexico\/#breadcrumb"},"inLanguage":"es-ES","potentialAction":[{"@type":"ReadAction","target":["https:\/\/admin.industriall-union.org\/es\/reforma-laboral-promete-mayor-democracia-sindical-en-mexico\/"]}]},{"@type":"BreadcrumbList","@id":"https:\/\/admin.industriall-union.org\/es\/reforma-laboral-promete-mayor-democracia-sindical-en-mexico\/#breadcrumb","itemListElement":[{"@type":"ListItem","position":1,"name":"Home","item":"https:\/\/admin.industriall-union.org\/"},{"@type":"ListItem","position":2,"name":"Articles","item":"https:\/\/admin.industriall-union.org\/article\/"},{"@type":"ListItem","position":3,"name":"Reforma laboral promete mayor democracia sindical en M\u00e9xico"}]},{"@type":"WebSite","@id":"https:\/\/admin.industriall-union.org\/#website","url":"https:\/\/admin.industriall-union.org\/","name":"industriall-union","description":"","potentialAction":[{"@type":"SearchAction","target":{"@type":"EntryPoint","urlTemplate":"https:\/\/admin.industriall-union.org\/?s={search_term_string}"},"query-input":{"@type":"PropertyValueSpecification","valueRequired":true,"valueName":"search_term_string"}}],"inLanguage":"es-ES"}]}},"_links":{"self":[{"href":"https:\/\/admin.industriall-union.org\/es\/wp-json\/wp\/v2\/article\/160549","targetHints":{"allow":["GET"]}}],"collection":[{"href":"https:\/\/admin.industriall-union.org\/es\/wp-json\/wp\/v2\/article"}],"about":[{"href":"https:\/\/admin.industriall-union.org\/es\/wp-json\/wp\/v2\/types\/article"}],"wp:attachment":[{"href":"https:\/\/admin.industriall-union.org\/es\/wp-json\/wp\/v2\/media?parent=160549"}],"wp:term":[{"taxonomy":"issues","embeddable":true,"href":"https:\/\/admin.industriall-union.org\/es\/wp-json\/wp\/v2\/issues?post=160549"},{"taxonomy":"companies","embeddable":true,"href":"https:\/\/admin.industriall-union.org\/es\/wp-json\/wp\/v2\/companies?post=160549"},{"taxonomy":"regions","embeddable":true,"href":"https:\/\/admin.industriall-union.org\/es\/wp-json\/wp\/v2\/regions?post=160549"},{"taxonomy":"sectors","embeddable":true,"href":"https:\/\/admin.industriall-union.org\/es\/wp-json\/wp\/v2\/sectors?post=160549"},{"taxonomy":"article_tags","embeddable":true,"href":"https:\/\/admin.industriall-union.org\/es\/wp-json\/wp\/v2\/article_tags?post=160549"}],"curies":[{"name":"wp","href":"https:\/\/api.w.org\/{rel}","templated":true}]}}