{"id":160403,"date":"2019-05-16T09:38:30","date_gmt":"2019-05-16T09:38:30","guid":{"rendered":"https:\/\/admin.industriall-union.org\/en-este-ano-han-muerto-27-mineros-en-accidentes-fatales-en-pakistan\/"},"modified":"2025-02-03T17:58:43","modified_gmt":"2025-02-03T17:58:43","slug":"en-este-ano-han-muerto-27-mineros-en-accidentes-fatales-en-pakistan","status":"publish","type":"article","link":"https:\/\/admin.industriall-union.org\/es\/en-este-ano-han-muerto-27-mineros-en-accidentes-fatales-en-pakistan\/","title":{"rendered":"En este a\u00f1o han muerto 27 mineros en accidentes fatales en Pakist\u00e1n"},"content":{"rendered":"<p>Desde las minas de Pakist\u00e1n siguen llegando informes de terribles accidentes fatales. La mayor\u00eda de estos accidentes ocurrieron en Balochist\u00e1n, provincia con abundantes recursos minerales, y tambi\u00e9n en las provincias de Khyber Pakhtunkhwa y Sindh. <a href=\"http:\/\/www.industriall-union.org\/new-year-brings-fresh-tragedy-for-pakistans-coal-miners\">El a\u00f1o 2019 comenz\u00f3 tr\u00e1gicamente <\/a>para los mineros del carb\u00f3n, y actualmente esta tendencia contin\u00faa sin variar.<\/p><p>2018 fue uno de los a\u00f1os m\u00e1s fatales para los mineros del carb\u00f3n; en este sector se registr\u00f3 la muerte de 104 trabajadores\/as que se ganaban la vida en esta actividad. Entre 2010 y mayo de 2019, en aproximadamente 93 accidentes, se registr\u00f3 la muerte de por lo menos 414 mineros del carb\u00f3n. Esta informaci\u00f3n del n\u00famero de v\u00edctimas mortales proviene de las noticias recabadas en los medios de comunicaci\u00f3n, por lo tanto es muy posible que el n\u00famero real de casos fatales sea mucho mayor.<\/p><p>Muchos de estos accidentes tuvieron su origen en explosiones de gas que resultaron en quemaduras fatales y muertes por asfixia. En muchos casos, las explosiones tambi\u00e9n provocaron derrumbes de las minas. Debido a la falta total de medidas de seguridad, el rescate de las v\u00edctimas ha sido dif\u00edcil en casi todos los accidentes.<\/p><p>Pr\u00e1cticamente todas las v\u00edctimas de estos accidentes mineros son trabajadores\/as precarios, quienes se vieron obligados a trabajar en condiciones peligrosas por sueldos miserables. Estos trabajadores\/as no tienen contratos de trabajo escritos y, por lo general, no existen registros de su situaci\u00f3n laboral ni constancia de asistencia. No se proporciona capacitaci\u00f3n adecuada a los mineros del carb\u00f3n.<\/p><p>Un hecho espeluznante que demuestra el uso de m\u00e9todos primitivos de miner\u00eda es que los trabajadores\/as todav\u00eda usan aves enjauladas para detectar la presencia de gas t\u00f3xico en las minas. Adem\u00e1s de los accidentes fatales, los mineros enfrentan enfermedades ocupacionales como asma, neumoconiosis, bronquitis y otras enfermedades pulmonares.<\/p><p>Parecen haberse venido abajo los mecanismos del estado encargados de regular e inspeccionar las medidas de seguridad de las operaciones mineras: permanecen como espectadores mudos ante las incesantes tragedias. Los organismos estatales tambi\u00e9n sufren de falta de personal y de medidas de seguridad que puedan garantizar inspecciones adecuadas.<\/p><p><a href=\"https:\/\/www.dawn.com\/news\/1433241\">En septiembre de 2018, la Corte Suprema de Pakist\u00e1n<\/a> pidi\u00f3 a la administraci\u00f3n provincial de Balochist\u00e1n y Khyber Pakhtunkhwa presentar un informe, en respuesta a una petici\u00f3n para investigar las muertes de mineros del carb\u00f3n y aplicar leyes que regulen la seguridad de las minas. Sin embargo, parece que estas provincias no han respondido. Al parecer, la Comisi\u00f3n Nacional de Derechos Humanos de Pakist\u00e1n tambi\u00e9n ha tomado nota de los accidentes, pero el gobierno no ha tomado medidas significativas.<\/p><p>Por su parte, Kemal \u00d6zkan, secretario general adjunto de IndustriALL, afirm\u00f3:<\/p><blockquote><p>&nbsp;&ldquo;IndustriALL y su familia sindical mundial est\u00e1n indignados por esta matanza en las minas de Pakist\u00e1n que contin\u00faa sin cesar. Consideramos que esta situaci\u00f3n es completamente inaceptable. El nuevo gobierno, que ha prometido un &quot;Nuevo Pakist\u00e1n&quot;, debe actuar de inmediato, aplicando todos los medios para mejorar la seguridad y evitar la muerte de los mineros del carb\u00f3n. Es imprescindible que el gobierno ratifique e implemente inmediatamente el Convenio 176 de la OIT sobre seguridad y salud en las minas.<\/p><p>&ldquo;En marzo de 2018, IndustriALL, junto con sus afiliados, <a href=\"http:\/\/www.industriall-union.org\/industriall-launches-campaign-for-health-and-safety-in-pakistan-mines\">lanz\u00f3 una campa\u00f1a para mejorar la seguridad y salud en las minas<\/a>. Durante todo este a\u00f1o de 2019, vamos a intensificar esta importante campa\u00f1a&rdquo;.<\/p><\/blockquote>","protected":false},"featured_media":0,"template":"","issues":[403],"companies":[],"regions":[155,182],"sectors":[495,494],"article_tags":[528],"class_list":["post-160403","article","type-article","status-publish","hentry","issues-convention-176-mine-safety","regions-asia-pacific","regions-pakistan","sectors-mining","sectors-mining-and-dgojp","article_tags-south-asia"],"acf":[],"yoast_head":"<!-- This site is optimized with the Yoast SEO Premium plugin v27.1 (Yoast SEO v27.1) - https:\/\/yoast.com\/product\/yoast-seo-premium-wordpress\/ -->\n<title>En este a\u00f1o han muerto 27 mineros en accidentes fatales en Pakist\u00e1n - industriall-union<\/title>\n<meta name=\"description\" content=\"Desde las minas de Pakist\u00e1n siguen llegando informes de terribles accidentes fatales. La mayor\u00eda de estos accidentes ocurrieron en Balochist\u00e1n, provincia\" \/>\n<meta name=\"robots\" content=\"index, follow, max-snippet:-1, max-image-preview:large, max-video-preview:-1\" \/>\n<link rel=\"canonical\" href=\"https:\/\/admin.industriall-union.org\/es\/en-este-ano-han-muerto-27-mineros-en-accidentes-fatales-en-pakistan\/\" \/>\n<meta property=\"og:locale\" content=\"es_ES\" \/>\n<meta property=\"og:type\" content=\"article\" \/>\n<meta property=\"og:title\" content=\"En este a\u00f1o han muerto 27 mineros en accidentes fatales en Pakist\u00e1n\" \/>\n<meta property=\"og:description\" content=\"Desde las minas de Pakist\u00e1n siguen llegando informes de terribles accidentes fatales. La mayor\u00eda de estos accidentes ocurrieron en Balochist\u00e1n, provincia\" \/>\n<meta property=\"og:url\" content=\"https:\/\/admin.industriall-union.org\/es\/en-este-ano-han-muerto-27-mineros-en-accidentes-fatales-en-pakistan\/\" \/>\n<meta property=\"og:site_name\" content=\"industriall-union\" \/>\n<meta property=\"article:modified_time\" content=\"2025-02-03T17:58:43+00:00\" \/>\n<meta name=\"twitter:card\" content=\"summary_large_image\" \/>\n<meta name=\"twitter:label1\" content=\"Est. reading time\" \/>\n\t<meta name=\"twitter:data1\" content=\"3 minutes\" \/>\n<script type=\"application\/ld+json\" class=\"yoast-schema-graph\">{\"@context\":\"https:\/\/schema.org\",\"@graph\":[{\"@type\":\"WebPage\",\"@id\":\"https:\/\/admin.industriall-union.org\/es\/en-este-ano-han-muerto-27-mineros-en-accidentes-fatales-en-pakistan\/\",\"url\":\"https:\/\/admin.industriall-union.org\/es\/en-este-ano-han-muerto-27-mineros-en-accidentes-fatales-en-pakistan\/\",\"name\":\"En este a\u00f1o han muerto 27 mineros en accidentes fatales en Pakist\u00e1n - industriall-union\",\"isPartOf\":{\"@id\":\"https:\/\/admin.industriall-union.org\/#website\"},\"datePublished\":\"2019-05-16T09:38:30+00:00\",\"dateModified\":\"2025-02-03T17:58:43+00:00\",\"description\":\"Desde las minas de Pakist\u00e1n siguen llegando informes de terribles accidentes fatales. La mayor\u00eda de estos accidentes ocurrieron en Balochist\u00e1n, provincia\",\"breadcrumb\":{\"@id\":\"https:\/\/admin.industriall-union.org\/es\/en-este-ano-han-muerto-27-mineros-en-accidentes-fatales-en-pakistan\/#breadcrumb\"},\"inLanguage\":\"es-ES\",\"potentialAction\":[{\"@type\":\"ReadAction\",\"target\":[\"https:\/\/admin.industriall-union.org\/es\/en-este-ano-han-muerto-27-mineros-en-accidentes-fatales-en-pakistan\/\"]}]},{\"@type\":\"BreadcrumbList\",\"@id\":\"https:\/\/admin.industriall-union.org\/es\/en-este-ano-han-muerto-27-mineros-en-accidentes-fatales-en-pakistan\/#breadcrumb\",\"itemListElement\":[{\"@type\":\"ListItem\",\"position\":1,\"name\":\"Home\",\"item\":\"https:\/\/admin.industriall-union.org\/\"},{\"@type\":\"ListItem\",\"position\":2,\"name\":\"Articles\",\"item\":\"https:\/\/admin.industriall-union.org\/article\/\"},{\"@type\":\"ListItem\",\"position\":3,\"name\":\"En este a\u00f1o han muerto 27 mineros en accidentes fatales en Pakist\u00e1n\"}]},{\"@type\":\"WebSite\",\"@id\":\"https:\/\/admin.industriall-union.org\/#website\",\"url\":\"https:\/\/admin.industriall-union.org\/\",\"name\":\"industriall-union\",\"description\":\"\",\"potentialAction\":[{\"@type\":\"SearchAction\",\"target\":{\"@type\":\"EntryPoint\",\"urlTemplate\":\"https:\/\/admin.industriall-union.org\/?s={search_term_string}\"},\"query-input\":{\"@type\":\"PropertyValueSpecification\",\"valueRequired\":true,\"valueName\":\"search_term_string\"}}],\"inLanguage\":\"es-ES\"}]}<\/script>\n<!-- \/ Yoast SEO Premium plugin. -->","yoast_head_json":{"title":"En este a\u00f1o han muerto 27 mineros en accidentes fatales en Pakist\u00e1n - industriall-union","description":"Desde las minas de Pakist\u00e1n siguen llegando informes de terribles accidentes fatales. La mayor\u00eda de estos accidentes ocurrieron en Balochist\u00e1n, provincia","robots":{"index":"index","follow":"follow","max-snippet":"max-snippet:-1","max-image-preview":"max-image-preview:large","max-video-preview":"max-video-preview:-1"},"canonical":"https:\/\/admin.industriall-union.org\/es\/en-este-ano-han-muerto-27-mineros-en-accidentes-fatales-en-pakistan\/","og_locale":"es_ES","og_type":"article","og_title":"En este a\u00f1o han muerto 27 mineros en accidentes fatales en Pakist\u00e1n","og_description":"Desde las minas de Pakist\u00e1n siguen llegando informes de terribles accidentes fatales. La mayor\u00eda de estos accidentes ocurrieron en Balochist\u00e1n, provincia","og_url":"https:\/\/admin.industriall-union.org\/es\/en-este-ano-han-muerto-27-mineros-en-accidentes-fatales-en-pakistan\/","og_site_name":"industriall-union","article_modified_time":"2025-02-03T17:58:43+00:00","twitter_card":"summary_large_image","twitter_misc":{"Est. reading time":"3 minutes"},"schema":{"@context":"https:\/\/schema.org","@graph":[{"@type":"WebPage","@id":"https:\/\/admin.industriall-union.org\/es\/en-este-ano-han-muerto-27-mineros-en-accidentes-fatales-en-pakistan\/","url":"https:\/\/admin.industriall-union.org\/es\/en-este-ano-han-muerto-27-mineros-en-accidentes-fatales-en-pakistan\/","name":"En este a\u00f1o han muerto 27 mineros en accidentes fatales en Pakist\u00e1n - industriall-union","isPartOf":{"@id":"https:\/\/admin.industriall-union.org\/#website"},"datePublished":"2019-05-16T09:38:30+00:00","dateModified":"2025-02-03T17:58:43+00:00","description":"Desde las minas de Pakist\u00e1n siguen llegando informes de terribles accidentes fatales. La mayor\u00eda de estos accidentes ocurrieron en Balochist\u00e1n, provincia","breadcrumb":{"@id":"https:\/\/admin.industriall-union.org\/es\/en-este-ano-han-muerto-27-mineros-en-accidentes-fatales-en-pakistan\/#breadcrumb"},"inLanguage":"es-ES","potentialAction":[{"@type":"ReadAction","target":["https:\/\/admin.industriall-union.org\/es\/en-este-ano-han-muerto-27-mineros-en-accidentes-fatales-en-pakistan\/"]}]},{"@type":"BreadcrumbList","@id":"https:\/\/admin.industriall-union.org\/es\/en-este-ano-han-muerto-27-mineros-en-accidentes-fatales-en-pakistan\/#breadcrumb","itemListElement":[{"@type":"ListItem","position":1,"name":"Home","item":"https:\/\/admin.industriall-union.org\/"},{"@type":"ListItem","position":2,"name":"Articles","item":"https:\/\/admin.industriall-union.org\/article\/"},{"@type":"ListItem","position":3,"name":"En este a\u00f1o han muerto 27 mineros en accidentes fatales en Pakist\u00e1n"}]},{"@type":"WebSite","@id":"https:\/\/admin.industriall-union.org\/#website","url":"https:\/\/admin.industriall-union.org\/","name":"industriall-union","description":"","potentialAction":[{"@type":"SearchAction","target":{"@type":"EntryPoint","urlTemplate":"https:\/\/admin.industriall-union.org\/?s={search_term_string}"},"query-input":{"@type":"PropertyValueSpecification","valueRequired":true,"valueName":"search_term_string"}}],"inLanguage":"es-ES"}]}},"_links":{"self":[{"href":"https:\/\/admin.industriall-union.org\/es\/wp-json\/wp\/v2\/article\/160403","targetHints":{"allow":["GET"]}}],"collection":[{"href":"https:\/\/admin.industriall-union.org\/es\/wp-json\/wp\/v2\/article"}],"about":[{"href":"https:\/\/admin.industriall-union.org\/es\/wp-json\/wp\/v2\/types\/article"}],"wp:attachment":[{"href":"https:\/\/admin.industriall-union.org\/es\/wp-json\/wp\/v2\/media?parent=160403"}],"wp:term":[{"taxonomy":"issues","embeddable":true,"href":"https:\/\/admin.industriall-union.org\/es\/wp-json\/wp\/v2\/issues?post=160403"},{"taxonomy":"companies","embeddable":true,"href":"https:\/\/admin.industriall-union.org\/es\/wp-json\/wp\/v2\/companies?post=160403"},{"taxonomy":"regions","embeddable":true,"href":"https:\/\/admin.industriall-union.org\/es\/wp-json\/wp\/v2\/regions?post=160403"},{"taxonomy":"sectors","embeddable":true,"href":"https:\/\/admin.industriall-union.org\/es\/wp-json\/wp\/v2\/sectors?post=160403"},{"taxonomy":"article_tags","embeddable":true,"href":"https:\/\/admin.industriall-union.org\/es\/wp-json\/wp\/v2\/article_tags?post=160403"}],"curies":[{"name":"wp","href":"https:\/\/api.w.org\/{rel}","templated":true}]}}