{"id":160263,"date":"2019-05-29T14:20:09","date_gmt":"2019-05-29T14:20:09","guid":{"rendered":"https:\/\/admin.industriall-union.org\/comite-ejecutivo-de-industriall-promueve-derechos-de-los-trabajadores-as\/"},"modified":"2025-02-03T17:06:05","modified_gmt":"2025-02-03T17:06:05","slug":"comite-ejecutivo-de-industriall-promueve-derechos-de-los-trabajadores-as","status":"publish","type":"article","link":"https:\/\/admin.industriall-union.org\/es\/comite-ejecutivo-de-industriall-promueve-derechos-de-los-trabajadores-as\/","title":{"rendered":"Comit\u00e9 Ejecutivo de IndustriALL promueve derechos de los trabajadores\/as"},"content":{"rendered":"<p>En su discurso inaugural, J\u00f6rg Hofmann, presidente de IndustriALL, afirm\u00f3: &ldquo;Un ataque contra uno, es un ataque contra todos.<\/p><p>&ldquo;Tenemos que procurar&nbsp; que la mayor cantidad posible de personas se beneficie de la solidaridad mundial, que es clave en la lucha contra el capital global&rdquo;.<\/p><p>Durante los dos d\u00edas de sesiones, los dirigentes sindicales intercambiaron ideas sobre una respuesta global a los desaf\u00edos futuros, en un mundo donde los reg\u00edmenes atacan a los opositores, a sus ciudadanos y a los sindicatos, como en Brasil y Argelia, o Colombia donde Igor D\u00edaz de Sintracarb\u00f3n <a href=\"http:\/\/www.industriall-union.org\/colombian-union-leaders-receive-death-threats\">ha recibido amenazas de muerte<\/a>.<\/p><p>Los delegados escucharon el testimonio de USW M\u00e9tallos de Canad\u00e1, cuyos 1.000 miembros en Trois-Rivi\u00e8res, Qu\u00e9bec, han sido v\u00edctimas de un cierre patronal en la planta de Alcoa durante casi 17 meses despu\u00e9s de que la compa\u00f1\u00eda se negara a realizar negociaciones colectivas.<\/p><p>A los trabajadores y trabajadoras de Volkswagen en Chattanooga, Tennessee, EE. UU., todav\u00eda les niegan el derecho a afiliarse a un sindicato, a consecuencia de lo cual IndustriALL, por primera vez, <a href=\"http:\/\/www.industriall-union.org\/industriall-suspends-global-agreement-with-volkswagen\">ha suspendido un acuerdo marco global<\/a>.<\/p><p>Hacer frente al capital global es un objetivo estrat\u00e9gico, clave para promover los derechos de los trabajadores\/as. Los 46 Acuerdos Marco Globales que IndustriALL ha firmado con empresas multinacionales constituyen herramientas importantes para desarrollar las relaciones laborales a nivel mundial; as\u00ed se demuestra con el ejemplo de c\u00f3mo el Acuerdo Marco Global con Solvay resolvi\u00f3 un problema respecto a los bonos que se pagaban en las operaciones de esa compa\u00f1\u00eda en la India.<\/p><p>En la actualidad, se est\u00e1n realizando negociaciones con una importante empresa mundial del sector automotriz sobre un acuerdo respecto al futuro del trabajo, lo que brinda una oportunidad para responder a la enorme transformaci\u00f3n en el mundo del trabajo, colocando una Transici\u00f3n Justa entre los asuntos a tratar.<\/p><p>La <a href=\"https:\/\/www.ilo.org\/global\/publications\/books\/WCMS_662410\/lang--en\/index.htm\" target=\"_blank\">Comisi\u00f3n Mundial de la OIT sobre el Futuro del Trabajo<\/a> estudia c\u00f3mo lograr mejor trabajo futuro para todos en momentos de cambio sin precedentes. Los participantes intercambiaron informaci\u00f3n sobre su experiencia, analizando la necesidad de que el movimiento sindical cuente con una estrategia a nivel global, ya que no todos los pa\u00edses tienen el mismo nivel de avances tecnol\u00f3gicos.<\/p><p>Reconociendo la necesidad de intercambiar experiencia, el Comit\u00e9 Ejecutivo aprob\u00f3 continuaci\u00f3n del trabajo. Adem\u00e1s, se comprometi\u00f3 a:<\/p><ul><li>Alentar a las organizaciones afiliadas a desarrollar actividades en base al informe de la OIT.<\/li><li>Se comprometi\u00f3 tambi\u00e9n a trabajar con agencias multilaterales para influir en las acciones y decisiones de los sindicalistas de base afiliados a IndustriALL<\/li><li>Se comprometi\u00f3 a buscar y exigir compromisos contractuales de las compa\u00f1\u00edas que manejan la transformaci\u00f3n en torno a Industria 4.0<\/li><li>Se comprometi\u00f3 a continuar su labor de concientizaci\u00f3n y capacitaci\u00f3n a nivel regional y nacional, as\u00ed como a nivel sectorial y de redes.<\/li><\/ul><p>La <a href=\"http:\/\/www.industriall-union.org\/a-just-transition-for-workers\">Gu\u00eda sindical para una transici\u00f3n justa para los trabajadores<\/a>, publicaci\u00f3n de IndustriALL centrada en implementaci\u00f3n en inter\u00e9s de los trabajadores\/as, form\u00f3 la base de un debate que condujo a un compromiso de intercambio de informaci\u00f3n y expectativas para formular pol\u00edticas sobre la Transici\u00f3n Justa, asegurando que los trabajadores\/as puedan participar en decisiones sobre el futuro de sus industrias.<\/p><p>El desarrollo sindical es parte vital de la labor que realiza IndustriALL para aumentar el nivel de sindicalizaci\u00f3n y desarrollar el poder sindical. En 2018, se llevaron a cabo 768 actividades de capacitaci\u00f3n sindical, registr\u00e1ndose un n\u00famero extraordinario de participantes: 23.000 sindicalistas.<\/p><ul><li>Los proyectos de desarrollo sindical han logrado triunfos sin precedentes, como la <a href=\"http:\/\/www.industriall-union.org\/victory-in-the-philippines-as-expanded-maternity-leave-law-passed\">prolongaci\u00f3n de licencia de maternidad<\/a> en Filipinas.<\/li><li>En Kenia, se han establecido 135 comit\u00e9s de salud y seguridad que han capacitado a trabajadores\/as en m\u00e1s de 600 f\u00e1bricas.<\/li><li>Sigue avanzando el trabajo para aumentar la ratificaci\u00f3n del Convenio de Hong Kong, siendo Turqu\u00eda el pa\u00eds que m\u00e1s recientemente se ha suscrito. Ahora son nueve los pa\u00edses signatarios.<\/li><\/ul><p>El Comit\u00e9 Ejecutivo aprob\u00f3 la afiliaci\u00f3n de seis nuevos sindicatos, por lo cual se cuenta con la adhesi\u00f3n de 224.000 nuevos miembros, reforzando nuestro poder de lucha y demostrando que la uni\u00f3n nos hace m\u00e1s fuertes.<\/p><p>El Comit\u00e9 de Mujeres de IndustriALL est\u00e1 organizando una Conferencia de Mujeres para fines de este a\u00f1o, en noviembre. El Comit\u00e9 Ejecutivo reiter\u00f3 su apoyo a un Convenio de la OIT sobre la violencia de g\u00e9nero, convenio por el que lucha IndustriALL junto con otros sindicatos mundiales.<\/p><p>Hasta la fecha, m\u00e1s de 100 sindicatos afiliados se han suscrito al <a href=\"http:\/\/www.youtube.com\/watch?time_continue=2&amp;v=11H_Ydc8-1U\" target=\"_blank\">Compromiso<\/a> de IndustriALL para poner fin a la violencia contra las mujeres en el lugar de trabajo, campa\u00f1a que sigue en curso.<\/p><p>Se han creado dos grupos de trabajo sobre el tercer Congreso de IndustriALL, que se realizar\u00e1 en Ciudad del Cabo en octubre de 2020, reuniendo a delegados sindicales de todo el mundo. La participaci\u00f3n de los sindicatos afiliados ser\u00e1 importante para las propuestas sobre el plan de acci\u00f3n, las prioridades y estructuras de IndustriALL.<\/p><p>El Comit\u00e9 Ejecutivo de IndustriALL aprob\u00f3 varias resoluciones de solidaridad:<\/p><p><em>Apoyo al movimiento sindical del Brasil<\/em><\/p><p>Ante el deterioro de la legislaci\u00f3n laboral, y de los derechos sociales y sindicales, IndustriALL respalda la huelga general convocada por las centrales sindicales brasile\u00f1as para el d\u00eda 14 de junio.<\/p><p><em>Resoluci\u00f3n sobre la adquisici\u00f3n por parte de Hyundai Heavy Industries de la empresa Daewoo Shipbuilding and Marine Engineering en Corea del Sur<\/em><\/p><p>A IndustriALL le preocupa la falta de transparencia en las negociaciones sobre esta fusi\u00f3n. La restricci\u00f3n del comercio justo y de la competencia constituyen una grave amenaza para los trabajadores\/as y para los sindicatos a lo largo de la cadena de suministro del sector de construcci\u00f3n naval.<\/p><p><em>Pedir al gobierno de Corea del Sur poner fin a la revisi\u00f3n regresiva de la legislaci\u00f3n laboral y que ratifique los convenios fundamentales de la OIT<\/em><\/p><p>Estos son derechos humanos fundamentales de los trabajadores y trabajadoras, no un instrumento para uso de los empleadores. IndustriALL insta al gobierno de Corea del Sur a demostrar su compromiso al respecto.<\/p><p><strong>Se pueden ver en Flickr todas las <a href=\"https:\/\/www.flickr.com\/photos\/industriall_gu\/albums\/72157708542642935\" target=\"_blank\">fotos del Comit\u00e9 Ejecutivo de IndustriALL<\/a>.<\/strong><\/p>","protected":false},"featured_media":0,"template":"","issues":[393,406,407,391,420,397],"companies":[],"regions":[],"sectors":[],"article_tags":[],"class_list":["post-160263","article","type-article","status-publish","hentry","issues-climate-change-just-transition","issues-confronting-global-capital","issues-global-framework-agreements","issues-industry-40","issues-solidarity","issues-women"],"acf":[],"yoast_head":"<!-- This site is optimized with the Yoast SEO Premium plugin v27.1 (Yoast SEO v27.1) - https:\/\/yoast.com\/product\/yoast-seo-premium-wordpress\/ -->\n<title>Comit\u00e9 Ejecutivo de IndustriALL promueve derechos de los trabajadores\/as - industriall-union<\/title>\n<meta name=\"description\" content=\"En su discurso inaugural, J\u00f6rg Hofmann, presidente de IndustriALL, afirm\u00f3: &ldquo;Un ataque contra uno, es un ataque contra todos.&ldquo;Tenemos que\" \/>\n<meta name=\"robots\" content=\"index, follow, max-snippet:-1, max-image-preview:large, max-video-preview:-1\" \/>\n<link rel=\"canonical\" href=\"https:\/\/admin.industriall-union.org\/es\/comite-ejecutivo-de-industriall-promueve-derechos-de-los-trabajadores-as\/\" \/>\n<meta property=\"og:locale\" content=\"es_ES\" \/>\n<meta property=\"og:type\" content=\"article\" \/>\n<meta property=\"og:title\" content=\"Comit\u00e9 Ejecutivo de IndustriALL promueve derechos de los trabajadores\/as\" \/>\n<meta property=\"og:description\" content=\"En su discurso inaugural, J\u00f6rg Hofmann, presidente de IndustriALL, afirm\u00f3: &ldquo;Un ataque contra uno, es un ataque contra todos.&ldquo;Tenemos que\" \/>\n<meta property=\"og:url\" content=\"https:\/\/admin.industriall-union.org\/es\/comite-ejecutivo-de-industriall-promueve-derechos-de-los-trabajadores-as\/\" \/>\n<meta property=\"og:site_name\" content=\"industriall-union\" \/>\n<meta property=\"article:modified_time\" content=\"2025-02-03T17:06:05+00:00\" \/>\n<meta name=\"twitter:card\" content=\"summary_large_image\" \/>\n<meta name=\"twitter:label1\" content=\"Est. reading time\" \/>\n\t<meta name=\"twitter:data1\" content=\"5 minutes\" \/>\n<script type=\"application\/ld+json\" class=\"yoast-schema-graph\">{\"@context\":\"https:\/\/schema.org\",\"@graph\":[{\"@type\":\"WebPage\",\"@id\":\"https:\/\/admin.industriall-union.org\/es\/comite-ejecutivo-de-industriall-promueve-derechos-de-los-trabajadores-as\/\",\"url\":\"https:\/\/admin.industriall-union.org\/es\/comite-ejecutivo-de-industriall-promueve-derechos-de-los-trabajadores-as\/\",\"name\":\"Comit\u00e9 Ejecutivo de IndustriALL promueve derechos de los trabajadores\/as - industriall-union\",\"isPartOf\":{\"@id\":\"https:\/\/admin.industriall-union.org\/ru\/#website\"},\"datePublished\":\"2019-05-29T14:20:09+00:00\",\"dateModified\":\"2025-02-03T17:06:05+00:00\",\"description\":\"En su discurso inaugural, J\u00f6rg Hofmann, presidente de IndustriALL, afirm\u00f3: &ldquo;Un ataque contra uno, es un ataque contra todos.&ldquo;Tenemos que\",\"breadcrumb\":{\"@id\":\"https:\/\/admin.industriall-union.org\/es\/comite-ejecutivo-de-industriall-promueve-derechos-de-los-trabajadores-as\/#breadcrumb\"},\"inLanguage\":\"es-ES\",\"potentialAction\":[{\"@type\":\"ReadAction\",\"target\":[\"https:\/\/admin.industriall-union.org\/es\/comite-ejecutivo-de-industriall-promueve-derechos-de-los-trabajadores-as\/\"]}]},{\"@type\":\"BreadcrumbList\",\"@id\":\"https:\/\/admin.industriall-union.org\/es\/comite-ejecutivo-de-industriall-promueve-derechos-de-los-trabajadores-as\/#breadcrumb\",\"itemListElement\":[{\"@type\":\"ListItem\",\"position\":1,\"name\":\"Home\",\"item\":\"https:\/\/admin.industriall-union.org\/ru\/\"},{\"@type\":\"ListItem\",\"position\":2,\"name\":\"Articles\",\"item\":\"https:\/\/admin.industriall-union.org\/ru\/article\/\"},{\"@type\":\"ListItem\",\"position\":3,\"name\":\"Comit\u00e9 Ejecutivo de IndustriALL promueve derechos de los trabajadores\/as\"}]},{\"@type\":\"WebSite\",\"@id\":\"https:\/\/admin.industriall-union.org\/ru\/#website\",\"url\":\"https:\/\/admin.industriall-union.org\/ru\/\",\"name\":\"industriall-union\",\"description\":\"\",\"potentialAction\":[{\"@type\":\"SearchAction\",\"target\":{\"@type\":\"EntryPoint\",\"urlTemplate\":\"https:\/\/admin.industriall-union.org\/ru\/?s={search_term_string}\"},\"query-input\":{\"@type\":\"PropertyValueSpecification\",\"valueRequired\":true,\"valueName\":\"search_term_string\"}}],\"inLanguage\":\"es-ES\"}]}<\/script>\n<!-- \/ Yoast SEO Premium plugin. -->","yoast_head_json":{"title":"Comit\u00e9 Ejecutivo de IndustriALL promueve derechos de los trabajadores\/as - industriall-union","description":"En su discurso inaugural, J\u00f6rg Hofmann, presidente de IndustriALL, afirm\u00f3: &ldquo;Un ataque contra uno, es un ataque contra todos.&ldquo;Tenemos que","robots":{"index":"index","follow":"follow","max-snippet":"max-snippet:-1","max-image-preview":"max-image-preview:large","max-video-preview":"max-video-preview:-1"},"canonical":"https:\/\/admin.industriall-union.org\/es\/comite-ejecutivo-de-industriall-promueve-derechos-de-los-trabajadores-as\/","og_locale":"es_ES","og_type":"article","og_title":"Comit\u00e9 Ejecutivo de IndustriALL promueve derechos de los trabajadores\/as","og_description":"En su discurso inaugural, J\u00f6rg Hofmann, presidente de IndustriALL, afirm\u00f3: &ldquo;Un ataque contra uno, es un ataque contra todos.&ldquo;Tenemos que","og_url":"https:\/\/admin.industriall-union.org\/es\/comite-ejecutivo-de-industriall-promueve-derechos-de-los-trabajadores-as\/","og_site_name":"industriall-union","article_modified_time":"2025-02-03T17:06:05+00:00","twitter_card":"summary_large_image","twitter_misc":{"Est. reading time":"5 minutes"},"schema":{"@context":"https:\/\/schema.org","@graph":[{"@type":"WebPage","@id":"https:\/\/admin.industriall-union.org\/es\/comite-ejecutivo-de-industriall-promueve-derechos-de-los-trabajadores-as\/","url":"https:\/\/admin.industriall-union.org\/es\/comite-ejecutivo-de-industriall-promueve-derechos-de-los-trabajadores-as\/","name":"Comit\u00e9 Ejecutivo de IndustriALL promueve derechos de los trabajadores\/as - industriall-union","isPartOf":{"@id":"https:\/\/admin.industriall-union.org\/ru\/#website"},"datePublished":"2019-05-29T14:20:09+00:00","dateModified":"2025-02-03T17:06:05+00:00","description":"En su discurso inaugural, J\u00f6rg Hofmann, presidente de IndustriALL, afirm\u00f3: &ldquo;Un ataque contra uno, es un ataque contra todos.&ldquo;Tenemos que","breadcrumb":{"@id":"https:\/\/admin.industriall-union.org\/es\/comite-ejecutivo-de-industriall-promueve-derechos-de-los-trabajadores-as\/#breadcrumb"},"inLanguage":"es-ES","potentialAction":[{"@type":"ReadAction","target":["https:\/\/admin.industriall-union.org\/es\/comite-ejecutivo-de-industriall-promueve-derechos-de-los-trabajadores-as\/"]}]},{"@type":"BreadcrumbList","@id":"https:\/\/admin.industriall-union.org\/es\/comite-ejecutivo-de-industriall-promueve-derechos-de-los-trabajadores-as\/#breadcrumb","itemListElement":[{"@type":"ListItem","position":1,"name":"Home","item":"https:\/\/admin.industriall-union.org\/ru\/"},{"@type":"ListItem","position":2,"name":"Articles","item":"https:\/\/admin.industriall-union.org\/ru\/article\/"},{"@type":"ListItem","position":3,"name":"Comit\u00e9 Ejecutivo de IndustriALL promueve derechos de los trabajadores\/as"}]},{"@type":"WebSite","@id":"https:\/\/admin.industriall-union.org\/ru\/#website","url":"https:\/\/admin.industriall-union.org\/ru\/","name":"industriall-union","description":"","potentialAction":[{"@type":"SearchAction","target":{"@type":"EntryPoint","urlTemplate":"https:\/\/admin.industriall-union.org\/ru\/?s={search_term_string}"},"query-input":{"@type":"PropertyValueSpecification","valueRequired":true,"valueName":"search_term_string"}}],"inLanguage":"es-ES"}]}},"_links":{"self":[{"href":"https:\/\/admin.industriall-union.org\/es\/wp-json\/wp\/v2\/article\/160263","targetHints":{"allow":["GET"]}}],"collection":[{"href":"https:\/\/admin.industriall-union.org\/es\/wp-json\/wp\/v2\/article"}],"about":[{"href":"https:\/\/admin.industriall-union.org\/es\/wp-json\/wp\/v2\/types\/article"}],"wp:attachment":[{"href":"https:\/\/admin.industriall-union.org\/es\/wp-json\/wp\/v2\/media?parent=160263"}],"wp:term":[{"taxonomy":"issues","embeddable":true,"href":"https:\/\/admin.industriall-union.org\/es\/wp-json\/wp\/v2\/issues?post=160263"},{"taxonomy":"companies","embeddable":true,"href":"https:\/\/admin.industriall-union.org\/es\/wp-json\/wp\/v2\/companies?post=160263"},{"taxonomy":"regions","embeddable":true,"href":"https:\/\/admin.industriall-union.org\/es\/wp-json\/wp\/v2\/regions?post=160263"},{"taxonomy":"sectors","embeddable":true,"href":"https:\/\/admin.industriall-union.org\/es\/wp-json\/wp\/v2\/sectors?post=160263"},{"taxonomy":"article_tags","embeddable":true,"href":"https:\/\/admin.industriall-union.org\/es\/wp-json\/wp\/v2\/article_tags?post=160263"}],"curies":[{"name":"wp","href":"https:\/\/api.w.org\/{rel}","templated":true}]}}