{"id":160261,"date":"2019-06-03T09:38:08","date_gmt":"2019-06-03T09:38:08","guid":{"rendered":"https:\/\/admin.industriall-union.org\/sindicalista-de-sudafrica-fue-elegida-parlamentaria\/"},"modified":"2025-02-03T17:05:41","modified_gmt":"2025-02-03T17:05:41","slug":"sindicalista-de-sudafrica-fue-elegida-parlamentaria","status":"publish","type":"article","link":"https:\/\/admin.industriall-union.org\/es\/sindicalista-de-sudafrica-fue-elegida-parlamentaria\/","title":{"rendered":"Sindicalista de Sud\u00e1frica fue elegida parlamentaria"},"content":{"rendered":"<p>Este es el caso extraordinario de Beauty Zibula. Despu\u00e9s de trabajar durante m\u00e1s de cuatro d\u00e9cadas como maquinista de muestras, Zibula pas\u00f3 de ser delegada sindical a convertirse en la primera vicepresidenta del Sindicato de Trabajadores del Vestuario y Textil de Sud\u00e1frica (SACTWU), organizaci\u00f3n afiliada a IndustriALL Global Union. Tambi\u00e9n es miembro del Comit\u00e9 Ejecutivo y del Comit\u00e9 de Mujeres de la regi\u00f3n de \u00c1frica Subsahariana de IndustriALL. El 22 de mayo fue juramentada como parlamentaria.<\/p><p>La regi\u00f3n de \u00c1frica Subsahariana acoge con satisfacci\u00f3n su elecci\u00f3n como una de los parlamentarios del partido &nbsp;gobernante, el Congreso Nacional Africano, para la Provincia de KwaZulu-Natal.<\/p><p>Al igual que la mayor\u00eda de los sindicalistas sudafricanos, comenz\u00f3 a ser pol\u00edticamente activa en la escuela secundaria y obtuvo su primer empleo en el sector en 1978. Tiene antecedentes ilustres en el movimiento sindical. Activa en el Sindicato de Trabajadores de la Confecci\u00f3n y Afines (GAWU) en Durban durante la d\u00e9cada de 1980, forma parte de un colectivo que convirti\u00f3 al sindicato en una organizaci\u00f3n militante que luch\u00f3 contra el apartheid.<\/p><p>Pas\u00f3 a ser presidenta del sindicato local de GAWU en Durban North desde 1987 hasta 1989 y sigui\u00f3 en ese cargo cuando se form\u00f3 el SACTWU. Otros cargos que ha tenido incluyen: tesorera regional de Kwazulu-Natal (KZN) del SACTWU; vicepresidenta regional del KZN; presidenta regional del KZN; y primera vicepresidenta del SACTWU.<\/p><p>Valter Sanches, secretario general de IndustriALL, se\u00f1al\u00f3: &ldquo;Felicitamos a la camarada Beauty Zibula, sindicalista que ha surgido en las trincheras de la clase trabajadora. Como miembro del comit\u00e9 ejecutivo regional, sabe c\u00f3mo luchar por los derechos de los trabajadores y trabajadoras contra el trabajo precario y es una firme defensora de los derechos laborales en el sector de la confecci\u00f3n y del textil y otros. Confiamos en que ella tambi\u00e9n llevar\u00e1 la lucha al parlamento sudafricano&rdquo;.<\/p><p>El SACTWU cuenta con m\u00e1s de 100.000 miembros que constituyen un 85% del sector textil y de prendas de vestir, incluyendo calzado y cuero. Representa a los trabajadores\/as en hilander\u00edas, lavander\u00edas de lana, tiendas de venta directa de las f\u00e1bricas, maquiladoras de ropa, operaciones de corte y recorte, peque\u00f1as empresas, f\u00e1bricas de calzado, limpiadoras de algod\u00f3n, lavander\u00edas, curtiembres, plantas de tejido, operaciones de acabado, tintorer\u00edas, tiendas minoristas y almacenes.<\/p>","protected":false},"featured_media":0,"template":"","issues":[397],"companies":[],"regions":[350],"sectors":[464],"article_tags":[],"class_list":["post-160261","article","type-article","status-publish","hentry","issues-women","regions-south-africa","sectors-textile-leather-garment-shoes-and-textile-services"],"acf":[],"yoast_head":"<!-- This site is optimized with the Yoast SEO Premium plugin v27.1 (Yoast SEO v27.1) - https:\/\/yoast.com\/product\/yoast-seo-premium-wordpress\/ -->\n<title>Sindicalista de Sud\u00e1frica fue elegida parlamentaria - industriall-union<\/title>\n<meta name=\"description\" content=\"Este es el caso extraordinario de Beauty Zibula. Despu\u00e9s de trabajar durante m\u00e1s de cuatro d\u00e9cadas como maquinista de muestras, Zibula pas\u00f3 de ser\" \/>\n<meta name=\"robots\" content=\"index, follow, max-snippet:-1, max-image-preview:large, max-video-preview:-1\" \/>\n<link rel=\"canonical\" href=\"https:\/\/admin.industriall-union.org\/es\/sindicalista-de-sudafrica-fue-elegida-parlamentaria\/\" \/>\n<meta property=\"og:locale\" content=\"es_ES\" \/>\n<meta property=\"og:type\" content=\"article\" \/>\n<meta property=\"og:title\" content=\"Sindicalista de Sud\u00e1frica fue elegida parlamentaria\" \/>\n<meta property=\"og:description\" content=\"Este es el caso extraordinario de Beauty Zibula. Despu\u00e9s de trabajar durante m\u00e1s de cuatro d\u00e9cadas como maquinista de muestras, Zibula pas\u00f3 de ser\" \/>\n<meta property=\"og:url\" content=\"https:\/\/admin.industriall-union.org\/es\/sindicalista-de-sudafrica-fue-elegida-parlamentaria\/\" \/>\n<meta property=\"og:site_name\" content=\"industriall-union\" \/>\n<meta property=\"article:modified_time\" content=\"2025-02-03T17:05:41+00:00\" \/>\n<meta name=\"twitter:card\" content=\"summary_large_image\" \/>\n<meta name=\"twitter:label1\" content=\"Est. reading time\" \/>\n\t<meta name=\"twitter:data1\" content=\"2 minutes\" \/>\n<script type=\"application\/ld+json\" class=\"yoast-schema-graph\">{\"@context\":\"https:\/\/schema.org\",\"@graph\":[{\"@type\":\"WebPage\",\"@id\":\"https:\/\/admin.industriall-union.org\/es\/sindicalista-de-sudafrica-fue-elegida-parlamentaria\/\",\"url\":\"https:\/\/admin.industriall-union.org\/es\/sindicalista-de-sudafrica-fue-elegida-parlamentaria\/\",\"name\":\"Sindicalista de Sud\u00e1frica fue elegida parlamentaria - industriall-union\",\"isPartOf\":{\"@id\":\"https:\/\/admin.industriall-union.org\/#website\"},\"datePublished\":\"2019-06-03T09:38:08+00:00\",\"dateModified\":\"2025-02-03T17:05:41+00:00\",\"description\":\"Este es el caso extraordinario de Beauty Zibula. Despu\u00e9s de trabajar durante m\u00e1s de cuatro d\u00e9cadas como maquinista de muestras, Zibula pas\u00f3 de ser\",\"breadcrumb\":{\"@id\":\"https:\/\/admin.industriall-union.org\/es\/sindicalista-de-sudafrica-fue-elegida-parlamentaria\/#breadcrumb\"},\"inLanguage\":\"es-ES\",\"potentialAction\":[{\"@type\":\"ReadAction\",\"target\":[\"https:\/\/admin.industriall-union.org\/es\/sindicalista-de-sudafrica-fue-elegida-parlamentaria\/\"]}]},{\"@type\":\"BreadcrumbList\",\"@id\":\"https:\/\/admin.industriall-union.org\/es\/sindicalista-de-sudafrica-fue-elegida-parlamentaria\/#breadcrumb\",\"itemListElement\":[{\"@type\":\"ListItem\",\"position\":1,\"name\":\"Home\",\"item\":\"https:\/\/admin.industriall-union.org\/\"},{\"@type\":\"ListItem\",\"position\":2,\"name\":\"Articles\",\"item\":\"https:\/\/admin.industriall-union.org\/article\/\"},{\"@type\":\"ListItem\",\"position\":3,\"name\":\"Sindicalista de Sud\u00e1frica fue elegida parlamentaria\"}]},{\"@type\":\"WebSite\",\"@id\":\"https:\/\/admin.industriall-union.org\/#website\",\"url\":\"https:\/\/admin.industriall-union.org\/\",\"name\":\"industriall-union\",\"description\":\"\",\"potentialAction\":[{\"@type\":\"SearchAction\",\"target\":{\"@type\":\"EntryPoint\",\"urlTemplate\":\"https:\/\/admin.industriall-union.org\/?s={search_term_string}\"},\"query-input\":{\"@type\":\"PropertyValueSpecification\",\"valueRequired\":true,\"valueName\":\"search_term_string\"}}],\"inLanguage\":\"es-ES\"}]}<\/script>\n<!-- \/ Yoast SEO Premium plugin. -->","yoast_head_json":{"title":"Sindicalista de Sud\u00e1frica fue elegida parlamentaria - industriall-union","description":"Este es el caso extraordinario de Beauty Zibula. Despu\u00e9s de trabajar durante m\u00e1s de cuatro d\u00e9cadas como maquinista de muestras, Zibula pas\u00f3 de ser","robots":{"index":"index","follow":"follow","max-snippet":"max-snippet:-1","max-image-preview":"max-image-preview:large","max-video-preview":"max-video-preview:-1"},"canonical":"https:\/\/admin.industriall-union.org\/es\/sindicalista-de-sudafrica-fue-elegida-parlamentaria\/","og_locale":"es_ES","og_type":"article","og_title":"Sindicalista de Sud\u00e1frica fue elegida parlamentaria","og_description":"Este es el caso extraordinario de Beauty Zibula. Despu\u00e9s de trabajar durante m\u00e1s de cuatro d\u00e9cadas como maquinista de muestras, Zibula pas\u00f3 de ser","og_url":"https:\/\/admin.industriall-union.org\/es\/sindicalista-de-sudafrica-fue-elegida-parlamentaria\/","og_site_name":"industriall-union","article_modified_time":"2025-02-03T17:05:41+00:00","twitter_card":"summary_large_image","twitter_misc":{"Est. reading time":"2 minutes"},"schema":{"@context":"https:\/\/schema.org","@graph":[{"@type":"WebPage","@id":"https:\/\/admin.industriall-union.org\/es\/sindicalista-de-sudafrica-fue-elegida-parlamentaria\/","url":"https:\/\/admin.industriall-union.org\/es\/sindicalista-de-sudafrica-fue-elegida-parlamentaria\/","name":"Sindicalista de Sud\u00e1frica fue elegida parlamentaria - industriall-union","isPartOf":{"@id":"https:\/\/admin.industriall-union.org\/#website"},"datePublished":"2019-06-03T09:38:08+00:00","dateModified":"2025-02-03T17:05:41+00:00","description":"Este es el caso extraordinario de Beauty Zibula. Despu\u00e9s de trabajar durante m\u00e1s de cuatro d\u00e9cadas como maquinista de muestras, Zibula pas\u00f3 de ser","breadcrumb":{"@id":"https:\/\/admin.industriall-union.org\/es\/sindicalista-de-sudafrica-fue-elegida-parlamentaria\/#breadcrumb"},"inLanguage":"es-ES","potentialAction":[{"@type":"ReadAction","target":["https:\/\/admin.industriall-union.org\/es\/sindicalista-de-sudafrica-fue-elegida-parlamentaria\/"]}]},{"@type":"BreadcrumbList","@id":"https:\/\/admin.industriall-union.org\/es\/sindicalista-de-sudafrica-fue-elegida-parlamentaria\/#breadcrumb","itemListElement":[{"@type":"ListItem","position":1,"name":"Home","item":"https:\/\/admin.industriall-union.org\/"},{"@type":"ListItem","position":2,"name":"Articles","item":"https:\/\/admin.industriall-union.org\/article\/"},{"@type":"ListItem","position":3,"name":"Sindicalista de Sud\u00e1frica fue elegida parlamentaria"}]},{"@type":"WebSite","@id":"https:\/\/admin.industriall-union.org\/#website","url":"https:\/\/admin.industriall-union.org\/","name":"industriall-union","description":"","potentialAction":[{"@type":"SearchAction","target":{"@type":"EntryPoint","urlTemplate":"https:\/\/admin.industriall-union.org\/?s={search_term_string}"},"query-input":{"@type":"PropertyValueSpecification","valueRequired":true,"valueName":"search_term_string"}}],"inLanguage":"es-ES"}]}},"_links":{"self":[{"href":"https:\/\/admin.industriall-union.org\/es\/wp-json\/wp\/v2\/article\/160261","targetHints":{"allow":["GET"]}}],"collection":[{"href":"https:\/\/admin.industriall-union.org\/es\/wp-json\/wp\/v2\/article"}],"about":[{"href":"https:\/\/admin.industriall-union.org\/es\/wp-json\/wp\/v2\/types\/article"}],"wp:attachment":[{"href":"https:\/\/admin.industriall-union.org\/es\/wp-json\/wp\/v2\/media?parent=160261"}],"wp:term":[{"taxonomy":"issues","embeddable":true,"href":"https:\/\/admin.industriall-union.org\/es\/wp-json\/wp\/v2\/issues?post=160261"},{"taxonomy":"companies","embeddable":true,"href":"https:\/\/admin.industriall-union.org\/es\/wp-json\/wp\/v2\/companies?post=160261"},{"taxonomy":"regions","embeddable":true,"href":"https:\/\/admin.industriall-union.org\/es\/wp-json\/wp\/v2\/regions?post=160261"},{"taxonomy":"sectors","embeddable":true,"href":"https:\/\/admin.industriall-union.org\/es\/wp-json\/wp\/v2\/sectors?post=160261"},{"taxonomy":"article_tags","embeddable":true,"href":"https:\/\/admin.industriall-union.org\/es\/wp-json\/wp\/v2\/article_tags?post=160261"}],"curies":[{"name":"wp","href":"https:\/\/api.w.org\/{rel}","templated":true}]}}