{"id":160249,"date":"2019-06-05T14:58:52","date_gmt":"2019-06-05T14:58:52","guid":{"rendered":"https:\/\/admin.industriall-union.org\/el-comite-del-amg-de-stora-enso-planea-un-futuro-sostenible\/"},"modified":"2025-02-03T16:59:07","modified_gmt":"2025-02-03T16:59:07","slug":"el-comite-del-amg-de-stora-enso-planea-un-futuro-sostenible","status":"publish","type":"article","link":"https:\/\/admin.industriall-union.org\/es\/el-comite-del-amg-de-stora-enso-planea-un-futuro-sostenible\/","title":{"rendered":"El comit\u00e9 del AMG de Stora Enso planea un futuro sostenible"},"content":{"rendered":"<p>Las partes en el AMG se comprometieron a un di\u00e1logo continuo y se reunir\u00e1n cada dos a\u00f1os para supervisar la aplicaci\u00f3n del acuerdo en la empresa. Forman parte del comit\u00e9 los tres sindicatos mundiales, y tres sindicatos nacionales, Paperiliitto de Finlandia, y Pappers y GS Facket de Suecia. El comit\u00e9 directivo del Comit\u00e9 de Empresa Europeo de Stora Enso es otra parte importante del comit\u00e9.<\/p><p>Stora Enso est\u00e1 comprometida en la creaci\u00f3n de una empresa sostenible, y el AMG es un aspecto importante de esta estrategia. En su pol\u00edtica se considera que la sostenibilidad tiene tres esferas interconectadas: la ambiental, la econ\u00f3mica y la social. La empresa cree que un fuerte enfoque \u00e9tico le proporciona una ventaja competitiva en el mercado. Los consumidores son cada vez m\u00e1s conscientes y exigentes en lo que respecta al comportamiento ambiental y social.<\/p><p>La empresa est\u00e1 a la vanguardia del cambio industrial a la producci\u00f3n ambientalmente sostenible basada en tecnolog\u00edas renovables. Stora Enso aspira a desarrollar soluciones para hacer todo lo que se realiza actualmente con combustibles f\u00f3siles a partir de \u00e1rboles en el futuro. Esto comprende autom\u00f3viles, aviones, botellas de pl\u00e1stico, paneles solares e incluso rascacielos.<\/p><p>La direcci\u00f3n de Stora Enso present\u00f3 al comit\u00e9 su continua labor en las esferas espec\u00edficas de seguridad, condiciones de trabajo, \u00e9tica, abastecimiento responsable y desarrollo empresarial en general. El comit\u00e9 analiz\u00f3 las formas en que la participaci\u00f3n sindical podr\u00eda intensificarse en esas diferentes esferas de trabajo, y las discusiones continuar\u00e1n.<\/p><p>Malin Bendz, vicepresidente ejecutivo de recursos humanos en Stora Enso, declar\u00f3:<\/p><blockquote><p>&ldquo;El AMG&nbsp; es parte de todo lo que hacemos. Corresponde a nuestras creencias, a lo que tratamos de ser como empresa. Tenemos una asociaci\u00f3n y exploramos c\u00f3mo podemos trabajar juntos para ser m\u00e1s fuertes.&quot;<\/p><\/blockquote><p>Tom Grinter, director del sector de la pulpa y el papel en la IndustriALL, dijo:<\/p><blockquote><p>&ldquo;Stora Enso est\u00e1 haciendo muchas cosas bien. Nuestra prioridad para los representantes sindicales en la empresa es mejorar la consulta sindical y la participaci\u00f3n en las diversas iniciativas \u00e9ticas de Stora Enso. La importancia de esta compa\u00f1\u00eda seguir\u00e1 creciendo, y nuestro di\u00e1logo sobre el AMG acompa\u00f1ar\u00e1 ese crecimiento.&quot;<\/p><\/blockquote>","protected":false},"featured_media":0,"template":"","issues":[407],"companies":[],"regions":[202,216],"sectors":[474],"article_tags":[],"class_list":["post-160249","article","type-article","status-publish","hentry","issues-global-framework-agreements","regions-europe","regions-finland","sectors-pulp-and-paper"],"acf":[],"yoast_head":"<!-- This site is optimized with the Yoast SEO Premium plugin v27.1 (Yoast SEO v27.1) - https:\/\/yoast.com\/product\/yoast-seo-premium-wordpress\/ -->\n<title>El comit\u00e9 del AMG de Stora Enso planea un futuro sostenible - industriall-union<\/title>\n<meta name=\"description\" content=\"Las partes en el AMG se comprometieron a un di\u00e1logo continuo y se reunir\u00e1n cada dos a\u00f1os para supervisar la aplicaci\u00f3n del acuerdo en la empresa. Forman\" \/>\n<meta name=\"robots\" content=\"index, follow, max-snippet:-1, max-image-preview:large, max-video-preview:-1\" \/>\n<link rel=\"canonical\" href=\"https:\/\/admin.industriall-union.org\/es\/el-comite-del-amg-de-stora-enso-planea-un-futuro-sostenible\/\" \/>\n<meta property=\"og:locale\" content=\"es_ES\" \/>\n<meta property=\"og:type\" content=\"article\" \/>\n<meta property=\"og:title\" content=\"El comit\u00e9 del AMG de Stora Enso planea un futuro sostenible\" \/>\n<meta property=\"og:description\" content=\"Las partes en el AMG se comprometieron a un di\u00e1logo continuo y se reunir\u00e1n cada dos a\u00f1os para supervisar la aplicaci\u00f3n del acuerdo en la empresa. Forman\" \/>\n<meta property=\"og:url\" content=\"https:\/\/admin.industriall-union.org\/es\/el-comite-del-amg-de-stora-enso-planea-un-futuro-sostenible\/\" \/>\n<meta property=\"og:site_name\" content=\"industriall-union\" \/>\n<meta property=\"article:modified_time\" content=\"2025-02-03T16:59:07+00:00\" \/>\n<meta name=\"twitter:card\" content=\"summary_large_image\" \/>\n<meta name=\"twitter:label1\" content=\"Est. reading time\" \/>\n\t<meta name=\"twitter:data1\" content=\"2 minutes\" \/>\n<script type=\"application\/ld+json\" class=\"yoast-schema-graph\">{\"@context\":\"https:\/\/schema.org\",\"@graph\":[{\"@type\":\"WebPage\",\"@id\":\"https:\/\/admin.industriall-union.org\/es\/el-comite-del-amg-de-stora-enso-planea-un-futuro-sostenible\/\",\"url\":\"https:\/\/admin.industriall-union.org\/es\/el-comite-del-amg-de-stora-enso-planea-un-futuro-sostenible\/\",\"name\":\"El comit\u00e9 del AMG de Stora Enso planea un futuro sostenible - industriall-union\",\"isPartOf\":{\"@id\":\"https:\/\/admin.industriall-union.org\/#website\"},\"datePublished\":\"2019-06-05T14:58:52+00:00\",\"dateModified\":\"2025-02-03T16:59:07+00:00\",\"description\":\"Las partes en el AMG se comprometieron a un di\u00e1logo continuo y se reunir\u00e1n cada dos a\u00f1os para supervisar la aplicaci\u00f3n del acuerdo en la empresa. Forman\",\"breadcrumb\":{\"@id\":\"https:\/\/admin.industriall-union.org\/es\/el-comite-del-amg-de-stora-enso-planea-un-futuro-sostenible\/#breadcrumb\"},\"inLanguage\":\"es-ES\",\"potentialAction\":[{\"@type\":\"ReadAction\",\"target\":[\"https:\/\/admin.industriall-union.org\/es\/el-comite-del-amg-de-stora-enso-planea-un-futuro-sostenible\/\"]}]},{\"@type\":\"BreadcrumbList\",\"@id\":\"https:\/\/admin.industriall-union.org\/es\/el-comite-del-amg-de-stora-enso-planea-un-futuro-sostenible\/#breadcrumb\",\"itemListElement\":[{\"@type\":\"ListItem\",\"position\":1,\"name\":\"Home\",\"item\":\"https:\/\/admin.industriall-union.org\/\"},{\"@type\":\"ListItem\",\"position\":2,\"name\":\"Articles\",\"item\":\"https:\/\/admin.industriall-union.org\/article\/\"},{\"@type\":\"ListItem\",\"position\":3,\"name\":\"El comit\u00e9 del AMG de Stora Enso planea un futuro sostenible\"}]},{\"@type\":\"WebSite\",\"@id\":\"https:\/\/admin.industriall-union.org\/#website\",\"url\":\"https:\/\/admin.industriall-union.org\/\",\"name\":\"industriall-union\",\"description\":\"\",\"potentialAction\":[{\"@type\":\"SearchAction\",\"target\":{\"@type\":\"EntryPoint\",\"urlTemplate\":\"https:\/\/admin.industriall-union.org\/?s={search_term_string}\"},\"query-input\":{\"@type\":\"PropertyValueSpecification\",\"valueRequired\":true,\"valueName\":\"search_term_string\"}}],\"inLanguage\":\"es-ES\"}]}<\/script>\n<!-- \/ Yoast SEO Premium plugin. -->","yoast_head_json":{"title":"El comit\u00e9 del AMG de Stora Enso planea un futuro sostenible - industriall-union","description":"Las partes en el AMG se comprometieron a un di\u00e1logo continuo y se reunir\u00e1n cada dos a\u00f1os para supervisar la aplicaci\u00f3n del acuerdo en la empresa. Forman","robots":{"index":"index","follow":"follow","max-snippet":"max-snippet:-1","max-image-preview":"max-image-preview:large","max-video-preview":"max-video-preview:-1"},"canonical":"https:\/\/admin.industriall-union.org\/es\/el-comite-del-amg-de-stora-enso-planea-un-futuro-sostenible\/","og_locale":"es_ES","og_type":"article","og_title":"El comit\u00e9 del AMG de Stora Enso planea un futuro sostenible","og_description":"Las partes en el AMG se comprometieron a un di\u00e1logo continuo y se reunir\u00e1n cada dos a\u00f1os para supervisar la aplicaci\u00f3n del acuerdo en la empresa. Forman","og_url":"https:\/\/admin.industriall-union.org\/es\/el-comite-del-amg-de-stora-enso-planea-un-futuro-sostenible\/","og_site_name":"industriall-union","article_modified_time":"2025-02-03T16:59:07+00:00","twitter_card":"summary_large_image","twitter_misc":{"Est. reading time":"2 minutes"},"schema":{"@context":"https:\/\/schema.org","@graph":[{"@type":"WebPage","@id":"https:\/\/admin.industriall-union.org\/es\/el-comite-del-amg-de-stora-enso-planea-un-futuro-sostenible\/","url":"https:\/\/admin.industriall-union.org\/es\/el-comite-del-amg-de-stora-enso-planea-un-futuro-sostenible\/","name":"El comit\u00e9 del AMG de Stora Enso planea un futuro sostenible - industriall-union","isPartOf":{"@id":"https:\/\/admin.industriall-union.org\/#website"},"datePublished":"2019-06-05T14:58:52+00:00","dateModified":"2025-02-03T16:59:07+00:00","description":"Las partes en el AMG se comprometieron a un di\u00e1logo continuo y se reunir\u00e1n cada dos a\u00f1os para supervisar la aplicaci\u00f3n del acuerdo en la empresa. Forman","breadcrumb":{"@id":"https:\/\/admin.industriall-union.org\/es\/el-comite-del-amg-de-stora-enso-planea-un-futuro-sostenible\/#breadcrumb"},"inLanguage":"es-ES","potentialAction":[{"@type":"ReadAction","target":["https:\/\/admin.industriall-union.org\/es\/el-comite-del-amg-de-stora-enso-planea-un-futuro-sostenible\/"]}]},{"@type":"BreadcrumbList","@id":"https:\/\/admin.industriall-union.org\/es\/el-comite-del-amg-de-stora-enso-planea-un-futuro-sostenible\/#breadcrumb","itemListElement":[{"@type":"ListItem","position":1,"name":"Home","item":"https:\/\/admin.industriall-union.org\/"},{"@type":"ListItem","position":2,"name":"Articles","item":"https:\/\/admin.industriall-union.org\/article\/"},{"@type":"ListItem","position":3,"name":"El comit\u00e9 del AMG de Stora Enso planea un futuro sostenible"}]},{"@type":"WebSite","@id":"https:\/\/admin.industriall-union.org\/#website","url":"https:\/\/admin.industriall-union.org\/","name":"industriall-union","description":"","potentialAction":[{"@type":"SearchAction","target":{"@type":"EntryPoint","urlTemplate":"https:\/\/admin.industriall-union.org\/?s={search_term_string}"},"query-input":{"@type":"PropertyValueSpecification","valueRequired":true,"valueName":"search_term_string"}}],"inLanguage":"es-ES"}]}},"_links":{"self":[{"href":"https:\/\/admin.industriall-union.org\/es\/wp-json\/wp\/v2\/article\/160249","targetHints":{"allow":["GET"]}}],"collection":[{"href":"https:\/\/admin.industriall-union.org\/es\/wp-json\/wp\/v2\/article"}],"about":[{"href":"https:\/\/admin.industriall-union.org\/es\/wp-json\/wp\/v2\/types\/article"}],"wp:attachment":[{"href":"https:\/\/admin.industriall-union.org\/es\/wp-json\/wp\/v2\/media?parent=160249"}],"wp:term":[{"taxonomy":"issues","embeddable":true,"href":"https:\/\/admin.industriall-union.org\/es\/wp-json\/wp\/v2\/issues?post=160249"},{"taxonomy":"companies","embeddable":true,"href":"https:\/\/admin.industriall-union.org\/es\/wp-json\/wp\/v2\/companies?post=160249"},{"taxonomy":"regions","embeddable":true,"href":"https:\/\/admin.industriall-union.org\/es\/wp-json\/wp\/v2\/regions?post=160249"},{"taxonomy":"sectors","embeddable":true,"href":"https:\/\/admin.industriall-union.org\/es\/wp-json\/wp\/v2\/sectors?post=160249"},{"taxonomy":"article_tags","embeddable":true,"href":"https:\/\/admin.industriall-union.org\/es\/wp-json\/wp\/v2\/article_tags?post=160249"}],"curies":[{"name":"wp","href":"https:\/\/api.w.org\/{rel}","templated":true}]}}