{"id":160210,"date":"2019-06-17T15:12:26","date_gmt":"2019-06-17T15:12:26","guid":{"rendered":"https:\/\/admin.industriall-union.org\/usw-protesta-ante-la-oit-contra-autoridades-de-quebec\/"},"modified":"2025-02-03T16:24:21","modified_gmt":"2025-02-03T16:24:21","slug":"usw-protesta-ante-la-oit-contra-autoridades-de-quebec","status":"publish","type":"article","link":"https:\/\/admin.industriall-union.org\/es\/usw-protesta-ante-la-oit-contra-autoridades-de-quebec\/","title":{"rendered":"USW protesta ante la OIT contra autoridades de Quebec"},"content":{"rendered":"<p>La queja del USW se debe a la interferencia del primer ministro de Quebec, Fran\u00e7ois Legault, en las negociaciones durante el <a href=\"http:\/\/www.industriall-union.org\/workers-locked-out-of-canadian-aluminium-smelter-after-negotiations-break-down\">cierre patronal de 17 meses<\/a> en la fundici\u00f3n de aluminio en B\u00e9cancour, propiedad de las enormes empresas de producci\u00f3n de aluminio, Alcoa y Rio Tinto.<br \/>&nbsp;<br \/>Alain Croteau, dirigente de los Steelworkers en Quebec, afirm\u00f3: &ldquo;Con sus declaraciones destinadas a desacreditar el planteamiento del sindicato al calificarlo repetidamente como &quot;injustificado&quot;, el primer ministro dio su pleno apoyo a la posici\u00f3n empresarial en estas negociaciones con el sector privado. Esto es contrario al derecho internacional y le pedimos a la OIT que se encargue del caso&rdquo;.<br \/>&nbsp;<br \/>La queja del sindicato cita violaciones de los Convenios de la OIT sobre la libertad sindical y la protecci\u00f3n del derecho de sindicaci\u00f3n, la Declaraci\u00f3n sobre los principios y derechos fundamentales en el trabajo y la Declaraci\u00f3n tripartita de principios sobre las empresas multinacionales y la pol\u00edtica social, citando por lo menos nueve declaraciones p\u00fablicas del primer ministro entre el 1o de abril y el 3 de junio.<\/p><p>Por su parte, Cl\u00e9ment Masse, presidente del sindicato local 9700 del USW, se\u00f1al\u00f3: &ldquo;Al dar su respaldo al empleador, presionando indebidamente a los trabajadores y trabajadoras a trav\u00e9s de la opini\u00f3n p\u00fablica, el primer ministro ha socavado los procesos de negociaci\u00f3n y mediaci\u00f3n. Esta interferencia del primer ministro pone en duda la objetividad del gobierno con relaci\u00f3n al caso, precisamente en momentos en que el Ministro del Trabajo presentaba una propuesta de acuerdo y el sindicato solicita la cooperaci\u00f3n de las autoridades para hacer cumplir la legislaci\u00f3n contra el uso de esquiroles&rdquo;.<\/p><p>Alcoa y Rio Tinto comenzaron el cierre patronal en ABI el 11 de enero del a\u00f1o pasado, a pesar de que el sindicato hab\u00eda se\u00f1alado que no ten\u00eda la intenci\u00f3n de ejercer su derecho de huelga y que solo quedaban algunas cuestiones pendientes en las negociaciones. Posteriormente, la parte patronal ha agregado varias nuevas exigencias, lo que reduce a\u00fan m\u00e1s la posibilidad de llegar a un acuerdo. El 11 de marzo, el 82% de los miembros del sindicato rechazaron una oferta del empleador que era inferior a la que se hab\u00eda propuesto antes de que se impusiera el cierre patronal.<\/p><p>Por otro lado, Matthias Hartwich, director de IndustriALL para el sector de metales comunes, puntualiz\u00f3: &ldquo;IndustriALL Global Union considera inaceptable que los pol\u00edticos interfieran de manera tan parcial en las negociaciones con los interlocutores sociales. Constituye una grave amenaza para la libertad de sindicaci\u00f3n y el derecho a la negociaci\u00f3n colectiva.<\/p><p>&ldquo;Los trabajadores y trabajadoras participan en las elecciones y tienen derecho a ser respetados por los pol\u00edticos y los gobiernos. Apoyamos plenamente la preocupaci\u00f3n de nuestro afiliado por este desequilibrio de juicio en el manejo de las relaciones laborales, que conlleva una p\u00e9rdida de confianza en los pol\u00edticos&rdquo;.<\/p>","protected":false},"featured_media":0,"template":"","issues":[423,424],"companies":[],"regions":[309],"sectors":[481],"article_tags":[],"class_list":["post-160210","article","type-article","status-publish","hentry","issues-ilo-watch","issues-violation","regions-canada","sectors-base-metals"],"acf":[],"yoast_head":"<!-- This site is optimized with the Yoast SEO Premium plugin v27.1 (Yoast SEO v27.1) - https:\/\/yoast.com\/product\/yoast-seo-premium-wordpress\/ -->\n<title>USW protesta ante la OIT contra autoridades de Quebec - industriall-union<\/title>\n<meta name=\"description\" content=\"La queja del USW se debe a la interferencia del primer ministro de Quebec, Fran\u00e7ois Legault, en las negociaciones durante el cierre patronal de 17 meses\" \/>\n<meta name=\"robots\" content=\"index, follow, max-snippet:-1, max-image-preview:large, max-video-preview:-1\" \/>\n<link rel=\"canonical\" href=\"https:\/\/admin.industriall-union.org\/es\/usw-protesta-ante-la-oit-contra-autoridades-de-quebec\/\" \/>\n<meta property=\"og:locale\" content=\"es_ES\" \/>\n<meta property=\"og:type\" content=\"article\" \/>\n<meta property=\"og:title\" content=\"USW protesta ante la OIT contra autoridades de Quebec\" \/>\n<meta property=\"og:description\" content=\"La queja del USW se debe a la interferencia del primer ministro de Quebec, Fran\u00e7ois Legault, en las negociaciones durante el cierre patronal de 17 meses\" \/>\n<meta property=\"og:url\" content=\"https:\/\/admin.industriall-union.org\/es\/usw-protesta-ante-la-oit-contra-autoridades-de-quebec\/\" \/>\n<meta property=\"og:site_name\" content=\"industriall-union\" \/>\n<meta property=\"article:modified_time\" content=\"2025-02-03T16:24:21+00:00\" \/>\n<meta name=\"twitter:card\" content=\"summary_large_image\" \/>\n<meta name=\"twitter:label1\" content=\"Est. reading time\" \/>\n\t<meta name=\"twitter:data1\" content=\"3 minutes\" \/>\n<script type=\"application\/ld+json\" class=\"yoast-schema-graph\">{\"@context\":\"https:\/\/schema.org\",\"@graph\":[{\"@type\":\"WebPage\",\"@id\":\"https:\/\/admin.industriall-union.org\/es\/usw-protesta-ante-la-oit-contra-autoridades-de-quebec\/\",\"url\":\"https:\/\/admin.industriall-union.org\/es\/usw-protesta-ante-la-oit-contra-autoridades-de-quebec\/\",\"name\":\"USW protesta ante la OIT contra autoridades de Quebec - industriall-union\",\"isPartOf\":{\"@id\":\"https:\/\/admin.industriall-union.org\/#website\"},\"datePublished\":\"2019-06-17T15:12:26+00:00\",\"dateModified\":\"2025-02-03T16:24:21+00:00\",\"description\":\"La queja del USW se debe a la interferencia del primer ministro de Quebec, Fran\u00e7ois Legault, en las negociaciones durante el cierre patronal de 17 meses\",\"breadcrumb\":{\"@id\":\"https:\/\/admin.industriall-union.org\/es\/usw-protesta-ante-la-oit-contra-autoridades-de-quebec\/#breadcrumb\"},\"inLanguage\":\"es-ES\",\"potentialAction\":[{\"@type\":\"ReadAction\",\"target\":[\"https:\/\/admin.industriall-union.org\/es\/usw-protesta-ante-la-oit-contra-autoridades-de-quebec\/\"]}]},{\"@type\":\"BreadcrumbList\",\"@id\":\"https:\/\/admin.industriall-union.org\/es\/usw-protesta-ante-la-oit-contra-autoridades-de-quebec\/#breadcrumb\",\"itemListElement\":[{\"@type\":\"ListItem\",\"position\":1,\"name\":\"Home\",\"item\":\"https:\/\/admin.industriall-union.org\/\"},{\"@type\":\"ListItem\",\"position\":2,\"name\":\"Articles\",\"item\":\"https:\/\/admin.industriall-union.org\/article\/\"},{\"@type\":\"ListItem\",\"position\":3,\"name\":\"USW protesta ante la OIT contra autoridades de Quebec\"}]},{\"@type\":\"WebSite\",\"@id\":\"https:\/\/admin.industriall-union.org\/#website\",\"url\":\"https:\/\/admin.industriall-union.org\/\",\"name\":\"industriall-union\",\"description\":\"\",\"potentialAction\":[{\"@type\":\"SearchAction\",\"target\":{\"@type\":\"EntryPoint\",\"urlTemplate\":\"https:\/\/admin.industriall-union.org\/?s={search_term_string}\"},\"query-input\":{\"@type\":\"PropertyValueSpecification\",\"valueRequired\":true,\"valueName\":\"search_term_string\"}}],\"inLanguage\":\"es-ES\"}]}<\/script>\n<!-- \/ Yoast SEO Premium plugin. -->","yoast_head_json":{"title":"USW protesta ante la OIT contra autoridades de Quebec - industriall-union","description":"La queja del USW se debe a la interferencia del primer ministro de Quebec, Fran\u00e7ois Legault, en las negociaciones durante el cierre patronal de 17 meses","robots":{"index":"index","follow":"follow","max-snippet":"max-snippet:-1","max-image-preview":"max-image-preview:large","max-video-preview":"max-video-preview:-1"},"canonical":"https:\/\/admin.industriall-union.org\/es\/usw-protesta-ante-la-oit-contra-autoridades-de-quebec\/","og_locale":"es_ES","og_type":"article","og_title":"USW protesta ante la OIT contra autoridades de Quebec","og_description":"La queja del USW se debe a la interferencia del primer ministro de Quebec, Fran\u00e7ois Legault, en las negociaciones durante el cierre patronal de 17 meses","og_url":"https:\/\/admin.industriall-union.org\/es\/usw-protesta-ante-la-oit-contra-autoridades-de-quebec\/","og_site_name":"industriall-union","article_modified_time":"2025-02-03T16:24:21+00:00","twitter_card":"summary_large_image","twitter_misc":{"Est. reading time":"3 minutes"},"schema":{"@context":"https:\/\/schema.org","@graph":[{"@type":"WebPage","@id":"https:\/\/admin.industriall-union.org\/es\/usw-protesta-ante-la-oit-contra-autoridades-de-quebec\/","url":"https:\/\/admin.industriall-union.org\/es\/usw-protesta-ante-la-oit-contra-autoridades-de-quebec\/","name":"USW protesta ante la OIT contra autoridades de Quebec - industriall-union","isPartOf":{"@id":"https:\/\/admin.industriall-union.org\/#website"},"datePublished":"2019-06-17T15:12:26+00:00","dateModified":"2025-02-03T16:24:21+00:00","description":"La queja del USW se debe a la interferencia del primer ministro de Quebec, Fran\u00e7ois Legault, en las negociaciones durante el cierre patronal de 17 meses","breadcrumb":{"@id":"https:\/\/admin.industriall-union.org\/es\/usw-protesta-ante-la-oit-contra-autoridades-de-quebec\/#breadcrumb"},"inLanguage":"es-ES","potentialAction":[{"@type":"ReadAction","target":["https:\/\/admin.industriall-union.org\/es\/usw-protesta-ante-la-oit-contra-autoridades-de-quebec\/"]}]},{"@type":"BreadcrumbList","@id":"https:\/\/admin.industriall-union.org\/es\/usw-protesta-ante-la-oit-contra-autoridades-de-quebec\/#breadcrumb","itemListElement":[{"@type":"ListItem","position":1,"name":"Home","item":"https:\/\/admin.industriall-union.org\/"},{"@type":"ListItem","position":2,"name":"Articles","item":"https:\/\/admin.industriall-union.org\/article\/"},{"@type":"ListItem","position":3,"name":"USW protesta ante la OIT contra autoridades de Quebec"}]},{"@type":"WebSite","@id":"https:\/\/admin.industriall-union.org\/#website","url":"https:\/\/admin.industriall-union.org\/","name":"industriall-union","description":"","potentialAction":[{"@type":"SearchAction","target":{"@type":"EntryPoint","urlTemplate":"https:\/\/admin.industriall-union.org\/?s={search_term_string}"},"query-input":{"@type":"PropertyValueSpecification","valueRequired":true,"valueName":"search_term_string"}}],"inLanguage":"es-ES"}]}},"_links":{"self":[{"href":"https:\/\/admin.industriall-union.org\/es\/wp-json\/wp\/v2\/article\/160210","targetHints":{"allow":["GET"]}}],"collection":[{"href":"https:\/\/admin.industriall-union.org\/es\/wp-json\/wp\/v2\/article"}],"about":[{"href":"https:\/\/admin.industriall-union.org\/es\/wp-json\/wp\/v2\/types\/article"}],"wp:attachment":[{"href":"https:\/\/admin.industriall-union.org\/es\/wp-json\/wp\/v2\/media?parent=160210"}],"wp:term":[{"taxonomy":"issues","embeddable":true,"href":"https:\/\/admin.industriall-union.org\/es\/wp-json\/wp\/v2\/issues?post=160210"},{"taxonomy":"companies","embeddable":true,"href":"https:\/\/admin.industriall-union.org\/es\/wp-json\/wp\/v2\/companies?post=160210"},{"taxonomy":"regions","embeddable":true,"href":"https:\/\/admin.industriall-union.org\/es\/wp-json\/wp\/v2\/regions?post=160210"},{"taxonomy":"sectors","embeddable":true,"href":"https:\/\/admin.industriall-union.org\/es\/wp-json\/wp\/v2\/sectors?post=160210"},{"taxonomy":"article_tags","embeddable":true,"href":"https:\/\/admin.industriall-union.org\/es\/wp-json\/wp\/v2\/article_tags?post=160210"}],"curies":[{"name":"wp","href":"https:\/\/api.w.org\/{rel}","templated":true}]}}