{"id":160009,"date":"2019-07-11T14:45:32","date_gmt":"2019-07-11T14:45:32","guid":{"rendered":"https:\/\/admin.industriall-union.org\/sentencia-de-tribunal-de-apelaciones-amenaza-el-derecho-de-huelga-en-belgica\/"},"modified":"2025-02-03T15:26:20","modified_gmt":"2025-02-03T15:26:20","slug":"sentencia-de-tribunal-de-apelaciones-amenaza-el-derecho-de-huelga-en-belgica","status":"publish","type":"article","link":"https:\/\/admin.industriall-union.org\/es\/sentencia-de-tribunal-de-apelaciones-amenaza-el-derecho-de-huelga-en-belgica\/","title":{"rendered":"Sentencia de tribunal de apelaciones amenaza el derecho de huelga en B\u00e9lgica"},"content":{"rendered":"<p>Bruno Verlaeckt, presidente de la seccional sindical de Amberes de La Centrale G\u00e9n\u00e9rale &#8211; ABVV-FGTB, filial belga de IndustriALL Global Union, fue declarado culpable de &ldquo;obstrucci\u00f3n maliciosa del tr\u00e1fico&rdquo; despu\u00e9s de que su sindicato bloqueara rutas de acceso al puerto de Amberes en una protesta en 2016. Los huelguistas fueron enfrentados por la polic\u00eda que dispers\u00f3 la manifestaci\u00f3n y arrest\u00f3 a l\u00edderes sindicales.<\/p><p>Un representante de ABVV-FGTB dijo:<\/p><p>&ldquo;Para nosotros, los sindicatos, esta condena es una verdadera bofetada, porque en el futuro ser\u00e1 casi imposible realizar estas acciones si estamos amenazados con enfrentar un proceso penal&hellip; Este fallo carece de todo sentido de la justicia, constituye una grave amenaza al derecho de huelga y va en contra de la jurisprudencia europea, por lo que la FGTB tiene toda la intenci\u00f3n de apelar.<\/p><p>&ldquo;Nos negamos a aceptar que se nos arrebate la \u00fanica arma que tenemos, el derecho a la huelga y el piquete, y que activistas valientes como nuestros representantes sindicales sean tratados como delincuentes. &iexcl;Se ha ido demasiado lejos!&rdquo;<\/p><figure class=\"imageArticle imageMedium\"><img decoding=\"async\" alt=\"\" src=\"\/wp-content\/uploads\/images\/2019\/BELGIUM\/Antwerp_action\/3.jpg\" style=\"width: 600px;height: 401px\" \/><figcaption class=\"imageContent\"><div class=\"imageCaption\"><p>ABVV-FGTB (dejen de penalizar la acci\u00f3n social)<\/p><\/div><\/figcaption><\/figure><p>La FGTB tiene hasta el 25 de julio de 2019 para ir ante la Corte Suprema de B\u00e9lgica. La Corte Suprema tiene el poder de anular un fallo \u00fanicamente si el tribunal de apelaciones no ha interpretado o aplicado correctamente determinadas normas jur\u00eddicas. En este caso, el fallo puede ser anulado y devuelto por la Corte Suprema a otro tribunal de apelaciones. Este tribunal tendr\u00e1 que volver a evaluar los m\u00e9ritos del caso.<\/p><p>&quot;La acci\u00f3n organizada y no violenta en lugares p\u00fablicos es un derecho sindical fundamental que debe preservarse. La condena de Bruno Verlaeckt es una violaci\u00f3n de las libertades sindicales. IndustriALL condena el fallo del tribunal belga y expresa su solidaridad con los sindicatos, de cualquier parte del mundo, que luchan por preservar el derecho fundamental a la libertad de reuni\u00f3n y de asociaci\u00f3n pac\u00edficas&rdquo;, dijo Valter Sanches, secretario general de IndustriALL.<\/p><p>En la Conferencia Mundial de las Industrias Qu\u00edmicas de IndustriALL en Estambul el pasado mes de junio, 230 participantes de 45 pa\u00edses tambi\u00e9n manifestaron su apoyo y solidaridad con Bruno Verlaeckt.&nbsp;<\/p><p><span class=\"link link--twitter\">https:\/\/twitter.com\/IndustriALL_GU\/status\/1143880706017452032<\/span><\/p><figure class=\"imageArticle imageMedium\"><figcaption class=\"imageContent\"><div class=\"imageCaption\"><p>ABVV-FGTB<\/p><\/div><\/figcaption><\/figure>","protected":false},"featured_media":0,"template":"","issues":[425],"companies":[],"regions":[208,202],"sectors":[],"article_tags":[529],"class_list":["post-160009","article","type-article","status-publish","hentry","issues-workers-rights","regions-belgium","regions-europe","article_tags-strike"],"acf":[],"yoast_head":"<!-- This site is optimized with the Yoast SEO Premium plugin v27.1 (Yoast SEO v27.1) - https:\/\/yoast.com\/product\/yoast-seo-premium-wordpress\/ -->\n<title>Sentencia de tribunal de apelaciones amenaza el derecho de huelga en B\u00e9lgica - industriall-union<\/title>\n<meta name=\"description\" content=\"Bruno Verlaeckt, presidente de la seccional sindical de Amberes de La Centrale G\u00e9n\u00e9rale - ABVV-FGTB, filial belga de IndustriALL Global Union, fue\" \/>\n<meta name=\"robots\" content=\"index, follow, max-snippet:-1, max-image-preview:large, max-video-preview:-1\" \/>\n<link rel=\"canonical\" href=\"https:\/\/admin.industriall-union.org\/es\/sentencia-de-tribunal-de-apelaciones-amenaza-el-derecho-de-huelga-en-belgica\/\" \/>\n<meta property=\"og:locale\" content=\"es_ES\" \/>\n<meta property=\"og:type\" content=\"article\" \/>\n<meta property=\"og:title\" content=\"Sentencia de tribunal de apelaciones amenaza el derecho de huelga en B\u00e9lgica\" \/>\n<meta property=\"og:description\" content=\"Bruno Verlaeckt, presidente de la seccional sindical de Amberes de La Centrale G\u00e9n\u00e9rale - ABVV-FGTB, filial belga de IndustriALL Global Union, fue\" \/>\n<meta property=\"og:url\" content=\"https:\/\/admin.industriall-union.org\/es\/sentencia-de-tribunal-de-apelaciones-amenaza-el-derecho-de-huelga-en-belgica\/\" \/>\n<meta property=\"og:site_name\" content=\"industriall-union\" \/>\n<meta property=\"article:modified_time\" content=\"2025-02-03T15:26:20+00:00\" \/>\n<meta name=\"twitter:card\" content=\"summary_large_image\" \/>\n<meta name=\"twitter:label1\" content=\"Est. reading time\" \/>\n\t<meta name=\"twitter:data1\" content=\"2 minutes\" \/>\n<script type=\"application\/ld+json\" class=\"yoast-schema-graph\">{\"@context\":\"https:\/\/schema.org\",\"@graph\":[{\"@type\":\"WebPage\",\"@id\":\"https:\/\/admin.industriall-union.org\/es\/sentencia-de-tribunal-de-apelaciones-amenaza-el-derecho-de-huelga-en-belgica\/\",\"url\":\"https:\/\/admin.industriall-union.org\/es\/sentencia-de-tribunal-de-apelaciones-amenaza-el-derecho-de-huelga-en-belgica\/\",\"name\":\"Sentencia de tribunal de apelaciones amenaza el derecho de huelga en B\u00e9lgica - industriall-union\",\"isPartOf\":{\"@id\":\"https:\/\/admin.industriall-union.org\/#website\"},\"datePublished\":\"2019-07-11T14:45:32+00:00\",\"dateModified\":\"2025-02-03T15:26:20+00:00\",\"description\":\"Bruno Verlaeckt, presidente de la seccional sindical de Amberes de La Centrale G\u00e9n\u00e9rale - ABVV-FGTB, filial belga de IndustriALL Global Union, fue\",\"breadcrumb\":{\"@id\":\"https:\/\/admin.industriall-union.org\/es\/sentencia-de-tribunal-de-apelaciones-amenaza-el-derecho-de-huelga-en-belgica\/#breadcrumb\"},\"inLanguage\":\"es-ES\",\"potentialAction\":[{\"@type\":\"ReadAction\",\"target\":[\"https:\/\/admin.industriall-union.org\/es\/sentencia-de-tribunal-de-apelaciones-amenaza-el-derecho-de-huelga-en-belgica\/\"]}]},{\"@type\":\"BreadcrumbList\",\"@id\":\"https:\/\/admin.industriall-union.org\/es\/sentencia-de-tribunal-de-apelaciones-amenaza-el-derecho-de-huelga-en-belgica\/#breadcrumb\",\"itemListElement\":[{\"@type\":\"ListItem\",\"position\":1,\"name\":\"Home\",\"item\":\"https:\/\/admin.industriall-union.org\/\"},{\"@type\":\"ListItem\",\"position\":2,\"name\":\"Articles\",\"item\":\"https:\/\/admin.industriall-union.org\/article\/\"},{\"@type\":\"ListItem\",\"position\":3,\"name\":\"Sentencia de tribunal de apelaciones amenaza el derecho de huelga en B\u00e9lgica\"}]},{\"@type\":\"WebSite\",\"@id\":\"https:\/\/admin.industriall-union.org\/#website\",\"url\":\"https:\/\/admin.industriall-union.org\/\",\"name\":\"industriall-union\",\"description\":\"\",\"potentialAction\":[{\"@type\":\"SearchAction\",\"target\":{\"@type\":\"EntryPoint\",\"urlTemplate\":\"https:\/\/admin.industriall-union.org\/?s={search_term_string}\"},\"query-input\":{\"@type\":\"PropertyValueSpecification\",\"valueRequired\":true,\"valueName\":\"search_term_string\"}}],\"inLanguage\":\"es-ES\"}]}<\/script>\n<!-- \/ Yoast SEO Premium plugin. -->","yoast_head_json":{"title":"Sentencia de tribunal de apelaciones amenaza el derecho de huelga en B\u00e9lgica - industriall-union","description":"Bruno Verlaeckt, presidente de la seccional sindical de Amberes de La Centrale G\u00e9n\u00e9rale - ABVV-FGTB, filial belga de IndustriALL Global Union, fue","robots":{"index":"index","follow":"follow","max-snippet":"max-snippet:-1","max-image-preview":"max-image-preview:large","max-video-preview":"max-video-preview:-1"},"canonical":"https:\/\/admin.industriall-union.org\/es\/sentencia-de-tribunal-de-apelaciones-amenaza-el-derecho-de-huelga-en-belgica\/","og_locale":"es_ES","og_type":"article","og_title":"Sentencia de tribunal de apelaciones amenaza el derecho de huelga en B\u00e9lgica","og_description":"Bruno Verlaeckt, presidente de la seccional sindical de Amberes de La Centrale G\u00e9n\u00e9rale - ABVV-FGTB, filial belga de IndustriALL Global Union, fue","og_url":"https:\/\/admin.industriall-union.org\/es\/sentencia-de-tribunal-de-apelaciones-amenaza-el-derecho-de-huelga-en-belgica\/","og_site_name":"industriall-union","article_modified_time":"2025-02-03T15:26:20+00:00","twitter_card":"summary_large_image","twitter_misc":{"Est. reading time":"2 minutes"},"schema":{"@context":"https:\/\/schema.org","@graph":[{"@type":"WebPage","@id":"https:\/\/admin.industriall-union.org\/es\/sentencia-de-tribunal-de-apelaciones-amenaza-el-derecho-de-huelga-en-belgica\/","url":"https:\/\/admin.industriall-union.org\/es\/sentencia-de-tribunal-de-apelaciones-amenaza-el-derecho-de-huelga-en-belgica\/","name":"Sentencia de tribunal de apelaciones amenaza el derecho de huelga en B\u00e9lgica - industriall-union","isPartOf":{"@id":"https:\/\/admin.industriall-union.org\/#website"},"datePublished":"2019-07-11T14:45:32+00:00","dateModified":"2025-02-03T15:26:20+00:00","description":"Bruno Verlaeckt, presidente de la seccional sindical de Amberes de La Centrale G\u00e9n\u00e9rale - ABVV-FGTB, filial belga de IndustriALL Global Union, fue","breadcrumb":{"@id":"https:\/\/admin.industriall-union.org\/es\/sentencia-de-tribunal-de-apelaciones-amenaza-el-derecho-de-huelga-en-belgica\/#breadcrumb"},"inLanguage":"es-ES","potentialAction":[{"@type":"ReadAction","target":["https:\/\/admin.industriall-union.org\/es\/sentencia-de-tribunal-de-apelaciones-amenaza-el-derecho-de-huelga-en-belgica\/"]}]},{"@type":"BreadcrumbList","@id":"https:\/\/admin.industriall-union.org\/es\/sentencia-de-tribunal-de-apelaciones-amenaza-el-derecho-de-huelga-en-belgica\/#breadcrumb","itemListElement":[{"@type":"ListItem","position":1,"name":"Home","item":"https:\/\/admin.industriall-union.org\/"},{"@type":"ListItem","position":2,"name":"Articles","item":"https:\/\/admin.industriall-union.org\/article\/"},{"@type":"ListItem","position":3,"name":"Sentencia de tribunal de apelaciones amenaza el derecho de huelga en B\u00e9lgica"}]},{"@type":"WebSite","@id":"https:\/\/admin.industriall-union.org\/#website","url":"https:\/\/admin.industriall-union.org\/","name":"industriall-union","description":"","potentialAction":[{"@type":"SearchAction","target":{"@type":"EntryPoint","urlTemplate":"https:\/\/admin.industriall-union.org\/?s={search_term_string}"},"query-input":{"@type":"PropertyValueSpecification","valueRequired":true,"valueName":"search_term_string"}}],"inLanguage":"es-ES"}]}},"_links":{"self":[{"href":"https:\/\/admin.industriall-union.org\/es\/wp-json\/wp\/v2\/article\/160009","targetHints":{"allow":["GET"]}}],"collection":[{"href":"https:\/\/admin.industriall-union.org\/es\/wp-json\/wp\/v2\/article"}],"about":[{"href":"https:\/\/admin.industriall-union.org\/es\/wp-json\/wp\/v2\/types\/article"}],"wp:attachment":[{"href":"https:\/\/admin.industriall-union.org\/es\/wp-json\/wp\/v2\/media?parent=160009"}],"wp:term":[{"taxonomy":"issues","embeddable":true,"href":"https:\/\/admin.industriall-union.org\/es\/wp-json\/wp\/v2\/issues?post=160009"},{"taxonomy":"companies","embeddable":true,"href":"https:\/\/admin.industriall-union.org\/es\/wp-json\/wp\/v2\/companies?post=160009"},{"taxonomy":"regions","embeddable":true,"href":"https:\/\/admin.industriall-union.org\/es\/wp-json\/wp\/v2\/regions?post=160009"},{"taxonomy":"sectors","embeddable":true,"href":"https:\/\/admin.industriall-union.org\/es\/wp-json\/wp\/v2\/sectors?post=160009"},{"taxonomy":"article_tags","embeddable":true,"href":"https:\/\/admin.industriall-union.org\/es\/wp-json\/wp\/v2\/article_tags?post=160009"}],"curies":[{"name":"wp","href":"https:\/\/api.w.org\/{rel}","templated":true}]}}