{"id":159939,"date":"2019-07-24T18:27:04","date_gmt":"2019-07-24T18:27:04","guid":{"rendered":"https:\/\/admin.industriall-union.org\/textiles-de-peru-protestan-contra-ceses-colectivos-en-hialpesa\/"},"modified":"2025-02-03T15:15:52","modified_gmt":"2025-02-03T15:15:52","slug":"textiles-de-peru-protestan-contra-ceses-colectivos-en-hialpesa","status":"publish","type":"article","link":"https:\/\/admin.industriall-union.org\/es\/textiles-de-peru-protestan-contra-ceses-colectivos-en-hialpesa\/","title":{"rendered":"Textiles de Per\u00fa protestan contra ceses colectivos en Hialpesa"},"content":{"rendered":"<p>&ldquo;La empresa textil Hilander\u00eda de Algod\u00f3n Peruano s.a. (Hialpesa) inici\u00f3 un brutal atropello a los derechos de los trabajadores, ampar\u00e1ndose en la ley de Ceses Colectivos, cerrando las puertas unilateralmente a m\u00e1s de 190 trabajadores (entre ellos 95 afiliados y 8 dirigentes sindicales) de las unidades de producci\u00f3n de hilander\u00eda y tejedur\u00eda.<\/p><p>De esta manera pretende eliminar a la organizaci\u00f3n sindical, que siempre fue consecuente en la lucha por los derechos laborales de sus afiliados&rdquo; dijo la Federaci\u00f3n Nacional de Trabajadores Textiles de Per\u00fa (FNTTP, afiliada a IndustriALL Global Union) en un comunicado oficial.<\/p><p>El Sindicato y la FNTTP (a la cual est\u00e1 afiliada el gremio) llevan a cabo una serie de acciones desde que anunciaron los ceses colectivos 5 de junio. Algunas de esas medidas incluyen marchas, concentraciones frente al Ministerio de Trabajo y ollas de comida en solidaridad con los trabajadores.<\/p><p>Seg\u00fan el secretario general del Sindicato Hialpesa (afiliado a la FNTTP), M\u00e1ximo Guti\u00e9rrez, la empresa comenz\u00f3 a tramitar una solicitud de ceses colectivos ante el Ministerio de Trabajo, en base a las facultades que le otorga la Ley 728, de Competitividad y Productividad laboral.<\/p><p>Los art\u00edculos 46, 47 y 48 de dicha ley establecen que la terminaci\u00f3n colectiva de los contratos de trabajo puede efectuarse por causas de:<\/p><ul><li>El caso fortuito y la fuerza mayor;<\/li><li>Los motivos econ\u00f3micos, tecnol\u00f3gicos, estructurales o an\u00e1logos;<\/li><li>La disoluci\u00f3n y liquidaci\u00f3n de la empresa, y la quiebra;<\/li><li>La reestructuraci\u00f3n patrimonial sujeta al Decreto Legislativo N&ordm; 845.<\/li><\/ul><p>La norma pauta que si bien las empresas pueden iniciar la solicitud de los ceses colectivos ante el Ministerio de Trabajo, es el Ministerio quien luego verificar\u00e1 si cumpli\u00f3 o no con los requisitos. De no cumplir con las causas mencionadas, se declara la improcedencia de los ceses.<\/p><p>&ldquo;Desde que la empresa solicit\u00f3 los ceses por motivos econ\u00f3micos, tecnol\u00f3gicos, estructurales o an\u00e1logos (hace casi dos meses), los trabajadores est\u00e1n en &ldquo;stand by&rdquo;: no est\u00e1n ni despedidos ni trabajando y no tienen ingresos econ\u00f3micos.<\/p><p>El Ministerio est\u00e1 evaluando la solicitud, si pasa o no el cese. Ahora depende de los 95 afiliados que permanezcan unidos. Es una lucha que va a durar a\u00f1os y su resultado depende de nuestra resistencia&rdquo; dijo Guti\u00e9rrez.<\/p><p>Por su parte, el secretario regional de IndustriALL, Marino Vani, expres\u00f3:<\/p><blockquote><p>&ldquo;Nos solidarizamos con nuestra afiliada FNTTP, con el sindicato local, los trabajadores y sus familias. El comportamiento que adopta Hialpesa con quienes la ayudaron a obtener ganancias y desarrollo industrial, es lamentable. Le llamamos la atenci\u00f3n al Ministerio del Trabajo y a la empresa para que construyan una soluci\u00f3n junto a los trabajadores y su sindicato.&ldquo;<\/p><\/blockquote>","protected":false},"featured_media":0,"template":"","issues":[422,425],"companies":[],"regions":[254,279],"sectors":[447],"article_tags":[505,513,533],"class_list":["post-159939","article","type-article","status-publish","hentry","issues-human-trade-union-rights","issues-workers-rights","regions-latin-america-and-the-caribbean","regions-peru","sectors-textil-cuero-ropa-calzado-servicios-textiles","article_tags-collective-bargaining","article_tags-labour-laws","article_tags-unemployment"],"acf":[],"yoast_head":"<!-- This site is optimized with the Yoast SEO Premium plugin v27.1 (Yoast SEO v27.1) - https:\/\/yoast.com\/product\/yoast-seo-premium-wordpress\/ -->\n<title>Textiles de Per\u00fa protestan contra ceses colectivos en Hialpesa - industriall-union<\/title>\n<meta name=\"description\" content=\"&ldquo;La empresa textil Hilander\u00eda de Algod\u00f3n Peruano s.a. (Hialpesa) inici\u00f3 un brutal atropello a los derechos de los trabajadores, ampar\u00e1ndose en la\" \/>\n<meta name=\"robots\" content=\"index, follow, max-snippet:-1, max-image-preview:large, max-video-preview:-1\" \/>\n<link rel=\"canonical\" href=\"https:\/\/admin.industriall-union.org\/es\/textiles-de-peru-protestan-contra-ceses-colectivos-en-hialpesa\/\" \/>\n<meta property=\"og:locale\" content=\"es_ES\" \/>\n<meta property=\"og:type\" content=\"article\" \/>\n<meta property=\"og:title\" content=\"Textiles de Per\u00fa protestan contra ceses colectivos en Hialpesa\" \/>\n<meta property=\"og:description\" content=\"&ldquo;La empresa textil Hilander\u00eda de Algod\u00f3n Peruano s.a. (Hialpesa) inici\u00f3 un brutal atropello a los derechos de los trabajadores, ampar\u00e1ndose en la\" \/>\n<meta property=\"og:url\" content=\"https:\/\/admin.industriall-union.org\/es\/textiles-de-peru-protestan-contra-ceses-colectivos-en-hialpesa\/\" \/>\n<meta property=\"og:site_name\" content=\"industriall-union\" \/>\n<meta property=\"article:modified_time\" content=\"2025-02-03T15:15:52+00:00\" \/>\n<meta name=\"twitter:card\" content=\"summary_large_image\" \/>\n<meta name=\"twitter:label1\" content=\"Est. reading time\" \/>\n\t<meta name=\"twitter:data1\" content=\"2 minutes\" \/>\n<script type=\"application\/ld+json\" class=\"yoast-schema-graph\">{\"@context\":\"https:\/\/schema.org\",\"@graph\":[{\"@type\":\"WebPage\",\"@id\":\"https:\/\/admin.industriall-union.org\/es\/textiles-de-peru-protestan-contra-ceses-colectivos-en-hialpesa\/\",\"url\":\"https:\/\/admin.industriall-union.org\/es\/textiles-de-peru-protestan-contra-ceses-colectivos-en-hialpesa\/\",\"name\":\"Textiles de Per\u00fa protestan contra ceses colectivos en Hialpesa - industriall-union\",\"isPartOf\":{\"@id\":\"https:\/\/admin.industriall-union.org\/#website\"},\"datePublished\":\"2019-07-24T18:27:04+00:00\",\"dateModified\":\"2025-02-03T15:15:52+00:00\",\"description\":\"&ldquo;La empresa textil Hilander\u00eda de Algod\u00f3n Peruano s.a. (Hialpesa) inici\u00f3 un brutal atropello a los derechos de los trabajadores, ampar\u00e1ndose en la\",\"breadcrumb\":{\"@id\":\"https:\/\/admin.industriall-union.org\/es\/textiles-de-peru-protestan-contra-ceses-colectivos-en-hialpesa\/#breadcrumb\"},\"inLanguage\":\"es-ES\",\"potentialAction\":[{\"@type\":\"ReadAction\",\"target\":[\"https:\/\/admin.industriall-union.org\/es\/textiles-de-peru-protestan-contra-ceses-colectivos-en-hialpesa\/\"]}]},{\"@type\":\"BreadcrumbList\",\"@id\":\"https:\/\/admin.industriall-union.org\/es\/textiles-de-peru-protestan-contra-ceses-colectivos-en-hialpesa\/#breadcrumb\",\"itemListElement\":[{\"@type\":\"ListItem\",\"position\":1,\"name\":\"Home\",\"item\":\"https:\/\/admin.industriall-union.org\/\"},{\"@type\":\"ListItem\",\"position\":2,\"name\":\"Articles\",\"item\":\"https:\/\/admin.industriall-union.org\/article\/\"},{\"@type\":\"ListItem\",\"position\":3,\"name\":\"Textiles de Per\u00fa protestan contra ceses colectivos en Hialpesa\"}]},{\"@type\":\"WebSite\",\"@id\":\"https:\/\/admin.industriall-union.org\/#website\",\"url\":\"https:\/\/admin.industriall-union.org\/\",\"name\":\"industriall-union\",\"description\":\"\",\"potentialAction\":[{\"@type\":\"SearchAction\",\"target\":{\"@type\":\"EntryPoint\",\"urlTemplate\":\"https:\/\/admin.industriall-union.org\/?s={search_term_string}\"},\"query-input\":{\"@type\":\"PropertyValueSpecification\",\"valueRequired\":true,\"valueName\":\"search_term_string\"}}],\"inLanguage\":\"es-ES\"}]}<\/script>\n<!-- \/ Yoast SEO Premium plugin. -->","yoast_head_json":{"title":"Textiles de Per\u00fa protestan contra ceses colectivos en Hialpesa - industriall-union","description":"&ldquo;La empresa textil Hilander\u00eda de Algod\u00f3n Peruano s.a. (Hialpesa) inici\u00f3 un brutal atropello a los derechos de los trabajadores, ampar\u00e1ndose en la","robots":{"index":"index","follow":"follow","max-snippet":"max-snippet:-1","max-image-preview":"max-image-preview:large","max-video-preview":"max-video-preview:-1"},"canonical":"https:\/\/admin.industriall-union.org\/es\/textiles-de-peru-protestan-contra-ceses-colectivos-en-hialpesa\/","og_locale":"es_ES","og_type":"article","og_title":"Textiles de Per\u00fa protestan contra ceses colectivos en Hialpesa","og_description":"&ldquo;La empresa textil Hilander\u00eda de Algod\u00f3n Peruano s.a. (Hialpesa) inici\u00f3 un brutal atropello a los derechos de los trabajadores, ampar\u00e1ndose en la","og_url":"https:\/\/admin.industriall-union.org\/es\/textiles-de-peru-protestan-contra-ceses-colectivos-en-hialpesa\/","og_site_name":"industriall-union","article_modified_time":"2025-02-03T15:15:52+00:00","twitter_card":"summary_large_image","twitter_misc":{"Est. reading time":"2 minutes"},"schema":{"@context":"https:\/\/schema.org","@graph":[{"@type":"WebPage","@id":"https:\/\/admin.industriall-union.org\/es\/textiles-de-peru-protestan-contra-ceses-colectivos-en-hialpesa\/","url":"https:\/\/admin.industriall-union.org\/es\/textiles-de-peru-protestan-contra-ceses-colectivos-en-hialpesa\/","name":"Textiles de Per\u00fa protestan contra ceses colectivos en Hialpesa - industriall-union","isPartOf":{"@id":"https:\/\/admin.industriall-union.org\/#website"},"datePublished":"2019-07-24T18:27:04+00:00","dateModified":"2025-02-03T15:15:52+00:00","description":"&ldquo;La empresa textil Hilander\u00eda de Algod\u00f3n Peruano s.a. (Hialpesa) inici\u00f3 un brutal atropello a los derechos de los trabajadores, ampar\u00e1ndose en la","breadcrumb":{"@id":"https:\/\/admin.industriall-union.org\/es\/textiles-de-peru-protestan-contra-ceses-colectivos-en-hialpesa\/#breadcrumb"},"inLanguage":"es-ES","potentialAction":[{"@type":"ReadAction","target":["https:\/\/admin.industriall-union.org\/es\/textiles-de-peru-protestan-contra-ceses-colectivos-en-hialpesa\/"]}]},{"@type":"BreadcrumbList","@id":"https:\/\/admin.industriall-union.org\/es\/textiles-de-peru-protestan-contra-ceses-colectivos-en-hialpesa\/#breadcrumb","itemListElement":[{"@type":"ListItem","position":1,"name":"Home","item":"https:\/\/admin.industriall-union.org\/"},{"@type":"ListItem","position":2,"name":"Articles","item":"https:\/\/admin.industriall-union.org\/article\/"},{"@type":"ListItem","position":3,"name":"Textiles de Per\u00fa protestan contra ceses colectivos en Hialpesa"}]},{"@type":"WebSite","@id":"https:\/\/admin.industriall-union.org\/#website","url":"https:\/\/admin.industriall-union.org\/","name":"industriall-union","description":"","potentialAction":[{"@type":"SearchAction","target":{"@type":"EntryPoint","urlTemplate":"https:\/\/admin.industriall-union.org\/?s={search_term_string}"},"query-input":{"@type":"PropertyValueSpecification","valueRequired":true,"valueName":"search_term_string"}}],"inLanguage":"es-ES"}]}},"_links":{"self":[{"href":"https:\/\/admin.industriall-union.org\/es\/wp-json\/wp\/v2\/article\/159939","targetHints":{"allow":["GET"]}}],"collection":[{"href":"https:\/\/admin.industriall-union.org\/es\/wp-json\/wp\/v2\/article"}],"about":[{"href":"https:\/\/admin.industriall-union.org\/es\/wp-json\/wp\/v2\/types\/article"}],"wp:attachment":[{"href":"https:\/\/admin.industriall-union.org\/es\/wp-json\/wp\/v2\/media?parent=159939"}],"wp:term":[{"taxonomy":"issues","embeddable":true,"href":"https:\/\/admin.industriall-union.org\/es\/wp-json\/wp\/v2\/issues?post=159939"},{"taxonomy":"companies","embeddable":true,"href":"https:\/\/admin.industriall-union.org\/es\/wp-json\/wp\/v2\/companies?post=159939"},{"taxonomy":"regions","embeddable":true,"href":"https:\/\/admin.industriall-union.org\/es\/wp-json\/wp\/v2\/regions?post=159939"},{"taxonomy":"sectors","embeddable":true,"href":"https:\/\/admin.industriall-union.org\/es\/wp-json\/wp\/v2\/sectors?post=159939"},{"taxonomy":"article_tags","embeddable":true,"href":"https:\/\/admin.industriall-union.org\/es\/wp-json\/wp\/v2\/article_tags?post=159939"}],"curies":[{"name":"wp","href":"https:\/\/api.w.org\/{rel}","templated":true}]}}