{"id":159891,"date":"2019-08-02T18:48:08","date_gmt":"2019-08-02T18:48:08","guid":{"rendered":"https:\/\/admin.industriall-union.org\/jovenes-de-argentina-quieren-mas-trabajo-decente\/"},"modified":"2025-02-03T15:01:41","modified_gmt":"2025-02-03T15:01:41","slug":"jovenes-de-argentina-quieren-mas-trabajo-decente","status":"publish","type":"article","link":"https:\/\/admin.industriall-union.org\/es\/jovenes-de-argentina-quieren-mas-trabajo-decente\/","title":{"rendered":"J\u00f3venes de Argentina quieren m\u00e1s trabajo decente"},"content":{"rendered":"<p>11 mujeres y 14 hombres asistieron al cuarto Seminario Nacional del Proyecto de educaci\u00f3n y potenciaci\u00f3n sindical de la juventud de IndustriALL y DGB Bildugswerk, del 29 al 30 de julio en Buenos Aires, Argentina. &nbsp;<\/p><p>Las coordinadoras y asistentes del proyecto en el pa\u00eds, Bel\u00e9n Ca\u00f1ete y Natalia Talabera, prepararon las din\u00e1micas y tem\u00e1ticas de la primera jornada, con el apoyo de la coordinadora del proyecto de IndustriALL a nivel regional, Julieta \u00c1valos. &nbsp;<\/p><p>Expusieron sobre la propagaci\u00f3n del trabajo precario en el pa\u00eds. Dialogaron sobre el proyecto de reforma laboral que impulsa el presidente de Argentina, Mauricio Macri, con el que podr\u00eda legalizar y naturalizar la precarizaci\u00f3n del trabajo. Los j\u00f3venes aseguraron que necesitan construir poder sindical y luchar contra ese deseo del gobierno.<\/p><p>A su vez, mencionaron c\u00f3mo las empresas de plataformas online tercerizan a sus empleados, y de c\u00f3mo en toda la cadena de suministro de la industria argentina someten a sus trabajadores a la precariedad laboral y los exponen a constantes riesgos. &nbsp;<\/p><p>&ldquo;Queremos erradicar la expresi\u00f3n &ldquo;trabajo en negro&rdquo; que es muy usual en nuestro pa\u00eds, pero connota discriminaci\u00f3n. En su lugar, hablamos del trabajo precario. Ejemplificamos con los trabajos de aplicaciones de delivery y c\u00f3mo en un mes se registraron 25 accidentes laborales. Manifestamos la necesidad de crear pol\u00edticas para sindicalizar a esas personas y fomentar empleos decentes&rdquo;<\/p><p>dijo Ca\u00f1ete. &nbsp;<\/p><p>Otro interesante intercambio se gener\u00f3 a partir de las preguntas: &ldquo;&iquest;Qu\u00e9 es un sindicato?&ldquo; y &ldquo;&iquest;Qu\u00e9 es ser un\/a dirigente\/a sindical?&rdquo;. Analizaron un documento sobre qu\u00e9 es un l\u00edder y se\u00f1alaron cu\u00e1les son los valores que consideran que deben tener y transmitir. &nbsp;<\/p><p>Tambi\u00e9n indagaron acerca de qu\u00e9 son las pol\u00edticas sindicales para la juventud y los modelos de estructuras de representaci\u00f3n en los sindicatos. Resaltaron la importancia de continuar con la implementaci\u00f3n de sus &ldquo;Planes de Acci\u00f3n Sindicales&rdquo; (PAS) para intentar establecer dichas pol\u00edticas y crear espacios para los j\u00f3venes en sus organizaciones sindicales. &nbsp;<\/p><p>&ldquo;Presentamos nuestros PAS, las modificaciones y avances. Me llam\u00f3 la atenci\u00f3n que la mayor\u00eda propuso acciones grandes para atraer a m\u00e1s mujeres y j\u00f3venes a los sindicatos. Veo c\u00f3mo los proyectos evolucionan y que a la vez nosotros tambi\u00e9n vamos creciendo y nos comportamos diferente. Hay un sentido de pertenencia que todos empezamos a tener por ser parte del grupo de IndustriALL, m\u00e1s all\u00e1 del sindicato del que cada uno viene.&rdquo; concluy\u00f3 Ca\u00f1ete. &nbsp;<\/p><p>Finalmente, el secretario regional de IndustriALL, Marino Vani, expres\u00f3: &nbsp;<\/p><blockquote><p>&ldquo;Fue un excelente seminario. Los j\u00f3venes se apoderaron de las herramientas y conceptos necesarios para organizarse, liderar y luchar como clase trabajadora de la industria. Felicitamos a nuestras afiliadas que apoyan y siguen apostando al fortalecimiento de la juventud y a un mayor poder sindical para los desaf\u00edos que nos tocan.&rdquo;<\/p><\/blockquote>","protected":false},"featured_media":0,"template":"","issues":[384,415,425],"companies":[],"regions":[256,254],"sectors":[],"article_tags":[511,536],"class_list":["post-159891","article","type-article","status-publish","hentry","issues-stop-al-trabajo-precario","issues-stop-precarious-work","issues-workers-rights","regions-argentina","regions-latin-america-and-the-caribbean","article_tags-industriall","article_tags-youth"],"acf":[],"yoast_head":"<!-- This site is optimized with the Yoast SEO Premium plugin v27.1 (Yoast SEO v27.1) - https:\/\/yoast.com\/product\/yoast-seo-premium-wordpress\/ -->\n<title>J\u00f3venes de Argentina quieren m\u00e1s trabajo decente - industriall-union<\/title>\n<meta name=\"description\" content=\"11 mujeres y 14 hombres asistieron al cuarto Seminario Nacional del Proyecto de educaci\u00f3n y potenciaci\u00f3n sindical de la juventud de IndustriALL y DGB\" \/>\n<meta name=\"robots\" content=\"index, follow, max-snippet:-1, max-image-preview:large, max-video-preview:-1\" \/>\n<link rel=\"canonical\" href=\"https:\/\/admin.industriall-union.org\/es\/jovenes-de-argentina-quieren-mas-trabajo-decente\/\" \/>\n<meta property=\"og:locale\" content=\"es_ES\" \/>\n<meta property=\"og:type\" content=\"article\" \/>\n<meta property=\"og:title\" content=\"J\u00f3venes de Argentina quieren m\u00e1s trabajo decente\" \/>\n<meta property=\"og:description\" content=\"11 mujeres y 14 hombres asistieron al cuarto Seminario Nacional del Proyecto de educaci\u00f3n y potenciaci\u00f3n sindical de la juventud de IndustriALL y DGB\" \/>\n<meta property=\"og:url\" content=\"https:\/\/admin.industriall-union.org\/es\/jovenes-de-argentina-quieren-mas-trabajo-decente\/\" \/>\n<meta property=\"og:site_name\" content=\"industriall-union\" \/>\n<meta property=\"article:modified_time\" content=\"2025-02-03T15:01:41+00:00\" \/>\n<meta name=\"twitter:card\" content=\"summary_large_image\" \/>\n<meta name=\"twitter:label1\" content=\"Est. reading time\" \/>\n\t<meta name=\"twitter:data1\" content=\"3 minutes\" \/>\n<script type=\"application\/ld+json\" class=\"yoast-schema-graph\">{\"@context\":\"https:\/\/schema.org\",\"@graph\":[{\"@type\":\"WebPage\",\"@id\":\"https:\/\/admin.industriall-union.org\/es\/jovenes-de-argentina-quieren-mas-trabajo-decente\/\",\"url\":\"https:\/\/admin.industriall-union.org\/es\/jovenes-de-argentina-quieren-mas-trabajo-decente\/\",\"name\":\"J\u00f3venes de Argentina quieren m\u00e1s trabajo decente - industriall-union\",\"isPartOf\":{\"@id\":\"https:\/\/admin.industriall-union.org\/es\/#website\"},\"datePublished\":\"2019-08-02T18:48:08+00:00\",\"dateModified\":\"2025-02-03T15:01:41+00:00\",\"description\":\"11 mujeres y 14 hombres asistieron al cuarto Seminario Nacional del Proyecto de educaci\u00f3n y potenciaci\u00f3n sindical de la juventud de IndustriALL y DGB\",\"breadcrumb\":{\"@id\":\"https:\/\/admin.industriall-union.org\/es\/jovenes-de-argentina-quieren-mas-trabajo-decente\/#breadcrumb\"},\"inLanguage\":\"es-ES\",\"potentialAction\":[{\"@type\":\"ReadAction\",\"target\":[\"https:\/\/admin.industriall-union.org\/es\/jovenes-de-argentina-quieren-mas-trabajo-decente\/\"]}]},{\"@type\":\"BreadcrumbList\",\"@id\":\"https:\/\/admin.industriall-union.org\/es\/jovenes-de-argentina-quieren-mas-trabajo-decente\/#breadcrumb\",\"itemListElement\":[{\"@type\":\"ListItem\",\"position\":1,\"name\":\"Home\",\"item\":\"https:\/\/admin.industriall-union.org\/es\/\"},{\"@type\":\"ListItem\",\"position\":2,\"name\":\"Articles\",\"item\":\"https:\/\/admin.industriall-union.org\/es\/article\/\"},{\"@type\":\"ListItem\",\"position\":3,\"name\":\"J\u00f3venes de Argentina quieren m\u00e1s trabajo decente\"}]},{\"@type\":\"WebSite\",\"@id\":\"https:\/\/admin.industriall-union.org\/es\/#website\",\"url\":\"https:\/\/admin.industriall-union.org\/es\/\",\"name\":\"industriall-union\",\"description\":\"\",\"potentialAction\":[{\"@type\":\"SearchAction\",\"target\":{\"@type\":\"EntryPoint\",\"urlTemplate\":\"https:\/\/admin.industriall-union.org\/es\/?s={search_term_string}\"},\"query-input\":{\"@type\":\"PropertyValueSpecification\",\"valueRequired\":true,\"valueName\":\"search_term_string\"}}],\"inLanguage\":\"es-ES\"}]}<\/script>\n<!-- \/ Yoast SEO Premium plugin. -->","yoast_head_json":{"title":"J\u00f3venes de Argentina quieren m\u00e1s trabajo decente - industriall-union","description":"11 mujeres y 14 hombres asistieron al cuarto Seminario Nacional del Proyecto de educaci\u00f3n y potenciaci\u00f3n sindical de la juventud de IndustriALL y DGB","robots":{"index":"index","follow":"follow","max-snippet":"max-snippet:-1","max-image-preview":"max-image-preview:large","max-video-preview":"max-video-preview:-1"},"canonical":"https:\/\/admin.industriall-union.org\/es\/jovenes-de-argentina-quieren-mas-trabajo-decente\/","og_locale":"es_ES","og_type":"article","og_title":"J\u00f3venes de Argentina quieren m\u00e1s trabajo decente","og_description":"11 mujeres y 14 hombres asistieron al cuarto Seminario Nacional del Proyecto de educaci\u00f3n y potenciaci\u00f3n sindical de la juventud de IndustriALL y DGB","og_url":"https:\/\/admin.industriall-union.org\/es\/jovenes-de-argentina-quieren-mas-trabajo-decente\/","og_site_name":"industriall-union","article_modified_time":"2025-02-03T15:01:41+00:00","twitter_card":"summary_large_image","twitter_misc":{"Est. reading time":"3 minutes"},"schema":{"@context":"https:\/\/schema.org","@graph":[{"@type":"WebPage","@id":"https:\/\/admin.industriall-union.org\/es\/jovenes-de-argentina-quieren-mas-trabajo-decente\/","url":"https:\/\/admin.industriall-union.org\/es\/jovenes-de-argentina-quieren-mas-trabajo-decente\/","name":"J\u00f3venes de Argentina quieren m\u00e1s trabajo decente - industriall-union","isPartOf":{"@id":"https:\/\/admin.industriall-union.org\/es\/#website"},"datePublished":"2019-08-02T18:48:08+00:00","dateModified":"2025-02-03T15:01:41+00:00","description":"11 mujeres y 14 hombres asistieron al cuarto Seminario Nacional del Proyecto de educaci\u00f3n y potenciaci\u00f3n sindical de la juventud de IndustriALL y DGB","breadcrumb":{"@id":"https:\/\/admin.industriall-union.org\/es\/jovenes-de-argentina-quieren-mas-trabajo-decente\/#breadcrumb"},"inLanguage":"es-ES","potentialAction":[{"@type":"ReadAction","target":["https:\/\/admin.industriall-union.org\/es\/jovenes-de-argentina-quieren-mas-trabajo-decente\/"]}]},{"@type":"BreadcrumbList","@id":"https:\/\/admin.industriall-union.org\/es\/jovenes-de-argentina-quieren-mas-trabajo-decente\/#breadcrumb","itemListElement":[{"@type":"ListItem","position":1,"name":"Home","item":"https:\/\/admin.industriall-union.org\/es\/"},{"@type":"ListItem","position":2,"name":"Articles","item":"https:\/\/admin.industriall-union.org\/es\/article\/"},{"@type":"ListItem","position":3,"name":"J\u00f3venes de Argentina quieren m\u00e1s trabajo decente"}]},{"@type":"WebSite","@id":"https:\/\/admin.industriall-union.org\/es\/#website","url":"https:\/\/admin.industriall-union.org\/es\/","name":"industriall-union","description":"","potentialAction":[{"@type":"SearchAction","target":{"@type":"EntryPoint","urlTemplate":"https:\/\/admin.industriall-union.org\/es\/?s={search_term_string}"},"query-input":{"@type":"PropertyValueSpecification","valueRequired":true,"valueName":"search_term_string"}}],"inLanguage":"es-ES"}]}},"_links":{"self":[{"href":"https:\/\/admin.industriall-union.org\/es\/wp-json\/wp\/v2\/article\/159891","targetHints":{"allow":["GET"]}}],"collection":[{"href":"https:\/\/admin.industriall-union.org\/es\/wp-json\/wp\/v2\/article"}],"about":[{"href":"https:\/\/admin.industriall-union.org\/es\/wp-json\/wp\/v2\/types\/article"}],"wp:attachment":[{"href":"https:\/\/admin.industriall-union.org\/es\/wp-json\/wp\/v2\/media?parent=159891"}],"wp:term":[{"taxonomy":"issues","embeddable":true,"href":"https:\/\/admin.industriall-union.org\/es\/wp-json\/wp\/v2\/issues?post=159891"},{"taxonomy":"companies","embeddable":true,"href":"https:\/\/admin.industriall-union.org\/es\/wp-json\/wp\/v2\/companies?post=159891"},{"taxonomy":"regions","embeddable":true,"href":"https:\/\/admin.industriall-union.org\/es\/wp-json\/wp\/v2\/regions?post=159891"},{"taxonomy":"sectors","embeddable":true,"href":"https:\/\/admin.industriall-union.org\/es\/wp-json\/wp\/v2\/sectors?post=159891"},{"taxonomy":"article_tags","embeddable":true,"href":"https:\/\/admin.industriall-union.org\/es\/wp-json\/wp\/v2\/article_tags?post=159891"}],"curies":[{"name":"wp","href":"https:\/\/api.w.org\/{rel}","templated":true}]}}