{"id":159888,"date":"2019-08-08T11:45:24","date_gmt":"2019-08-08T11:45:24","guid":{"rendered":"https:\/\/admin.industriall-union.org\/protesta-a-nivel-nacional-de-sindicatos-indios-contra-quot-reformas-quot-antilaborales-de-la-legislacion\/"},"modified":"2025-02-03T14:59:48","modified_gmt":"2025-02-03T14:59:48","slug":"protesta-a-nivel-nacional-de-sindicatos-indios-contra-quot-reformas-quot-antilaborales-de-la-legislacion","status":"publish","type":"article","link":"https:\/\/admin.industriall-union.org\/es\/protesta-a-nivel-nacional-de-sindicatos-indios-contra-quot-reformas-quot-antilaborales-de-la-legislacion\/","title":{"rendered":"Protesta a nivel nacional de sindicatos indios contra &quot;reformas&quot; antilaborales de la legislaci\u00f3n"},"content":{"rendered":"<p>Los trabajadores de toda la India, incluidos los que forman parte de los sindicatos afiliados a IndustriALL, salieron a las calles el 2 de agosto como respuesta al llamado de las centrales sindicales para protestar mientras el gobierno de Modi presentaba en la sesi\u00f3n parlamentaria en Lok Sabha los proyectos de ley sobre el C\u00f3digo de Salarios y el C\u00f3digo en materia de Salud y Seguridad en el Trabajo y Condiciones Laborales.<\/p><figure class=\"imageArticle imageFull\"><img decoding=\"async\" alt=\"\" src=\"\/wp-content\/uploads\/images\/2019\/INDIA\/Wage_Code_protests\/img-20190802-wa0014.jpg\" style=\"width: 1040px;height: 585px\" \/><figcaption class=\"imageContent\">&nbsp;<\/figcaption><\/figure><p>El C\u00f3digo de Salarios, que ha sido aprobado recientemente por el parlamento, amalgama cuatro leyes laborales independientes que rigen la fijaci\u00f3n y el pago de salarios. Los sindicatos argumentan que el nuevo c\u00f3digo perjudica los avances realizados en el pasado reciente por medio del di\u00e1logo social y obstaculiza la participaci\u00f3n de los representantes sindicales en el proceso de fijaci\u00f3n del salario m\u00ednimo.<\/p><p>Mientras que los sindicatos exig\u00edan que el salario m\u00ednimo se revisara anualmente, el nuevo c\u00f3digo permite que la revisi\u00f3n se realice al menos una vez cada cinco a\u00f1os. El c\u00f3digo de salarios tambi\u00e9n diluye burdamente el r\u00e9gimen de inspecci\u00f3n al reemplazar al inspector laboral por un &quot;inspector y facilitador&quot; e introduce un programa de inspecci\u00f3n en l\u00ednea informatizado y aleatorio, inspecciones sin jurisdicci\u00f3n y el an\u00e1lisis electr\u00f3nico de informaci\u00f3n a modo de inspecci\u00f3n.<\/p><figure class=\"imageArticle imageFull\"><img decoding=\"async\" alt=\"\" src=\"\/wp-content\/uploads\/images\/2019\/INDIA\/Wage_Code_protests\/img-20190802-wa0043.jpg\" style=\"width: 1280px;height: 851px\" \/><figcaption class=\"imageContent\"><div class=\"imageTitle\"><h1>Modi intenta amalgamar 44 leyes laborales vigentes en cuatro simples c\u00f3digos laborales.<\/h1><\/div><\/figcaption><\/figure><p>El C\u00f3digo en materia de Salud y Seguridad en el Trabajo y Condiciones Laborales engloba trece leyes laborales vigentes y est\u00e1 pendiente de aprobaci\u00f3n parlamentaria. Este y otros dos c\u00f3digos laborales sobre relaciones industriales y seguridad social son parte de la iniciativa del gobierno de Modi de amalgamar 44 leyes laborales vigentes en cuatro simples c\u00f3digos.<\/p><p>La legislaci\u00f3n laboral vigente fue originariamente promulgada como resultado de las luchas de trabajadores y atiende las necesidades y protecciones espec\u00edficas de los derechos de los trabajadores en una amplia variedad de sectores manufactureros, de servicios y de la construcci\u00f3n. Los sindicatos siempre se han pronunciado en contra de la sobresimplificaci\u00f3n de las leyes laborales y argumentan que ambos proyectos de ley ignoran completamente las objeciones planteadas por ellos.<\/p><p>En un comunicado de prensa, los sindicatos centrales expresaron que al derogar las leyes vigentes, el gobierno, &quot;prestando los m\u00e1s obedientes servicios a sus amos corporativos&quot; ha saboteado burdamente los derechos de los trabajadores y ha excluido a un gran n\u00famero de trabajadores del alcance de los c\u00f3digos laborales.<\/p><figure class=\"imageArticle imageFull\"><img decoding=\"async\" alt=\"\" src=\"\/wp-content\/uploads\/images\/2019\/INDIA\/Wage_Code_protests\/img-20190802-wa0029.jpg\" style=\"width: 1280px;height: 960px\" \/><figcaption class=\"imageContent\"><div class=\"imageTitle\"><h1><em>&quot;Los sindicatos est\u00e1n siendo verdaderamente ignorados mientras que el objetivo principal del c\u00f3digo laboral parece ser promover la facilidad de hacer negocios&quot;.<\/em><\/h1><\/div><\/figcaption><\/figure><p>El Dr. G. Sanjeeva Reddy, miembro del Comit\u00e9 Ejecutivo de IndustriALL y presidente del Congreso Nacional de Sindicatos de la India, dijo:<\/p><blockquote><p>&quot;La clase trabajadora en la India est\u00e1 enfrentando el peor ataque a los derechos de los trabajadores con el gobierno de Modi. Todas las instituciones, tradiciones y pr\u00e1cticas de di\u00e1logo social que con gran esfuerzo se han ido construyendo por m\u00e1s de setenta a\u00f1os est\u00e1n siendo socavadas. Los sindicatos est\u00e1n siendo verdaderamente ignorados mientras que el objetivo principal del c\u00f3digo laboral parece ser promover la facilidad de hacer negocios. En los pr\u00f3ximos d\u00edas el movimiento de resistencia unida de los sindicatos se intensificar\u00e1.&rdquo;<\/p><\/blockquote><p>Entre los sindicatos centrales que participan en el movimiento a nivel nacional se encuentran INTUC, AITUC, HMS, CITU, AIUTUC, TUCC, SEWA, AICCTU, LPF y UTUC, as\u00ed como federaciones independientes y asociaciones de trabajadores y empleados.<\/p>","protected":false},"featured_media":0,"template":"","issues":[],"companies":[],"regions":[155,166],"sectors":[],"article_tags":[],"class_list":["post-159888","article","type-article","status-publish","hentry","regions-asia-pacific","regions-india"],"acf":[],"yoast_head":"<!-- This site is optimized with the Yoast SEO Premium plugin v27.1 (Yoast SEO v27.1) - https:\/\/yoast.com\/product\/yoast-seo-premium-wordpress\/ -->\n<title>Protesta a nivel nacional de sindicatos indios contra &quot;reformas&quot; antilaborales de la legislaci\u00f3n - industriall-union<\/title>\n<meta name=\"description\" content=\"Los trabajadores de toda la India, incluidos los que forman parte de los sindicatos afiliados a IndustriALL, salieron a las calles el 2 de agosto como\" \/>\n<meta name=\"robots\" content=\"index, follow, max-snippet:-1, max-image-preview:large, max-video-preview:-1\" \/>\n<link rel=\"canonical\" href=\"https:\/\/admin.industriall-union.org\/es\/protesta-a-nivel-nacional-de-sindicatos-indios-contra-quot-reformas-quot-antilaborales-de-la-legislacion\/\" \/>\n<meta property=\"og:locale\" content=\"es_ES\" \/>\n<meta property=\"og:type\" content=\"article\" \/>\n<meta property=\"og:title\" content=\"Protesta a nivel nacional de sindicatos indios contra &quot;reformas&quot; antilaborales de la legislaci\u00f3n\" \/>\n<meta property=\"og:description\" content=\"Los trabajadores de toda la India, incluidos los que forman parte de los sindicatos afiliados a IndustriALL, salieron a las calles el 2 de agosto como\" \/>\n<meta property=\"og:url\" content=\"https:\/\/admin.industriall-union.org\/es\/protesta-a-nivel-nacional-de-sindicatos-indios-contra-quot-reformas-quot-antilaborales-de-la-legislacion\/\" \/>\n<meta property=\"og:site_name\" content=\"industriall-union\" \/>\n<meta property=\"article:modified_time\" content=\"2025-02-03T14:59:48+00:00\" \/>\n<meta name=\"twitter:card\" content=\"summary_large_image\" \/>\n<meta name=\"twitter:label1\" content=\"Est. reading time\" \/>\n\t<meta name=\"twitter:data1\" content=\"3 minutes\" \/>\n<script type=\"application\/ld+json\" class=\"yoast-schema-graph\">{\"@context\":\"https:\/\/schema.org\",\"@graph\":[{\"@type\":\"WebPage\",\"@id\":\"https:\/\/admin.industriall-union.org\/es\/protesta-a-nivel-nacional-de-sindicatos-indios-contra-quot-reformas-quot-antilaborales-de-la-legislacion\/\",\"url\":\"https:\/\/admin.industriall-union.org\/es\/protesta-a-nivel-nacional-de-sindicatos-indios-contra-quot-reformas-quot-antilaborales-de-la-legislacion\/\",\"name\":\"Protesta a nivel nacional de sindicatos indios contra &quot;reformas&quot; antilaborales de la legislaci\u00f3n - industriall-union\",\"isPartOf\":{\"@id\":\"https:\/\/admin.industriall-union.org\/#website\"},\"datePublished\":\"2019-08-08T11:45:24+00:00\",\"dateModified\":\"2025-02-03T14:59:48+00:00\",\"description\":\"Los trabajadores de toda la India, incluidos los que forman parte de los sindicatos afiliados a IndustriALL, salieron a las calles el 2 de agosto como\",\"breadcrumb\":{\"@id\":\"https:\/\/admin.industriall-union.org\/es\/protesta-a-nivel-nacional-de-sindicatos-indios-contra-quot-reformas-quot-antilaborales-de-la-legislacion\/#breadcrumb\"},\"inLanguage\":\"es-ES\",\"potentialAction\":[{\"@type\":\"ReadAction\",\"target\":[\"https:\/\/admin.industriall-union.org\/es\/protesta-a-nivel-nacional-de-sindicatos-indios-contra-quot-reformas-quot-antilaborales-de-la-legislacion\/\"]}]},{\"@type\":\"BreadcrumbList\",\"@id\":\"https:\/\/admin.industriall-union.org\/es\/protesta-a-nivel-nacional-de-sindicatos-indios-contra-quot-reformas-quot-antilaborales-de-la-legislacion\/#breadcrumb\",\"itemListElement\":[{\"@type\":\"ListItem\",\"position\":1,\"name\":\"Home\",\"item\":\"https:\/\/admin.industriall-union.org\/\"},{\"@type\":\"ListItem\",\"position\":2,\"name\":\"Articles\",\"item\":\"https:\/\/admin.industriall-union.org\/article\/\"},{\"@type\":\"ListItem\",\"position\":3,\"name\":\"Protesta a nivel nacional de sindicatos indios contra &quot;reformas&quot; antilaborales de la legislaci\u00f3n\"}]},{\"@type\":\"WebSite\",\"@id\":\"https:\/\/admin.industriall-union.org\/#website\",\"url\":\"https:\/\/admin.industriall-union.org\/\",\"name\":\"industriall-union\",\"description\":\"\",\"potentialAction\":[{\"@type\":\"SearchAction\",\"target\":{\"@type\":\"EntryPoint\",\"urlTemplate\":\"https:\/\/admin.industriall-union.org\/?s={search_term_string}\"},\"query-input\":{\"@type\":\"PropertyValueSpecification\",\"valueRequired\":true,\"valueName\":\"search_term_string\"}}],\"inLanguage\":\"es-ES\"}]}<\/script>\n<!-- \/ Yoast SEO Premium plugin. -->","yoast_head_json":{"title":"Protesta a nivel nacional de sindicatos indios contra &quot;reformas&quot; antilaborales de la legislaci\u00f3n - industriall-union","description":"Los trabajadores de toda la India, incluidos los que forman parte de los sindicatos afiliados a IndustriALL, salieron a las calles el 2 de agosto como","robots":{"index":"index","follow":"follow","max-snippet":"max-snippet:-1","max-image-preview":"max-image-preview:large","max-video-preview":"max-video-preview:-1"},"canonical":"https:\/\/admin.industriall-union.org\/es\/protesta-a-nivel-nacional-de-sindicatos-indios-contra-quot-reformas-quot-antilaborales-de-la-legislacion\/","og_locale":"es_ES","og_type":"article","og_title":"Protesta a nivel nacional de sindicatos indios contra &quot;reformas&quot; antilaborales de la legislaci\u00f3n","og_description":"Los trabajadores de toda la India, incluidos los que forman parte de los sindicatos afiliados a IndustriALL, salieron a las calles el 2 de agosto como","og_url":"https:\/\/admin.industriall-union.org\/es\/protesta-a-nivel-nacional-de-sindicatos-indios-contra-quot-reformas-quot-antilaborales-de-la-legislacion\/","og_site_name":"industriall-union","article_modified_time":"2025-02-03T14:59:48+00:00","twitter_card":"summary_large_image","twitter_misc":{"Est. reading time":"3 minutes"},"schema":{"@context":"https:\/\/schema.org","@graph":[{"@type":"WebPage","@id":"https:\/\/admin.industriall-union.org\/es\/protesta-a-nivel-nacional-de-sindicatos-indios-contra-quot-reformas-quot-antilaborales-de-la-legislacion\/","url":"https:\/\/admin.industriall-union.org\/es\/protesta-a-nivel-nacional-de-sindicatos-indios-contra-quot-reformas-quot-antilaborales-de-la-legislacion\/","name":"Protesta a nivel nacional de sindicatos indios contra &quot;reformas&quot; antilaborales de la legislaci\u00f3n - industriall-union","isPartOf":{"@id":"https:\/\/admin.industriall-union.org\/#website"},"datePublished":"2019-08-08T11:45:24+00:00","dateModified":"2025-02-03T14:59:48+00:00","description":"Los trabajadores de toda la India, incluidos los que forman parte de los sindicatos afiliados a IndustriALL, salieron a las calles el 2 de agosto como","breadcrumb":{"@id":"https:\/\/admin.industriall-union.org\/es\/protesta-a-nivel-nacional-de-sindicatos-indios-contra-quot-reformas-quot-antilaborales-de-la-legislacion\/#breadcrumb"},"inLanguage":"es-ES","potentialAction":[{"@type":"ReadAction","target":["https:\/\/admin.industriall-union.org\/es\/protesta-a-nivel-nacional-de-sindicatos-indios-contra-quot-reformas-quot-antilaborales-de-la-legislacion\/"]}]},{"@type":"BreadcrumbList","@id":"https:\/\/admin.industriall-union.org\/es\/protesta-a-nivel-nacional-de-sindicatos-indios-contra-quot-reformas-quot-antilaborales-de-la-legislacion\/#breadcrumb","itemListElement":[{"@type":"ListItem","position":1,"name":"Home","item":"https:\/\/admin.industriall-union.org\/"},{"@type":"ListItem","position":2,"name":"Articles","item":"https:\/\/admin.industriall-union.org\/article\/"},{"@type":"ListItem","position":3,"name":"Protesta a nivel nacional de sindicatos indios contra &quot;reformas&quot; antilaborales de la legislaci\u00f3n"}]},{"@type":"WebSite","@id":"https:\/\/admin.industriall-union.org\/#website","url":"https:\/\/admin.industriall-union.org\/","name":"industriall-union","description":"","potentialAction":[{"@type":"SearchAction","target":{"@type":"EntryPoint","urlTemplate":"https:\/\/admin.industriall-union.org\/?s={search_term_string}"},"query-input":{"@type":"PropertyValueSpecification","valueRequired":true,"valueName":"search_term_string"}}],"inLanguage":"es-ES"}]}},"_links":{"self":[{"href":"https:\/\/admin.industriall-union.org\/es\/wp-json\/wp\/v2\/article\/159888","targetHints":{"allow":["GET"]}}],"collection":[{"href":"https:\/\/admin.industriall-union.org\/es\/wp-json\/wp\/v2\/article"}],"about":[{"href":"https:\/\/admin.industriall-union.org\/es\/wp-json\/wp\/v2\/types\/article"}],"wp:attachment":[{"href":"https:\/\/admin.industriall-union.org\/es\/wp-json\/wp\/v2\/media?parent=159888"}],"wp:term":[{"taxonomy":"issues","embeddable":true,"href":"https:\/\/admin.industriall-union.org\/es\/wp-json\/wp\/v2\/issues?post=159888"},{"taxonomy":"companies","embeddable":true,"href":"https:\/\/admin.industriall-union.org\/es\/wp-json\/wp\/v2\/companies?post=159888"},{"taxonomy":"regions","embeddable":true,"href":"https:\/\/admin.industriall-union.org\/es\/wp-json\/wp\/v2\/regions?post=159888"},{"taxonomy":"sectors","embeddable":true,"href":"https:\/\/admin.industriall-union.org\/es\/wp-json\/wp\/v2\/sectors?post=159888"},{"taxonomy":"article_tags","embeddable":true,"href":"https:\/\/admin.industriall-union.org\/es\/wp-json\/wp\/v2\/article_tags?post=159888"}],"curies":[{"name":"wp","href":"https:\/\/api.w.org\/{rel}","templated":true}]}}