{"id":159824,"date":"2019-08-29T14:20:16","date_gmt":"2019-08-29T14:20:16","guid":{"rendered":"https:\/\/admin.industriall-union.org\/los-afiliados-de-industriall-en-asia-pacifico-se-movilizaran-por-un-comercio-mas-justo\/"},"modified":"2025-02-03T14:37:40","modified_gmt":"2025-02-03T14:37:40","slug":"los-afiliados-de-industriall-en-asia-pacifico-se-movilizaran-por-un-comercio-mas-justo","status":"publish","type":"article","link":"https:\/\/admin.industriall-union.org\/es\/los-afiliados-de-industriall-en-asia-pacifico-se-movilizaran-por-un-comercio-mas-justo\/","title":{"rendered":"Los afiliados de IndustriALL en Asia-Pac\u00edfico se movilizar\u00e1n por un comercio m\u00e1s justo"},"content":{"rendered":"<p>Los sindicatos exigen que los tratados de libre comercio favorezcan a todos y que se les consulte durante las negociaciones. Se program\u00f3 la fecha de esta acci\u00f3n para coincidir con el L20 o &ldquo;Labour 20&rdquo;: una reuni\u00f3n de dirigentes sindicales de los pa\u00edses del G20 que se llevar\u00e1 a cabo el 29 y 30 de agosto en Tokio, Jap\u00f3n.<\/p><p>La nueva generaci\u00f3n de tratados de libre comercio integrales, tales como la Asociaci\u00f3n Econ\u00f3mica Integral Regional (RCEP), que exige una liberalizaci\u00f3n m\u00e1s profunda en la regi\u00f3n de Asia-Pac\u00edfico, trascienden las reducciones de tarifas, por lo afectan casi todos los aspectos de las econom\u00edas nacionales. Estos acuerdos tienen graves consecuencias en la capacidad de los gobiernos de utilizar los instrumentos normativos en relaci\u00f3n con sus necesidades de desarrollo, as\u00ed como representan, de muchas maneras, una agenda comercial empresarial que puede tener impactos negativos sobre los derechos de los trabajadores.<\/p><p>Las negociaciones de la RCEP, que involucran a 16 pa\u00edses y la mitad de la poblaci\u00f3n mundial, se encuentran en una etapa avanzada y se prev\u00e9 que culminen a fin de a\u00f1o.<\/p><p>Las acciones de los afiliados de IndustriALL en la regi\u00f3n de Asia-Pac\u00edfico est\u00e1n guiadas por los diez principios fundamentales para la intervenci\u00f3n sindical en foros y procesos de formaci\u00f3n de pol\u00edticas, los cuales fueron adoptados por el comit\u00e9 ejecutivo de IndustriALL.<\/p><ol><li>Los gobiernos deben volver al multilateralismo en lugar de fomentar tratados comerciales bilaterales o regionales<\/li><li>Los tratados comerciales deben incluir los derechos laborales obligatorios y hacer referencia a los convenios de la OIT<\/li><li>Las negociaciones comerciales deben ser transparentes e inclusivas<\/li><li>Los gobiernos deben mantener el control y ser capaces de establecer pol\u00edticas industriales<\/li><li>Rechazar las disposiciones de soluci\u00f3n de controversias entre inversores y el Estado, que permiten que las empresas demanden a los pa\u00edses si se aprueban leyes que limiten sus ganancias<\/li><li>Los gobiernos deben ser capaces de regular la econom\u00eda digital y jugar un papel en la creaci\u00f3n de pol\u00edticas para la infraestructura digital<\/li><li>Los derechos de propiedad intelectual no deben obstaculizar las iniciativas gubernamentales para lograr las Metas de Desarrollo Sostenible de la ONU. Se deben eliminar las limitaciones con respecto a medicamentos de los tratados comerciales<\/li><li>Los pa\u00edses deben ser capaces de emplear recursos comerciales basados en normas para defender a las industrias locales contra las pr\u00e1cticas comerciales injustas<\/li><li>La contrataci\u00f3n p\u00fablica debe seguir siendo una herramienta de los gobiernos para establecer pol\u00edticas industriales<\/li><li>Los servicios p\u00fablicos deben estar excluidos de las obligaciones contra\u00eddas bajo acuerdos comerciales vinculantes<\/li><\/ol><p>El 30 de agosto, los afiliados de IndustriALL realizar\u00e1n marchas, manifestaciones y talleres para expresar sus exigencias.<\/p><p>El L20, convocado por la Confederaci\u00f3n Sindical Internacional y la OCDE, tendr\u00e1 lugar antes de la Reuni\u00f3n de Ministros de Trabajo y Empleo del G20, que se realizar\u00e1 en Matsuyama, Jap\u00f3n, el 1 y 2 de septiembre.<\/p>","protected":false},"featured_media":0,"template":"","issues":[406,413,425],"companies":[],"regions":[155,168],"sectors":[],"article_tags":[],"class_list":["post-159824","article","type-article","status-publish","hentry","issues-confronting-global-capital","issues-trade","issues-workers-rights","regions-asia-pacific","regions-japan"],"acf":[],"yoast_head":"<!-- This site is optimized with the Yoast SEO Premium plugin v27.1 (Yoast SEO v27.1) - https:\/\/yoast.com\/product\/yoast-seo-premium-wordpress\/ -->\n<title>Los afiliados de IndustriALL en Asia-Pac\u00edfico se movilizar\u00e1n por un comercio m\u00e1s justo - industriall-union<\/title>\n<meta name=\"description\" content=\"Los sindicatos exigen que los tratados de libre comercio favorezcan a todos y que se les consulte durante las negociaciones. Se program\u00f3 la fecha de esta\" \/>\n<meta name=\"robots\" content=\"index, follow, max-snippet:-1, max-image-preview:large, max-video-preview:-1\" \/>\n<link rel=\"canonical\" href=\"https:\/\/admin.industriall-union.org\/es\/los-afiliados-de-industriall-en-asia-pacifico-se-movilizaran-por-un-comercio-mas-justo\/\" \/>\n<meta property=\"og:locale\" content=\"es_ES\" \/>\n<meta property=\"og:type\" content=\"article\" \/>\n<meta property=\"og:title\" content=\"Los afiliados de IndustriALL en Asia-Pac\u00edfico se movilizar\u00e1n por un comercio m\u00e1s justo\" \/>\n<meta property=\"og:description\" content=\"Los sindicatos exigen que los tratados de libre comercio favorezcan a todos y que se les consulte durante las negociaciones. Se program\u00f3 la fecha de esta\" \/>\n<meta property=\"og:url\" content=\"https:\/\/admin.industriall-union.org\/es\/los-afiliados-de-industriall-en-asia-pacifico-se-movilizaran-por-un-comercio-mas-justo\/\" \/>\n<meta property=\"og:site_name\" content=\"industriall-union\" \/>\n<meta property=\"article:modified_time\" content=\"2025-02-03T14:37:40+00:00\" \/>\n<meta name=\"twitter:card\" content=\"summary_large_image\" \/>\n<meta name=\"twitter:label1\" content=\"Est. reading time\" \/>\n\t<meta name=\"twitter:data1\" content=\"2 minutes\" \/>\n<script type=\"application\/ld+json\" class=\"yoast-schema-graph\">{\"@context\":\"https:\/\/schema.org\",\"@graph\":[{\"@type\":\"WebPage\",\"@id\":\"https:\/\/admin.industriall-union.org\/es\/los-afiliados-de-industriall-en-asia-pacifico-se-movilizaran-por-un-comercio-mas-justo\/\",\"url\":\"https:\/\/admin.industriall-union.org\/es\/los-afiliados-de-industriall-en-asia-pacifico-se-movilizaran-por-un-comercio-mas-justo\/\",\"name\":\"Los afiliados de IndustriALL en Asia-Pac\u00edfico se movilizar\u00e1n por un comercio m\u00e1s justo - industriall-union\",\"isPartOf\":{\"@id\":\"https:\/\/admin.industriall-union.org\/ru\/#website\"},\"datePublished\":\"2019-08-29T14:20:16+00:00\",\"dateModified\":\"2025-02-03T14:37:40+00:00\",\"description\":\"Los sindicatos exigen que los tratados de libre comercio favorezcan a todos y que se les consulte durante las negociaciones. Se program\u00f3 la fecha de esta\",\"breadcrumb\":{\"@id\":\"https:\/\/admin.industriall-union.org\/es\/los-afiliados-de-industriall-en-asia-pacifico-se-movilizaran-por-un-comercio-mas-justo\/#breadcrumb\"},\"inLanguage\":\"es-ES\",\"potentialAction\":[{\"@type\":\"ReadAction\",\"target\":[\"https:\/\/admin.industriall-union.org\/es\/los-afiliados-de-industriall-en-asia-pacifico-se-movilizaran-por-un-comercio-mas-justo\/\"]}]},{\"@type\":\"BreadcrumbList\",\"@id\":\"https:\/\/admin.industriall-union.org\/es\/los-afiliados-de-industriall-en-asia-pacifico-se-movilizaran-por-un-comercio-mas-justo\/#breadcrumb\",\"itemListElement\":[{\"@type\":\"ListItem\",\"position\":1,\"name\":\"Home\",\"item\":\"https:\/\/admin.industriall-union.org\/ru\/\"},{\"@type\":\"ListItem\",\"position\":2,\"name\":\"Articles\",\"item\":\"https:\/\/admin.industriall-union.org\/ru\/article\/\"},{\"@type\":\"ListItem\",\"position\":3,\"name\":\"Los afiliados de IndustriALL en Asia-Pac\u00edfico se movilizar\u00e1n por un comercio m\u00e1s justo\"}]},{\"@type\":\"WebSite\",\"@id\":\"https:\/\/admin.industriall-union.org\/ru\/#website\",\"url\":\"https:\/\/admin.industriall-union.org\/ru\/\",\"name\":\"industriall-union\",\"description\":\"\",\"potentialAction\":[{\"@type\":\"SearchAction\",\"target\":{\"@type\":\"EntryPoint\",\"urlTemplate\":\"https:\/\/admin.industriall-union.org\/ru\/?s={search_term_string}\"},\"query-input\":{\"@type\":\"PropertyValueSpecification\",\"valueRequired\":true,\"valueName\":\"search_term_string\"}}],\"inLanguage\":\"es-ES\"}]}<\/script>\n<!-- \/ Yoast SEO Premium plugin. -->","yoast_head_json":{"title":"Los afiliados de IndustriALL en Asia-Pac\u00edfico se movilizar\u00e1n por un comercio m\u00e1s justo - industriall-union","description":"Los sindicatos exigen que los tratados de libre comercio favorezcan a todos y que se les consulte durante las negociaciones. Se program\u00f3 la fecha de esta","robots":{"index":"index","follow":"follow","max-snippet":"max-snippet:-1","max-image-preview":"max-image-preview:large","max-video-preview":"max-video-preview:-1"},"canonical":"https:\/\/admin.industriall-union.org\/es\/los-afiliados-de-industriall-en-asia-pacifico-se-movilizaran-por-un-comercio-mas-justo\/","og_locale":"es_ES","og_type":"article","og_title":"Los afiliados de IndustriALL en Asia-Pac\u00edfico se movilizar\u00e1n por un comercio m\u00e1s justo","og_description":"Los sindicatos exigen que los tratados de libre comercio favorezcan a todos y que se les consulte durante las negociaciones. Se program\u00f3 la fecha de esta","og_url":"https:\/\/admin.industriall-union.org\/es\/los-afiliados-de-industriall-en-asia-pacifico-se-movilizaran-por-un-comercio-mas-justo\/","og_site_name":"industriall-union","article_modified_time":"2025-02-03T14:37:40+00:00","twitter_card":"summary_large_image","twitter_misc":{"Est. reading time":"2 minutes"},"schema":{"@context":"https:\/\/schema.org","@graph":[{"@type":"WebPage","@id":"https:\/\/admin.industriall-union.org\/es\/los-afiliados-de-industriall-en-asia-pacifico-se-movilizaran-por-un-comercio-mas-justo\/","url":"https:\/\/admin.industriall-union.org\/es\/los-afiliados-de-industriall-en-asia-pacifico-se-movilizaran-por-un-comercio-mas-justo\/","name":"Los afiliados de IndustriALL en Asia-Pac\u00edfico se movilizar\u00e1n por un comercio m\u00e1s justo - industriall-union","isPartOf":{"@id":"https:\/\/admin.industriall-union.org\/ru\/#website"},"datePublished":"2019-08-29T14:20:16+00:00","dateModified":"2025-02-03T14:37:40+00:00","description":"Los sindicatos exigen que los tratados de libre comercio favorezcan a todos y que se les consulte durante las negociaciones. Se program\u00f3 la fecha de esta","breadcrumb":{"@id":"https:\/\/admin.industriall-union.org\/es\/los-afiliados-de-industriall-en-asia-pacifico-se-movilizaran-por-un-comercio-mas-justo\/#breadcrumb"},"inLanguage":"es-ES","potentialAction":[{"@type":"ReadAction","target":["https:\/\/admin.industriall-union.org\/es\/los-afiliados-de-industriall-en-asia-pacifico-se-movilizaran-por-un-comercio-mas-justo\/"]}]},{"@type":"BreadcrumbList","@id":"https:\/\/admin.industriall-union.org\/es\/los-afiliados-de-industriall-en-asia-pacifico-se-movilizaran-por-un-comercio-mas-justo\/#breadcrumb","itemListElement":[{"@type":"ListItem","position":1,"name":"Home","item":"https:\/\/admin.industriall-union.org\/ru\/"},{"@type":"ListItem","position":2,"name":"Articles","item":"https:\/\/admin.industriall-union.org\/ru\/article\/"},{"@type":"ListItem","position":3,"name":"Los afiliados de IndustriALL en Asia-Pac\u00edfico se movilizar\u00e1n por un comercio m\u00e1s justo"}]},{"@type":"WebSite","@id":"https:\/\/admin.industriall-union.org\/ru\/#website","url":"https:\/\/admin.industriall-union.org\/ru\/","name":"industriall-union","description":"","potentialAction":[{"@type":"SearchAction","target":{"@type":"EntryPoint","urlTemplate":"https:\/\/admin.industriall-union.org\/ru\/?s={search_term_string}"},"query-input":{"@type":"PropertyValueSpecification","valueRequired":true,"valueName":"search_term_string"}}],"inLanguage":"es-ES"}]}},"_links":{"self":[{"href":"https:\/\/admin.industriall-union.org\/es\/wp-json\/wp\/v2\/article\/159824","targetHints":{"allow":["GET"]}}],"collection":[{"href":"https:\/\/admin.industriall-union.org\/es\/wp-json\/wp\/v2\/article"}],"about":[{"href":"https:\/\/admin.industriall-union.org\/es\/wp-json\/wp\/v2\/types\/article"}],"wp:attachment":[{"href":"https:\/\/admin.industriall-union.org\/es\/wp-json\/wp\/v2\/media?parent=159824"}],"wp:term":[{"taxonomy":"issues","embeddable":true,"href":"https:\/\/admin.industriall-union.org\/es\/wp-json\/wp\/v2\/issues?post=159824"},{"taxonomy":"companies","embeddable":true,"href":"https:\/\/admin.industriall-union.org\/es\/wp-json\/wp\/v2\/companies?post=159824"},{"taxonomy":"regions","embeddable":true,"href":"https:\/\/admin.industriall-union.org\/es\/wp-json\/wp\/v2\/regions?post=159824"},{"taxonomy":"sectors","embeddable":true,"href":"https:\/\/admin.industriall-union.org\/es\/wp-json\/wp\/v2\/sectors?post=159824"},{"taxonomy":"article_tags","embeddable":true,"href":"https:\/\/admin.industriall-union.org\/es\/wp-json\/wp\/v2\/article_tags?post=159824"}],"curies":[{"name":"wp","href":"https:\/\/api.w.org\/{rel}","templated":true}]}}