{"id":159823,"date":"2019-08-30T11:26:43","date_gmt":"2019-08-30T11:26:43","guid":{"rendered":"https:\/\/admin.industriall-union.org\/protesta-masiva-en-myanmar-para-exigir-el-cumplimiento-de-una-ley-laboral\/"},"modified":"2025-02-03T14:37:24","modified_gmt":"2025-02-03T14:37:24","slug":"protesta-masiva-en-myanmar-para-exigir-el-cumplimiento-de-una-ley-laboral","status":"publish","type":"article","link":"https:\/\/admin.industriall-union.org\/es\/protesta-masiva-en-myanmar-para-exigir-el-cumplimiento-de-una-ley-laboral\/","title":{"rendered":"Protesta masiva en Myanmar para exigir el cumplimiento de una ley laboral"},"content":{"rendered":"<p>4.000 trabajadores en el distrito de Hlaing Thar Yar y 600 en el distrito de Kyauk Tan se manifestaron en contra de la falta de aplicaci\u00f3n de la ley modificada, que se aprob\u00f3 en junio de este a\u00f1o. Muchos de los manifestantes vistieron de rojo , el color de su sindicato: la Federaci\u00f3n de Trabajadores Industriales de Myanmar (IWFM), organizaci\u00f3n afiliada a IndustriALL.<\/p><p>En junio, dos l\u00edderes sindicales, Kyi Thi Win y Shane Thu, fueron despedidos de Prosperity Knitting mientras conformaban una organizaci\u00f3n sindical b\u00e1sica en esta f\u00e1brica.<\/p><p>La IWFM exige la restituci\u00f3n inmediata de los dos dirigentes sindicales y la implementaci\u00f3n efectiva de la nueva ley.<\/p><p>&ldquo;Se trata de una violaci\u00f3n de los derechos laborales&rdquo;, dijo Khaing Zar, el presidente de la IWFM y miembro del comit\u00e9 ejecutivo de IndustriALL. &ldquo;Hemos agotado todas las v\u00edas institucionales tales como el departamento de trabajo, el \u00f3rgano de conciliaci\u00f3n municipal y el Ministerio de Trabajo, pero el gobierno hace o\u00eddos sordos a esta grave violaci\u00f3n de los derechos de los trabajadores&rdquo;.<\/p><p>Seg\u00fan el art\u00edculo 23 de la ley revisada acerca de la soluci\u00f3n de conflictos laborales, los tribunales o el departamento de trabajo deben encargarse de lidiar con las disputas entre empleadores y trabajadores. En el mecanismo anterior de soluci\u00f3n de conflictos, se dispon\u00eda que un \u00f3rgano de conciliaci\u00f3n municipal actuara como mediador.<\/p><p>&ldquo;El caso de los dirigentes sindicales despedidos en junio muestra claramente que ahora las autoridades est\u00e1n respetando la ley y restituyendo a los trabajadores despedidos de forma il\u00edcita. Exigimos que el gobierno haga cumplir la modificaci\u00f3n de la ley y reconozca el derecho de los trabajadores a formar y afiliarse a sindicatos&rdquo;, a\u00f1adi\u00f3 Khaing Zar.<\/p>","protected":false},"featured_media":0,"template":"","issues":[425],"companies":[],"regions":[177],"sectors":[465],"article_tags":[],"class_list":["post-159823","article","type-article","status-publish","hentry","issues-workers-rights","regions-myanmar","sectors-garment"],"acf":[],"yoast_head":"<!-- This site is optimized with the Yoast SEO Premium plugin v27.1 (Yoast SEO v27.1) - https:\/\/yoast.com\/product\/yoast-seo-premium-wordpress\/ -->\n<title>Protesta masiva en Myanmar para exigir el cumplimiento de una ley laboral - industriall-union<\/title>\n<meta name=\"description\" content=\"4.000 trabajadores en el distrito de Hlaing Thar Yar y 600 en el distrito de Kyauk Tan se manifestaron en contra de la falta de aplicaci\u00f3n de la ley\" \/>\n<meta name=\"robots\" content=\"index, follow, max-snippet:-1, max-image-preview:large, max-video-preview:-1\" \/>\n<link rel=\"canonical\" href=\"https:\/\/admin.industriall-union.org\/es\/protesta-masiva-en-myanmar-para-exigir-el-cumplimiento-de-una-ley-laboral\/\" \/>\n<meta property=\"og:locale\" content=\"es_ES\" \/>\n<meta property=\"og:type\" content=\"article\" \/>\n<meta property=\"og:title\" content=\"Protesta masiva en Myanmar para exigir el cumplimiento de una ley laboral\" \/>\n<meta property=\"og:description\" content=\"4.000 trabajadores en el distrito de Hlaing Thar Yar y 600 en el distrito de Kyauk Tan se manifestaron en contra de la falta de aplicaci\u00f3n de la ley\" \/>\n<meta property=\"og:url\" content=\"https:\/\/admin.industriall-union.org\/es\/protesta-masiva-en-myanmar-para-exigir-el-cumplimiento-de-una-ley-laboral\/\" \/>\n<meta property=\"og:site_name\" content=\"industriall-union\" \/>\n<meta property=\"article:modified_time\" content=\"2025-02-03T14:37:24+00:00\" \/>\n<meta name=\"twitter:card\" content=\"summary_large_image\" \/>\n<meta name=\"twitter:label1\" content=\"Est. reading time\" \/>\n\t<meta name=\"twitter:data1\" content=\"2 minutes\" \/>\n<script type=\"application\/ld+json\" class=\"yoast-schema-graph\">{\"@context\":\"https:\/\/schema.org\",\"@graph\":[{\"@type\":\"WebPage\",\"@id\":\"https:\/\/admin.industriall-union.org\/es\/protesta-masiva-en-myanmar-para-exigir-el-cumplimiento-de-una-ley-laboral\/\",\"url\":\"https:\/\/admin.industriall-union.org\/es\/protesta-masiva-en-myanmar-para-exigir-el-cumplimiento-de-una-ley-laboral\/\",\"name\":\"Protesta masiva en Myanmar para exigir el cumplimiento de una ley laboral - industriall-union\",\"isPartOf\":{\"@id\":\"https:\/\/admin.industriall-union.org\/ru\/#website\"},\"datePublished\":\"2019-08-30T11:26:43+00:00\",\"dateModified\":\"2025-02-03T14:37:24+00:00\",\"description\":\"4.000 trabajadores en el distrito de Hlaing Thar Yar y 600 en el distrito de Kyauk Tan se manifestaron en contra de la falta de aplicaci\u00f3n de la ley\",\"breadcrumb\":{\"@id\":\"https:\/\/admin.industriall-union.org\/es\/protesta-masiva-en-myanmar-para-exigir-el-cumplimiento-de-una-ley-laboral\/#breadcrumb\"},\"inLanguage\":\"es-ES\",\"potentialAction\":[{\"@type\":\"ReadAction\",\"target\":[\"https:\/\/admin.industriall-union.org\/es\/protesta-masiva-en-myanmar-para-exigir-el-cumplimiento-de-una-ley-laboral\/\"]}]},{\"@type\":\"BreadcrumbList\",\"@id\":\"https:\/\/admin.industriall-union.org\/es\/protesta-masiva-en-myanmar-para-exigir-el-cumplimiento-de-una-ley-laboral\/#breadcrumb\",\"itemListElement\":[{\"@type\":\"ListItem\",\"position\":1,\"name\":\"Home\",\"item\":\"https:\/\/admin.industriall-union.org\/ru\/\"},{\"@type\":\"ListItem\",\"position\":2,\"name\":\"Articles\",\"item\":\"https:\/\/admin.industriall-union.org\/ru\/article\/\"},{\"@type\":\"ListItem\",\"position\":3,\"name\":\"Protesta masiva en Myanmar para exigir el cumplimiento de una ley laboral\"}]},{\"@type\":\"WebSite\",\"@id\":\"https:\/\/admin.industriall-union.org\/ru\/#website\",\"url\":\"https:\/\/admin.industriall-union.org\/ru\/\",\"name\":\"industriall-union\",\"description\":\"\",\"potentialAction\":[{\"@type\":\"SearchAction\",\"target\":{\"@type\":\"EntryPoint\",\"urlTemplate\":\"https:\/\/admin.industriall-union.org\/ru\/?s={search_term_string}\"},\"query-input\":{\"@type\":\"PropertyValueSpecification\",\"valueRequired\":true,\"valueName\":\"search_term_string\"}}],\"inLanguage\":\"es-ES\"}]}<\/script>\n<!-- \/ Yoast SEO Premium plugin. -->","yoast_head_json":{"title":"Protesta masiva en Myanmar para exigir el cumplimiento de una ley laboral - industriall-union","description":"4.000 trabajadores en el distrito de Hlaing Thar Yar y 600 en el distrito de Kyauk Tan se manifestaron en contra de la falta de aplicaci\u00f3n de la ley","robots":{"index":"index","follow":"follow","max-snippet":"max-snippet:-1","max-image-preview":"max-image-preview:large","max-video-preview":"max-video-preview:-1"},"canonical":"https:\/\/admin.industriall-union.org\/es\/protesta-masiva-en-myanmar-para-exigir-el-cumplimiento-de-una-ley-laboral\/","og_locale":"es_ES","og_type":"article","og_title":"Protesta masiva en Myanmar para exigir el cumplimiento de una ley laboral","og_description":"4.000 trabajadores en el distrito de Hlaing Thar Yar y 600 en el distrito de Kyauk Tan se manifestaron en contra de la falta de aplicaci\u00f3n de la ley","og_url":"https:\/\/admin.industriall-union.org\/es\/protesta-masiva-en-myanmar-para-exigir-el-cumplimiento-de-una-ley-laboral\/","og_site_name":"industriall-union","article_modified_time":"2025-02-03T14:37:24+00:00","twitter_card":"summary_large_image","twitter_misc":{"Est. reading time":"2 minutes"},"schema":{"@context":"https:\/\/schema.org","@graph":[{"@type":"WebPage","@id":"https:\/\/admin.industriall-union.org\/es\/protesta-masiva-en-myanmar-para-exigir-el-cumplimiento-de-una-ley-laboral\/","url":"https:\/\/admin.industriall-union.org\/es\/protesta-masiva-en-myanmar-para-exigir-el-cumplimiento-de-una-ley-laboral\/","name":"Protesta masiva en Myanmar para exigir el cumplimiento de una ley laboral - industriall-union","isPartOf":{"@id":"https:\/\/admin.industriall-union.org\/ru\/#website"},"datePublished":"2019-08-30T11:26:43+00:00","dateModified":"2025-02-03T14:37:24+00:00","description":"4.000 trabajadores en el distrito de Hlaing Thar Yar y 600 en el distrito de Kyauk Tan se manifestaron en contra de la falta de aplicaci\u00f3n de la ley","breadcrumb":{"@id":"https:\/\/admin.industriall-union.org\/es\/protesta-masiva-en-myanmar-para-exigir-el-cumplimiento-de-una-ley-laboral\/#breadcrumb"},"inLanguage":"es-ES","potentialAction":[{"@type":"ReadAction","target":["https:\/\/admin.industriall-union.org\/es\/protesta-masiva-en-myanmar-para-exigir-el-cumplimiento-de-una-ley-laboral\/"]}]},{"@type":"BreadcrumbList","@id":"https:\/\/admin.industriall-union.org\/es\/protesta-masiva-en-myanmar-para-exigir-el-cumplimiento-de-una-ley-laboral\/#breadcrumb","itemListElement":[{"@type":"ListItem","position":1,"name":"Home","item":"https:\/\/admin.industriall-union.org\/ru\/"},{"@type":"ListItem","position":2,"name":"Articles","item":"https:\/\/admin.industriall-union.org\/ru\/article\/"},{"@type":"ListItem","position":3,"name":"Protesta masiva en Myanmar para exigir el cumplimiento de una ley laboral"}]},{"@type":"WebSite","@id":"https:\/\/admin.industriall-union.org\/ru\/#website","url":"https:\/\/admin.industriall-union.org\/ru\/","name":"industriall-union","description":"","potentialAction":[{"@type":"SearchAction","target":{"@type":"EntryPoint","urlTemplate":"https:\/\/admin.industriall-union.org\/ru\/?s={search_term_string}"},"query-input":{"@type":"PropertyValueSpecification","valueRequired":true,"valueName":"search_term_string"}}],"inLanguage":"es-ES"}]}},"_links":{"self":[{"href":"https:\/\/admin.industriall-union.org\/es\/wp-json\/wp\/v2\/article\/159823","targetHints":{"allow":["GET"]}}],"collection":[{"href":"https:\/\/admin.industriall-union.org\/es\/wp-json\/wp\/v2\/article"}],"about":[{"href":"https:\/\/admin.industriall-union.org\/es\/wp-json\/wp\/v2\/types\/article"}],"wp:attachment":[{"href":"https:\/\/admin.industriall-union.org\/es\/wp-json\/wp\/v2\/media?parent=159823"}],"wp:term":[{"taxonomy":"issues","embeddable":true,"href":"https:\/\/admin.industriall-union.org\/es\/wp-json\/wp\/v2\/issues?post=159823"},{"taxonomy":"companies","embeddable":true,"href":"https:\/\/admin.industriall-union.org\/es\/wp-json\/wp\/v2\/companies?post=159823"},{"taxonomy":"regions","embeddable":true,"href":"https:\/\/admin.industriall-union.org\/es\/wp-json\/wp\/v2\/regions?post=159823"},{"taxonomy":"sectors","embeddable":true,"href":"https:\/\/admin.industriall-union.org\/es\/wp-json\/wp\/v2\/sectors?post=159823"},{"taxonomy":"article_tags","embeddable":true,"href":"https:\/\/admin.industriall-union.org\/es\/wp-json\/wp\/v2\/article_tags?post=159823"}],"curies":[{"name":"wp","href":"https:\/\/api.w.org\/{rel}","templated":true}]}}