{"id":159779,"date":"2019-09-04T14:31:03","date_gmt":"2019-09-04T14:31:03","guid":{"rendered":"https:\/\/admin.industriall-union.org\/crece-el-apoyo-a-medida-que-la-ocupacion-del-astillero-harland-and-wolff-alcanza-las-cinco-semanas\/"},"modified":"2025-02-03T14:28:23","modified_gmt":"2025-02-03T14:28:23","slug":"crece-el-apoyo-a-medida-que-la-ocupacion-del-astillero-harland-and-wolff-alcanza-las-cinco-semanas","status":"publish","type":"article","link":"https:\/\/admin.industriall-union.org\/es\/crece-el-apoyo-a-medida-que-la-ocupacion-del-astillero-harland-and-wolff-alcanza-las-cinco-semanas\/","title":{"rendered":"Crece el apoyo a medida que la ocupaci\u00f3n del astillero Harland and Wolff alcanza las cinco semanas"},"content":{"rendered":"<p>Harland and Wolff, el astillero que construy\u00f3 el Titanic, entr\u00f3 en concurso de acreedores el 6 de agosto con la posible p\u00e9rdida de m\u00e1s de 120 empleos cuando la compa\u00f1\u00eda matriz en dificultades, Norwegian Dolphin Drilling, no logr\u00f3 encontrar un comprador.<\/p><p>Los trabajadores han ocupado el astillero desde el 30 de julio, en un intento para evitar que especuladores y liquidadores de activos tomen el control. Los trabajadores bloquearon el acceso al sitio a los administradores concursales. El representante sindical Joe Passmore explic\u00f3:<\/p><blockquote><p>&ldquo;No \u00edbamos a aceptar que gente que no comparte nuestros intereses tome el control de nuestro astillero&hellip; nosotros manejamos este lugar y decidimos qui\u00e9n entra y qui\u00e9n no&rdquo;.<\/p><\/blockquote><p>Los sindicatos que representan a los trabajadores en el sitio, los afiliados a IndustriALL Global Union, GMB y Unite, est\u00e1n instando al gobierno del Reino Unido a nacionalizar o desarrollar un plan de rescate para la planta, diciendo que los trabajadores han demostrado mucho m\u00e1s compromiso con el astillero que el gobierno.<\/p><p>La negativa del gobierno a intervenir se encuentra en un contraste marcado con el precedente establecido por el gobierno escoc\u00e9s, que <a href=\"https:\/\/www.bbc.com\/news\/uk-scotland-glasgow-west-49370082\">nacionaliz\u00f3 el astillero Ferguson<\/a> en Port Glasgow en agosto. Los trabajadores de Ferguson Marine visitaron el astillero para demostrar su apoyo.<\/p><figure class=\"imageArticle imageFull\"><img decoding=\"async\" alt=\"\" src=\"\/wp-content\/uploads\/images\/2019\/UK\/HW\/ferguson_2.jpg\" style=\"width: 1440px;height: 1080px\" \/><figcaption class=\"imageContent\"><div class=\"imageCaption\"><p>Los trabajadores de Ferguson Marine, que fue nacionalizada por el gobierno escoc\u00e9s, env\u00edan su apoyo<\/p><\/div><\/figcaption><\/figure><p>Los activistas argumentaron que el astillero, que produce equipos para el sector renovable, debe salvarse como parte de un nuevo trato a favor del medioambiente.<\/p><p>Los trabajadores han obtenido el apoyo de la comunidad local e internacional. El 23 de agosto se realiz\u00f3 una manifestaci\u00f3n en el astillero que fue mencionada por l\u00edderes sindicales de todo el pa\u00eds.<\/p><p>La fuerza del apoyo ha atra\u00eddo una cantidad de ofertas serias de posibles compradores que quieren tomar el control del astillero como empresa en funcionamiento.<\/p><p>Susan Fitzgerald, de Unite, dijo:<\/p><blockquote><p>&ldquo;Los oferentes que est\u00e1n visitando el sitio ofrecen no solo arreglarlo sino la promesa de un futuro vibrante de cantidades crecientes de trabajos de alto valor agregado&rdquo;.<\/p><\/blockquote><blockquote><p>&ldquo;Ahora hay una competencia entre los oferentes comerciales por comprar este astillero mientras que hace solo unas semanas se estaba declarando como muerto&rdquo;.<\/p><\/blockquote><p>El director de industria de IndustriALL, Kan Matsuzaki, dijo:<\/p><blockquote><p>&ldquo;El coraje y la determinaci\u00f3n de estos trabajadores son inspiradores, y muestran que hay vida en el astillero y apoyo en todo el mundo. Continuaremos apoy\u00e1ndolos en la defensa de sus sustentos hasta que se encuentre un comprador serio y el futuro del astillero est\u00e9 asegurado&rdquo;.<\/p><\/blockquote><p>Mientras tanto, los sindicatos han negociado un paro temporal que <a href=\"https:\/\/www.union-news.co.uk\/win-unions-save-all-jobs-at-harland-and-wolff\/\">conservar\u00e1 sus contratos<\/a> y t\u00e9rminos de empleo hasta que el astillero vuelva a abrir.<\/p>","protected":false},"featured_media":0,"template":"","issues":[],"companies":[],"regions":[202,251],"sectors":[472,470],"article_tags":[],"class_list":["post-159779","article","type-article","status-publish","hentry","regions-europe","regions-united-kingdom","sectors-shipbuilding","sectors-shipbuilding-and-shipbreaking"],"acf":[],"yoast_head":"<!-- This site is optimized with the Yoast SEO Premium plugin v27.1 (Yoast SEO v27.1) - https:\/\/yoast.com\/product\/yoast-seo-premium-wordpress\/ -->\n<title>Crece el apoyo a medida que la ocupaci\u00f3n del astillero Harland and Wolff alcanza las cinco semanas - industriall-union<\/title>\n<meta name=\"description\" content=\"Harland and Wolff, el astillero que construy\u00f3 el Titanic, entr\u00f3 en concurso de acreedores el 6 de agosto con la posible p\u00e9rdida de m\u00e1s de 120 empleos\" \/>\n<meta name=\"robots\" content=\"index, follow, max-snippet:-1, max-image-preview:large, max-video-preview:-1\" \/>\n<link rel=\"canonical\" href=\"https:\/\/admin.industriall-union.org\/es\/crece-el-apoyo-a-medida-que-la-ocupacion-del-astillero-harland-and-wolff-alcanza-las-cinco-semanas\/\" \/>\n<meta property=\"og:locale\" content=\"es_ES\" \/>\n<meta property=\"og:type\" content=\"article\" \/>\n<meta property=\"og:title\" content=\"Crece el apoyo a medida que la ocupaci\u00f3n del astillero Harland and Wolff alcanza las cinco semanas\" \/>\n<meta property=\"og:description\" content=\"Harland and Wolff, el astillero que construy\u00f3 el Titanic, entr\u00f3 en concurso de acreedores el 6 de agosto con la posible p\u00e9rdida de m\u00e1s de 120 empleos\" \/>\n<meta property=\"og:url\" content=\"https:\/\/admin.industriall-union.org\/es\/crece-el-apoyo-a-medida-que-la-ocupacion-del-astillero-harland-and-wolff-alcanza-las-cinco-semanas\/\" \/>\n<meta property=\"og:site_name\" content=\"industriall-union\" \/>\n<meta property=\"article:modified_time\" content=\"2025-02-03T14:28:23+00:00\" \/>\n<meta name=\"twitter:card\" content=\"summary_large_image\" \/>\n<meta name=\"twitter:label1\" content=\"Est. reading time\" \/>\n\t<meta name=\"twitter:data1\" content=\"2 minutes\" \/>\n<script type=\"application\/ld+json\" class=\"yoast-schema-graph\">{\"@context\":\"https:\/\/schema.org\",\"@graph\":[{\"@type\":\"WebPage\",\"@id\":\"https:\/\/admin.industriall-union.org\/es\/crece-el-apoyo-a-medida-que-la-ocupacion-del-astillero-harland-and-wolff-alcanza-las-cinco-semanas\/\",\"url\":\"https:\/\/admin.industriall-union.org\/es\/crece-el-apoyo-a-medida-que-la-ocupacion-del-astillero-harland-and-wolff-alcanza-las-cinco-semanas\/\",\"name\":\"Crece el apoyo a medida que la ocupaci\u00f3n del astillero Harland and Wolff alcanza las cinco semanas - industriall-union\",\"isPartOf\":{\"@id\":\"https:\/\/admin.industriall-union.org\/#website\"},\"datePublished\":\"2019-09-04T14:31:03+00:00\",\"dateModified\":\"2025-02-03T14:28:23+00:00\",\"description\":\"Harland and Wolff, el astillero que construy\u00f3 el Titanic, entr\u00f3 en concurso de acreedores el 6 de agosto con la posible p\u00e9rdida de m\u00e1s de 120 empleos\",\"breadcrumb\":{\"@id\":\"https:\/\/admin.industriall-union.org\/es\/crece-el-apoyo-a-medida-que-la-ocupacion-del-astillero-harland-and-wolff-alcanza-las-cinco-semanas\/#breadcrumb\"},\"inLanguage\":\"es-ES\",\"potentialAction\":[{\"@type\":\"ReadAction\",\"target\":[\"https:\/\/admin.industriall-union.org\/es\/crece-el-apoyo-a-medida-que-la-ocupacion-del-astillero-harland-and-wolff-alcanza-las-cinco-semanas\/\"]}]},{\"@type\":\"BreadcrumbList\",\"@id\":\"https:\/\/admin.industriall-union.org\/es\/crece-el-apoyo-a-medida-que-la-ocupacion-del-astillero-harland-and-wolff-alcanza-las-cinco-semanas\/#breadcrumb\",\"itemListElement\":[{\"@type\":\"ListItem\",\"position\":1,\"name\":\"Home\",\"item\":\"https:\/\/admin.industriall-union.org\/\"},{\"@type\":\"ListItem\",\"position\":2,\"name\":\"Articles\",\"item\":\"https:\/\/admin.industriall-union.org\/article\/\"},{\"@type\":\"ListItem\",\"position\":3,\"name\":\"Crece el apoyo a medida que la ocupaci\u00f3n del astillero Harland and Wolff alcanza las cinco semanas\"}]},{\"@type\":\"WebSite\",\"@id\":\"https:\/\/admin.industriall-union.org\/#website\",\"url\":\"https:\/\/admin.industriall-union.org\/\",\"name\":\"industriall-union\",\"description\":\"\",\"potentialAction\":[{\"@type\":\"SearchAction\",\"target\":{\"@type\":\"EntryPoint\",\"urlTemplate\":\"https:\/\/admin.industriall-union.org\/?s={search_term_string}\"},\"query-input\":{\"@type\":\"PropertyValueSpecification\",\"valueRequired\":true,\"valueName\":\"search_term_string\"}}],\"inLanguage\":\"es-ES\"}]}<\/script>\n<!-- \/ Yoast SEO Premium plugin. -->","yoast_head_json":{"title":"Crece el apoyo a medida que la ocupaci\u00f3n del astillero Harland and Wolff alcanza las cinco semanas - industriall-union","description":"Harland and Wolff, el astillero que construy\u00f3 el Titanic, entr\u00f3 en concurso de acreedores el 6 de agosto con la posible p\u00e9rdida de m\u00e1s de 120 empleos","robots":{"index":"index","follow":"follow","max-snippet":"max-snippet:-1","max-image-preview":"max-image-preview:large","max-video-preview":"max-video-preview:-1"},"canonical":"https:\/\/admin.industriall-union.org\/es\/crece-el-apoyo-a-medida-que-la-ocupacion-del-astillero-harland-and-wolff-alcanza-las-cinco-semanas\/","og_locale":"es_ES","og_type":"article","og_title":"Crece el apoyo a medida que la ocupaci\u00f3n del astillero Harland and Wolff alcanza las cinco semanas","og_description":"Harland and Wolff, el astillero que construy\u00f3 el Titanic, entr\u00f3 en concurso de acreedores el 6 de agosto con la posible p\u00e9rdida de m\u00e1s de 120 empleos","og_url":"https:\/\/admin.industriall-union.org\/es\/crece-el-apoyo-a-medida-que-la-ocupacion-del-astillero-harland-and-wolff-alcanza-las-cinco-semanas\/","og_site_name":"industriall-union","article_modified_time":"2025-02-03T14:28:23+00:00","twitter_card":"summary_large_image","twitter_misc":{"Est. reading time":"2 minutes"},"schema":{"@context":"https:\/\/schema.org","@graph":[{"@type":"WebPage","@id":"https:\/\/admin.industriall-union.org\/es\/crece-el-apoyo-a-medida-que-la-ocupacion-del-astillero-harland-and-wolff-alcanza-las-cinco-semanas\/","url":"https:\/\/admin.industriall-union.org\/es\/crece-el-apoyo-a-medida-que-la-ocupacion-del-astillero-harland-and-wolff-alcanza-las-cinco-semanas\/","name":"Crece el apoyo a medida que la ocupaci\u00f3n del astillero Harland and Wolff alcanza las cinco semanas - industriall-union","isPartOf":{"@id":"https:\/\/admin.industriall-union.org\/#website"},"datePublished":"2019-09-04T14:31:03+00:00","dateModified":"2025-02-03T14:28:23+00:00","description":"Harland and Wolff, el astillero que construy\u00f3 el Titanic, entr\u00f3 en concurso de acreedores el 6 de agosto con la posible p\u00e9rdida de m\u00e1s de 120 empleos","breadcrumb":{"@id":"https:\/\/admin.industriall-union.org\/es\/crece-el-apoyo-a-medida-que-la-ocupacion-del-astillero-harland-and-wolff-alcanza-las-cinco-semanas\/#breadcrumb"},"inLanguage":"es-ES","potentialAction":[{"@type":"ReadAction","target":["https:\/\/admin.industriall-union.org\/es\/crece-el-apoyo-a-medida-que-la-ocupacion-del-astillero-harland-and-wolff-alcanza-las-cinco-semanas\/"]}]},{"@type":"BreadcrumbList","@id":"https:\/\/admin.industriall-union.org\/es\/crece-el-apoyo-a-medida-que-la-ocupacion-del-astillero-harland-and-wolff-alcanza-las-cinco-semanas\/#breadcrumb","itemListElement":[{"@type":"ListItem","position":1,"name":"Home","item":"https:\/\/admin.industriall-union.org\/"},{"@type":"ListItem","position":2,"name":"Articles","item":"https:\/\/admin.industriall-union.org\/article\/"},{"@type":"ListItem","position":3,"name":"Crece el apoyo a medida que la ocupaci\u00f3n del astillero Harland and Wolff alcanza las cinco semanas"}]},{"@type":"WebSite","@id":"https:\/\/admin.industriall-union.org\/#website","url":"https:\/\/admin.industriall-union.org\/","name":"industriall-union","description":"","potentialAction":[{"@type":"SearchAction","target":{"@type":"EntryPoint","urlTemplate":"https:\/\/admin.industriall-union.org\/?s={search_term_string}"},"query-input":{"@type":"PropertyValueSpecification","valueRequired":true,"valueName":"search_term_string"}}],"inLanguage":"es-ES"}]}},"_links":{"self":[{"href":"https:\/\/admin.industriall-union.org\/es\/wp-json\/wp\/v2\/article\/159779","targetHints":{"allow":["GET"]}}],"collection":[{"href":"https:\/\/admin.industriall-union.org\/es\/wp-json\/wp\/v2\/article"}],"about":[{"href":"https:\/\/admin.industriall-union.org\/es\/wp-json\/wp\/v2\/types\/article"}],"wp:attachment":[{"href":"https:\/\/admin.industriall-union.org\/es\/wp-json\/wp\/v2\/media?parent=159779"}],"wp:term":[{"taxonomy":"issues","embeddable":true,"href":"https:\/\/admin.industriall-union.org\/es\/wp-json\/wp\/v2\/issues?post=159779"},{"taxonomy":"companies","embeddable":true,"href":"https:\/\/admin.industriall-union.org\/es\/wp-json\/wp\/v2\/companies?post=159779"},{"taxonomy":"regions","embeddable":true,"href":"https:\/\/admin.industriall-union.org\/es\/wp-json\/wp\/v2\/regions?post=159779"},{"taxonomy":"sectors","embeddable":true,"href":"https:\/\/admin.industriall-union.org\/es\/wp-json\/wp\/v2\/sectors?post=159779"},{"taxonomy":"article_tags","embeddable":true,"href":"https:\/\/admin.industriall-union.org\/es\/wp-json\/wp\/v2\/article_tags?post=159779"}],"curies":[{"name":"wp","href":"https:\/\/api.w.org\/{rel}","templated":true}]}}