{"id":159759,"date":"2019-09-18T07:24:00","date_gmt":"2019-09-18T07:24:00","guid":{"rendered":"https:\/\/admin.industriall-union.org\/sindicato-sudafricano-firma-un-acuerdo-salarial\/"},"modified":"2025-02-03T14:18:39","modified_gmt":"2025-02-03T14:18:39","slug":"sindicato-sudafricano-firma-un-acuerdo-salarial","status":"publish","type":"article","link":"https:\/\/admin.industriall-union.org\/es\/sindicato-sudafricano-firma-un-acuerdo-salarial\/","title":{"rendered":"Sindicato sudafricano firma un acuerdo salarial"},"content":{"rendered":"<p>Conforme al acuerdo salarial de tres a\u00f1os de duraci\u00f3n, que se firm\u00f3 el 12 de septiembre y vencer\u00e1 en 2022, los trabajadores del sector recibir\u00e1n un aumento del nueve por ciento en 2019 y aumentos del siete por ciento en los a\u00f1os siguientes. Los aumentos salariales tambi\u00e9n se ajustar\u00e1n de forma anual seg\u00fan los niveles de inflaci\u00f3n y las asignaciones por transporte aumentar\u00e1n de R1540 a R2500 (de US$&nbsp;105 a US$&nbsp;171).<\/p><p>El acuerdo incluye otros beneficios tales como la licencia por cuestiones familiares y pagos en caso de despidos temporales. Los trabajadores en la unidad de negociaci\u00f3n recibir\u00e1n, por \u00fanica vez, una gratificaci\u00f3n de R7500 (US$&nbsp;510). Asimismo, el di\u00e1logo entre el sindicato y los empleadores permitir\u00e1 concretar propuestas en materia de asistencia m\u00e9dica y evaluaci\u00f3n de competencias.<\/p><p>Irvin Jim, el secretario general de NUMSA, expres\u00f3:<\/p><blockquote><p>&nbsp;&ldquo;Nuestro equipo de negociaci\u00f3n trabaj\u00f3 incansablemente para alcanzar esta etapa en los acuerdos y estamos agradecidos por su ardua labor&rdquo;.<\/p><\/blockquote><p>Georg Leutert, el director del sector automotriz de IndustriALL, declar\u00f3:<\/p><blockquote><p>&ldquo;Celebramos el convenio colectivo firmado por NUMSA y AMEO, que seguir\u00e1 mejorando las condiciones laborales en el sector automotriz de Sud\u00e1frica. A medida que el sector adopta la Industria 4.0., tambi\u00e9n encomiamos las iniciativas respecto del desarrollo de competencias que benefician a los trabajadores&rdquo;.<\/p><\/blockquote><p>Al ser el sector manufacturero m\u00e1s grande en Sud\u00e1frica, donde comprende casi el 30 por ciento de la producci\u00f3n industrial y genera m\u00e1s de 600.000 veh\u00edculos por a\u00f1o, la industria automotriz es importante para la econom\u00eda. Este sector aporta alrededor del 6,8 por ciento del producto bruto interno del pa\u00eds. Asimismo, emplea a m\u00e1s de 100.000 trabajadores a lo largo de la cadena de valor y contribuye al desarrollo de las competencias, la tecnolog\u00eda y la innovaci\u00f3n, as\u00ed como a la inversi\u00f3n extranjera directa.<\/p><p>El sector automotriz sudafricano incluye la fabricaci\u00f3n, distribuci\u00f3n, reparaci\u00f3n y mantenimiento de los veh\u00edculos automotores y sus componentes. El Programa para el Desarrollo de la Producci\u00f3n Automotriz (2013), que ser\u00e1 reemplazado en 2020 por el Plan Rector Automotriz de Sud\u00e1frica, apoya a los fabricantes de equipos originales (OEM, por sus siglas en ingl\u00e9s) y se enfoca en la producci\u00f3n destinada al mercado de exportaci\u00f3n. El programa brinda subsidios a los OEM, tales como exenciones fiscales, para aumentar el contenido local de autom\u00f3viles producidos en Sud\u00e1frica, que actualmente es del 37 por ciento.<\/p>","protected":false},"featured_media":0,"template":"","issues":[396,391],"companies":[],"regions":[350],"sectors":[482],"article_tags":[],"class_list":["post-159759","article","type-article","status-publish","hentry","issues-building-strong-unions","issues-industry-40","regions-south-africa","sectors-automotive"],"acf":[],"yoast_head":"<!-- This site is optimized with the Yoast SEO Premium plugin v27.1 (Yoast SEO v27.1) - https:\/\/yoast.com\/product\/yoast-seo-premium-wordpress\/ -->\n<title>Sindicato sudafricano firma un acuerdo salarial - industriall-union<\/title>\n<meta name=\"description\" content=\"Conforme al acuerdo salarial de tres a\u00f1os de duraci\u00f3n, que se firm\u00f3 el 12 de septiembre y vencer\u00e1 en 2022, los trabajadores del sector recibir\u00e1n un\" \/>\n<meta name=\"robots\" content=\"index, follow, max-snippet:-1, max-image-preview:large, max-video-preview:-1\" \/>\n<link rel=\"canonical\" href=\"https:\/\/admin.industriall-union.org\/es\/sindicato-sudafricano-firma-un-acuerdo-salarial\/\" \/>\n<meta property=\"og:locale\" content=\"es_ES\" \/>\n<meta property=\"og:type\" content=\"article\" \/>\n<meta property=\"og:title\" content=\"Sindicato sudafricano firma un acuerdo salarial\" \/>\n<meta property=\"og:description\" content=\"Conforme al acuerdo salarial de tres a\u00f1os de duraci\u00f3n, que se firm\u00f3 el 12 de septiembre y vencer\u00e1 en 2022, los trabajadores del sector recibir\u00e1n un\" \/>\n<meta property=\"og:url\" content=\"https:\/\/admin.industriall-union.org\/es\/sindicato-sudafricano-firma-un-acuerdo-salarial\/\" \/>\n<meta property=\"og:site_name\" content=\"industriall-union\" \/>\n<meta property=\"article:modified_time\" content=\"2025-02-03T14:18:39+00:00\" \/>\n<meta name=\"twitter:card\" content=\"summary_large_image\" \/>\n<meta name=\"twitter:label1\" content=\"Est. reading time\" \/>\n\t<meta name=\"twitter:data1\" content=\"2 minutes\" \/>\n<script type=\"application\/ld+json\" class=\"yoast-schema-graph\">{\"@context\":\"https:\/\/schema.org\",\"@graph\":[{\"@type\":\"WebPage\",\"@id\":\"https:\/\/admin.industriall-union.org\/es\/sindicato-sudafricano-firma-un-acuerdo-salarial\/\",\"url\":\"https:\/\/admin.industriall-union.org\/es\/sindicato-sudafricano-firma-un-acuerdo-salarial\/\",\"name\":\"Sindicato sudafricano firma un acuerdo salarial - industriall-union\",\"isPartOf\":{\"@id\":\"https:\/\/admin.industriall-union.org\/#website\"},\"datePublished\":\"2019-09-18T07:24:00+00:00\",\"dateModified\":\"2025-02-03T14:18:39+00:00\",\"description\":\"Conforme al acuerdo salarial de tres a\u00f1os de duraci\u00f3n, que se firm\u00f3 el 12 de septiembre y vencer\u00e1 en 2022, los trabajadores del sector recibir\u00e1n un\",\"breadcrumb\":{\"@id\":\"https:\/\/admin.industriall-union.org\/es\/sindicato-sudafricano-firma-un-acuerdo-salarial\/#breadcrumb\"},\"inLanguage\":\"es-ES\",\"potentialAction\":[{\"@type\":\"ReadAction\",\"target\":[\"https:\/\/admin.industriall-union.org\/es\/sindicato-sudafricano-firma-un-acuerdo-salarial\/\"]}]},{\"@type\":\"BreadcrumbList\",\"@id\":\"https:\/\/admin.industriall-union.org\/es\/sindicato-sudafricano-firma-un-acuerdo-salarial\/#breadcrumb\",\"itemListElement\":[{\"@type\":\"ListItem\",\"position\":1,\"name\":\"Home\",\"item\":\"https:\/\/admin.industriall-union.org\/\"},{\"@type\":\"ListItem\",\"position\":2,\"name\":\"Articles\",\"item\":\"https:\/\/admin.industriall-union.org\/article\/\"},{\"@type\":\"ListItem\",\"position\":3,\"name\":\"Sindicato sudafricano firma un acuerdo salarial\"}]},{\"@type\":\"WebSite\",\"@id\":\"https:\/\/admin.industriall-union.org\/#website\",\"url\":\"https:\/\/admin.industriall-union.org\/\",\"name\":\"industriall-union\",\"description\":\"\",\"potentialAction\":[{\"@type\":\"SearchAction\",\"target\":{\"@type\":\"EntryPoint\",\"urlTemplate\":\"https:\/\/admin.industriall-union.org\/?s={search_term_string}\"},\"query-input\":{\"@type\":\"PropertyValueSpecification\",\"valueRequired\":true,\"valueName\":\"search_term_string\"}}],\"inLanguage\":\"es-ES\"}]}<\/script>\n<!-- \/ Yoast SEO Premium plugin. -->","yoast_head_json":{"title":"Sindicato sudafricano firma un acuerdo salarial - industriall-union","description":"Conforme al acuerdo salarial de tres a\u00f1os de duraci\u00f3n, que se firm\u00f3 el 12 de septiembre y vencer\u00e1 en 2022, los trabajadores del sector recibir\u00e1n un","robots":{"index":"index","follow":"follow","max-snippet":"max-snippet:-1","max-image-preview":"max-image-preview:large","max-video-preview":"max-video-preview:-1"},"canonical":"https:\/\/admin.industriall-union.org\/es\/sindicato-sudafricano-firma-un-acuerdo-salarial\/","og_locale":"es_ES","og_type":"article","og_title":"Sindicato sudafricano firma un acuerdo salarial","og_description":"Conforme al acuerdo salarial de tres a\u00f1os de duraci\u00f3n, que se firm\u00f3 el 12 de septiembre y vencer\u00e1 en 2022, los trabajadores del sector recibir\u00e1n un","og_url":"https:\/\/admin.industriall-union.org\/es\/sindicato-sudafricano-firma-un-acuerdo-salarial\/","og_site_name":"industriall-union","article_modified_time":"2025-02-03T14:18:39+00:00","twitter_card":"summary_large_image","twitter_misc":{"Est. reading time":"2 minutes"},"schema":{"@context":"https:\/\/schema.org","@graph":[{"@type":"WebPage","@id":"https:\/\/admin.industriall-union.org\/es\/sindicato-sudafricano-firma-un-acuerdo-salarial\/","url":"https:\/\/admin.industriall-union.org\/es\/sindicato-sudafricano-firma-un-acuerdo-salarial\/","name":"Sindicato sudafricano firma un acuerdo salarial - industriall-union","isPartOf":{"@id":"https:\/\/admin.industriall-union.org\/#website"},"datePublished":"2019-09-18T07:24:00+00:00","dateModified":"2025-02-03T14:18:39+00:00","description":"Conforme al acuerdo salarial de tres a\u00f1os de duraci\u00f3n, que se firm\u00f3 el 12 de septiembre y vencer\u00e1 en 2022, los trabajadores del sector recibir\u00e1n un","breadcrumb":{"@id":"https:\/\/admin.industriall-union.org\/es\/sindicato-sudafricano-firma-un-acuerdo-salarial\/#breadcrumb"},"inLanguage":"es-ES","potentialAction":[{"@type":"ReadAction","target":["https:\/\/admin.industriall-union.org\/es\/sindicato-sudafricano-firma-un-acuerdo-salarial\/"]}]},{"@type":"BreadcrumbList","@id":"https:\/\/admin.industriall-union.org\/es\/sindicato-sudafricano-firma-un-acuerdo-salarial\/#breadcrumb","itemListElement":[{"@type":"ListItem","position":1,"name":"Home","item":"https:\/\/admin.industriall-union.org\/"},{"@type":"ListItem","position":2,"name":"Articles","item":"https:\/\/admin.industriall-union.org\/article\/"},{"@type":"ListItem","position":3,"name":"Sindicato sudafricano firma un acuerdo salarial"}]},{"@type":"WebSite","@id":"https:\/\/admin.industriall-union.org\/#website","url":"https:\/\/admin.industriall-union.org\/","name":"industriall-union","description":"","potentialAction":[{"@type":"SearchAction","target":{"@type":"EntryPoint","urlTemplate":"https:\/\/admin.industriall-union.org\/?s={search_term_string}"},"query-input":{"@type":"PropertyValueSpecification","valueRequired":true,"valueName":"search_term_string"}}],"inLanguage":"es-ES"}]}},"_links":{"self":[{"href":"https:\/\/admin.industriall-union.org\/es\/wp-json\/wp\/v2\/article\/159759","targetHints":{"allow":["GET"]}}],"collection":[{"href":"https:\/\/admin.industriall-union.org\/es\/wp-json\/wp\/v2\/article"}],"about":[{"href":"https:\/\/admin.industriall-union.org\/es\/wp-json\/wp\/v2\/types\/article"}],"wp:attachment":[{"href":"https:\/\/admin.industriall-union.org\/es\/wp-json\/wp\/v2\/media?parent=159759"}],"wp:term":[{"taxonomy":"issues","embeddable":true,"href":"https:\/\/admin.industriall-union.org\/es\/wp-json\/wp\/v2\/issues?post=159759"},{"taxonomy":"companies","embeddable":true,"href":"https:\/\/admin.industriall-union.org\/es\/wp-json\/wp\/v2\/companies?post=159759"},{"taxonomy":"regions","embeddable":true,"href":"https:\/\/admin.industriall-union.org\/es\/wp-json\/wp\/v2\/regions?post=159759"},{"taxonomy":"sectors","embeddable":true,"href":"https:\/\/admin.industriall-union.org\/es\/wp-json\/wp\/v2\/sectors?post=159759"},{"taxonomy":"article_tags","embeddable":true,"href":"https:\/\/admin.industriall-union.org\/es\/wp-json\/wp\/v2\/article_tags?post=159759"}],"curies":[{"name":"wp","href":"https:\/\/api.w.org\/{rel}","templated":true}]}}