{"id":159687,"date":"2019-10-08T11:32:15","date_gmt":"2019-10-08T11:32:15","guid":{"rendered":"https:\/\/admin.industriall-union.org\/los-jovenes-de-africa-subsahariana-crean-una-estructura-regional\/"},"modified":"2025-02-03T13:49:42","modified_gmt":"2025-02-03T13:49:42","slug":"los-jovenes-de-africa-subsahariana-crean-una-estructura-regional","status":"publish","type":"article","link":"https:\/\/admin.industriall-union.org\/es\/los-jovenes-de-africa-subsahariana-crean-una-estructura-regional\/","title":{"rendered":"Los j\u00f3venes de \u00c1frica subsahariana crean una estructura regional"},"content":{"rendered":"<p>Los 44 delegados de 11 pa\u00edses tambi\u00e9n estuvieron acompa\u00f1ados por invitados de diversas organizaciones como la OIT, BWI, UNI Global Union, SASK y la Friedrich Ebert Stiftung (FES), que patrocin\u00f3 el evento.<\/p><p>Con frecuentes c\u00e1nticos de llamada y respuesta en celebraci\u00f3n del poder sindical y canciones que creaban una sensaci\u00f3n de unidad y movimiento, los delegados mostraron \u00edmpetu y entusiasmo. Cantaron canciones acerca de la lucha sindical, entre ellas Asinamali (&ldquo;No tenemos dinero&rdquo;), Asifuni yama Capitalist Agenda (&ldquo;No queremos la agenda capitalista&rdquo;) y My Mother was a Kitchen Girl (&ldquo;Mi madre era cocinera&rdquo;).<\/p><p>Se llev\u00f3 a cabo un panel de debate en el que se exploraron los diferentes aspectos de la sindicalizaci\u00f3n de los j\u00f3venes en sus pa\u00edses.<\/p><blockquote><p>&ldquo;Los j\u00f3venes est\u00e1n marginalizados. Las personas nos menosprecian, no por el poder de sus argumentos sino por el peso de sus a\u00f1os&rdquo;,<\/p><\/blockquote><p>afirm\u00f3 Tafadzwa Eustace Chidhindi de Zimbabue.<\/p><p>Tolulope Fagbamigbe, de Nigeria, se\u00f1al\u00f3 que las trabajadoras j\u00f3venes est\u00e1n doblemente oprimidas: tanto por la discriminaci\u00f3n por razones de edad como por el patriarcado. Cuando hay una invitaci\u00f3n para una reuni\u00f3n de j\u00f3venes, los hombres con edad suficiente para ser sus padres son los primeros en la lista para participar.<\/p><p>Luego de una presentaci\u00f3n acerca de la Declaraci\u00f3n del centenario de la OIT, realizada por Mban Kabu, de la Oficina de Actividades para los Trabajadores (ACTRAV) de este organismo, los participantes dialogaron sobre c\u00f3mo se desarrollar\u00e1 el futuro del trabajo en el contexto africano e idearon propuestas para los trabajadores j\u00f3venes marginalizados por un creciente sector informal.<\/p><p>Los participantes opinaron que su familiaridad con la nueva tecnolog\u00eda podr\u00eda significar una ventaja para ellos respecto a las nuevas modalidades de trabajo. Sweshta Soomungull, de Mauricio, pregunt\u00f3:<\/p><blockquote><p>&ldquo;&iquest;Desde cu\u00e1ndo los sindicatos le temen a los desaf\u00edos?&rdquo;<\/p><\/blockquote><p>Tambi\u00e9n se debati\u00f3 acerca de la aptitud de las estructuras sindicales para sindicalizar a los trabajadores j\u00f3venes. Iris Nothofer, del Centro de Competencia Sindical de \u00c1frica Subsahariana de la FES, plante\u00f3 una pregunta provocadora: &iquest;existe un conflicto entre la eficiencia y la democracia sindical?<\/p><blockquote><p>&ldquo;Los procedimientos y estructuras democr\u00e1ticas son necesarios pero no suficientes. Necesitamos redes activas de los miembros de base&rdquo;,<\/p><\/blockquote><p>concluy\u00f3.<\/p><p>La coordinadora de juventud de IndustriALL, Sarah Flores, habl\u00f3 sobre la importancia de que los j\u00f3venes desarrollen estructuras aut\u00f3nomas y su propia forma de trabajar. Los participantes se dividieron en tres grupos para desarrollar pol\u00edticas y estructuras.<\/p><p>Identificaron las siguientes prioridades:<\/p><ol><li>Formular una estructura regional<\/li><li>Desarrollar un liderazgo juvenil<\/li><li>Desarrollar un programa de educaci\u00f3n sindical para los j\u00f3venes<\/li><li>Formalizar las alianzas con la sociedad civil<\/li><li>Incluir a los j\u00f3venes en la negociaci\u00f3n colectiva<\/li><li>Integrar a los j\u00f3venes en las pol\u00edticas industriales<\/li><\/ol><p>Rose Omamo, secretaria general de AUKM de Kenia, dirigi\u00f3 el proceso de las elecciones.<\/p><p>Los resultados de la votaci\u00f3n fueron los siguientes:<\/p><p>Director: Emmanual Adjei-Danso, de Ghana<br \/>Vicedirector: Christian Rutendo Ranji, de Zimbabue<br \/>Secretario: Victor Notaye Ngwane, de Sud\u00e1frica<\/p><p>Comit\u00e9:<\/p><p>Sweshta Soomungull, de Mauricio<br \/>Tolulope Fagbamigbe, de Nigeria<br \/>Prisqua Miharilala, de Madagascar<br \/>Maria John Bange, de Tanzania<\/p><p>La secretaria regional de IndustriALL, Paule Ndessomin,&nbsp;declar\u00f3:<\/p><blockquote><p>&ldquo;Estoy impresionada por la pasi\u00f3n y el compromiso que vimos el d\u00eda de hoy. &iexcl;El futuro luce prometedor! Ahora que se ha creado una estructura, los sindicalistas j\u00f3venes podr\u00e1n trabajar juntos de forma efectiva&rdquo;.<\/p><\/blockquote>","protected":false},"featured_media":0,"template":"","issues":[],"companies":[],"regions":[311,354],"sectors":[],"article_tags":[536],"class_list":["post-159687","article","type-article","status-publish","hentry","regions-sub-saharan-africa","regions-tanzania","article_tags-youth"],"acf":[],"yoast_head":"<!-- This site is optimized with the Yoast SEO Premium plugin v27.1 (Yoast SEO v27.1) - https:\/\/yoast.com\/product\/yoast-seo-premium-wordpress\/ -->\n<title>Los j\u00f3venes de \u00c1frica subsahariana crean una estructura regional - industriall-union<\/title>\n<meta name=\"description\" content=\"Los 44 delegados de 11 pa\u00edses tambi\u00e9n estuvieron acompa\u00f1ados por invitados de diversas organizaciones como la OIT, BWI, UNI Global Union, SASK y la\" \/>\n<meta name=\"robots\" content=\"index, follow, max-snippet:-1, max-image-preview:large, max-video-preview:-1\" \/>\n<link rel=\"canonical\" href=\"https:\/\/admin.industriall-union.org\/es\/los-jovenes-de-africa-subsahariana-crean-una-estructura-regional\/\" \/>\n<meta property=\"og:locale\" content=\"es_ES\" \/>\n<meta property=\"og:type\" content=\"article\" \/>\n<meta property=\"og:title\" content=\"Los j\u00f3venes de \u00c1frica subsahariana crean una estructura regional\" \/>\n<meta property=\"og:description\" content=\"Los 44 delegados de 11 pa\u00edses tambi\u00e9n estuvieron acompa\u00f1ados por invitados de diversas organizaciones como la OIT, BWI, UNI Global Union, SASK y la\" \/>\n<meta property=\"og:url\" content=\"https:\/\/admin.industriall-union.org\/es\/los-jovenes-de-africa-subsahariana-crean-una-estructura-regional\/\" \/>\n<meta property=\"og:site_name\" content=\"industriall-union\" \/>\n<meta property=\"article:modified_time\" content=\"2025-02-03T13:49:42+00:00\" \/>\n<meta name=\"twitter:card\" content=\"summary_large_image\" \/>\n<meta name=\"twitter:label1\" content=\"Est. reading time\" \/>\n\t<meta name=\"twitter:data1\" content=\"3 minutes\" \/>\n<script type=\"application\/ld+json\" class=\"yoast-schema-graph\">{\"@context\":\"https:\/\/schema.org\",\"@graph\":[{\"@type\":\"WebPage\",\"@id\":\"https:\/\/admin.industriall-union.org\/es\/los-jovenes-de-africa-subsahariana-crean-una-estructura-regional\/\",\"url\":\"https:\/\/admin.industriall-union.org\/es\/los-jovenes-de-africa-subsahariana-crean-una-estructura-regional\/\",\"name\":\"Los j\u00f3venes de \u00c1frica subsahariana crean una estructura regional - industriall-union\",\"isPartOf\":{\"@id\":\"https:\/\/admin.industriall-union.org\/ru\/#website\"},\"datePublished\":\"2019-10-08T11:32:15+00:00\",\"dateModified\":\"2025-02-03T13:49:42+00:00\",\"description\":\"Los 44 delegados de 11 pa\u00edses tambi\u00e9n estuvieron acompa\u00f1ados por invitados de diversas organizaciones como la OIT, BWI, UNI Global Union, SASK y la\",\"breadcrumb\":{\"@id\":\"https:\/\/admin.industriall-union.org\/es\/los-jovenes-de-africa-subsahariana-crean-una-estructura-regional\/#breadcrumb\"},\"inLanguage\":\"es-ES\",\"potentialAction\":[{\"@type\":\"ReadAction\",\"target\":[\"https:\/\/admin.industriall-union.org\/es\/los-jovenes-de-africa-subsahariana-crean-una-estructura-regional\/\"]}]},{\"@type\":\"BreadcrumbList\",\"@id\":\"https:\/\/admin.industriall-union.org\/es\/los-jovenes-de-africa-subsahariana-crean-una-estructura-regional\/#breadcrumb\",\"itemListElement\":[{\"@type\":\"ListItem\",\"position\":1,\"name\":\"Home\",\"item\":\"https:\/\/admin.industriall-union.org\/ru\/\"},{\"@type\":\"ListItem\",\"position\":2,\"name\":\"Articles\",\"item\":\"https:\/\/admin.industriall-union.org\/ru\/article\/\"},{\"@type\":\"ListItem\",\"position\":3,\"name\":\"Los j\u00f3venes de \u00c1frica subsahariana crean una estructura regional\"}]},{\"@type\":\"WebSite\",\"@id\":\"https:\/\/admin.industriall-union.org\/ru\/#website\",\"url\":\"https:\/\/admin.industriall-union.org\/ru\/\",\"name\":\"industriall-union\",\"description\":\"\",\"potentialAction\":[{\"@type\":\"SearchAction\",\"target\":{\"@type\":\"EntryPoint\",\"urlTemplate\":\"https:\/\/admin.industriall-union.org\/ru\/?s={search_term_string}\"},\"query-input\":{\"@type\":\"PropertyValueSpecification\",\"valueRequired\":true,\"valueName\":\"search_term_string\"}}],\"inLanguage\":\"es-ES\"}]}<\/script>\n<!-- \/ Yoast SEO Premium plugin. -->","yoast_head_json":{"title":"Los j\u00f3venes de \u00c1frica subsahariana crean una estructura regional - industriall-union","description":"Los 44 delegados de 11 pa\u00edses tambi\u00e9n estuvieron acompa\u00f1ados por invitados de diversas organizaciones como la OIT, BWI, UNI Global Union, SASK y la","robots":{"index":"index","follow":"follow","max-snippet":"max-snippet:-1","max-image-preview":"max-image-preview:large","max-video-preview":"max-video-preview:-1"},"canonical":"https:\/\/admin.industriall-union.org\/es\/los-jovenes-de-africa-subsahariana-crean-una-estructura-regional\/","og_locale":"es_ES","og_type":"article","og_title":"Los j\u00f3venes de \u00c1frica subsahariana crean una estructura regional","og_description":"Los 44 delegados de 11 pa\u00edses tambi\u00e9n estuvieron acompa\u00f1ados por invitados de diversas organizaciones como la OIT, BWI, UNI Global Union, SASK y la","og_url":"https:\/\/admin.industriall-union.org\/es\/los-jovenes-de-africa-subsahariana-crean-una-estructura-regional\/","og_site_name":"industriall-union","article_modified_time":"2025-02-03T13:49:42+00:00","twitter_card":"summary_large_image","twitter_misc":{"Est. reading time":"3 minutes"},"schema":{"@context":"https:\/\/schema.org","@graph":[{"@type":"WebPage","@id":"https:\/\/admin.industriall-union.org\/es\/los-jovenes-de-africa-subsahariana-crean-una-estructura-regional\/","url":"https:\/\/admin.industriall-union.org\/es\/los-jovenes-de-africa-subsahariana-crean-una-estructura-regional\/","name":"Los j\u00f3venes de \u00c1frica subsahariana crean una estructura regional - industriall-union","isPartOf":{"@id":"https:\/\/admin.industriall-union.org\/ru\/#website"},"datePublished":"2019-10-08T11:32:15+00:00","dateModified":"2025-02-03T13:49:42+00:00","description":"Los 44 delegados de 11 pa\u00edses tambi\u00e9n estuvieron acompa\u00f1ados por invitados de diversas organizaciones como la OIT, BWI, UNI Global Union, SASK y la","breadcrumb":{"@id":"https:\/\/admin.industriall-union.org\/es\/los-jovenes-de-africa-subsahariana-crean-una-estructura-regional\/#breadcrumb"},"inLanguage":"es-ES","potentialAction":[{"@type":"ReadAction","target":["https:\/\/admin.industriall-union.org\/es\/los-jovenes-de-africa-subsahariana-crean-una-estructura-regional\/"]}]},{"@type":"BreadcrumbList","@id":"https:\/\/admin.industriall-union.org\/es\/los-jovenes-de-africa-subsahariana-crean-una-estructura-regional\/#breadcrumb","itemListElement":[{"@type":"ListItem","position":1,"name":"Home","item":"https:\/\/admin.industriall-union.org\/ru\/"},{"@type":"ListItem","position":2,"name":"Articles","item":"https:\/\/admin.industriall-union.org\/ru\/article\/"},{"@type":"ListItem","position":3,"name":"Los j\u00f3venes de \u00c1frica subsahariana crean una estructura regional"}]},{"@type":"WebSite","@id":"https:\/\/admin.industriall-union.org\/ru\/#website","url":"https:\/\/admin.industriall-union.org\/ru\/","name":"industriall-union","description":"","potentialAction":[{"@type":"SearchAction","target":{"@type":"EntryPoint","urlTemplate":"https:\/\/admin.industriall-union.org\/ru\/?s={search_term_string}"},"query-input":{"@type":"PropertyValueSpecification","valueRequired":true,"valueName":"search_term_string"}}],"inLanguage":"es-ES"}]}},"_links":{"self":[{"href":"https:\/\/admin.industriall-union.org\/es\/wp-json\/wp\/v2\/article\/159687","targetHints":{"allow":["GET"]}}],"collection":[{"href":"https:\/\/admin.industriall-union.org\/es\/wp-json\/wp\/v2\/article"}],"about":[{"href":"https:\/\/admin.industriall-union.org\/es\/wp-json\/wp\/v2\/types\/article"}],"wp:attachment":[{"href":"https:\/\/admin.industriall-union.org\/es\/wp-json\/wp\/v2\/media?parent=159687"}],"wp:term":[{"taxonomy":"issues","embeddable":true,"href":"https:\/\/admin.industriall-union.org\/es\/wp-json\/wp\/v2\/issues?post=159687"},{"taxonomy":"companies","embeddable":true,"href":"https:\/\/admin.industriall-union.org\/es\/wp-json\/wp\/v2\/companies?post=159687"},{"taxonomy":"regions","embeddable":true,"href":"https:\/\/admin.industriall-union.org\/es\/wp-json\/wp\/v2\/regions?post=159687"},{"taxonomy":"sectors","embeddable":true,"href":"https:\/\/admin.industriall-union.org\/es\/wp-json\/wp\/v2\/sectors?post=159687"},{"taxonomy":"article_tags","embeddable":true,"href":"https:\/\/admin.industriall-union.org\/es\/wp-json\/wp\/v2\/article_tags?post=159687"}],"curies":[{"name":"wp","href":"https:\/\/api.w.org\/{rel}","templated":true}]}}