{"id":159670,"date":"2019-10-11T15:51:19","date_gmt":"2019-10-11T15:51:19","guid":{"rendered":"https:\/\/admin.industriall-union.org\/trabajadores-de-glencore-piden-protocolo-para-resolver-conflictos\/"},"modified":"2025-02-03T13:42:52","modified_gmt":"2025-02-03T13:42:52","slug":"trabajadores-de-glencore-piden-protocolo-para-resolver-conflictos","status":"publish","type":"article","link":"https:\/\/admin.industriall-union.org\/es\/trabajadores-de-glencore-piden-protocolo-para-resolver-conflictos\/","title":{"rendered":"Trabajadores de Glencore piden protocolo para resolver conflictos"},"content":{"rendered":"<p>La red mundial de trabajadores de Glencore se reuni\u00f3 el 26 y 27 de septiembre en Valledupar, Colombia. Sindicatos de Australia, Canad\u00e1, Chile, Colombia, Estados Unidos, Per\u00fa, Sud\u00e1frica y Zambia, se encontraron para analizar el estado de la campa\u00f1a que desarrollan desde 2017 contra Glencore.<\/p><blockquote><p>&ldquo;Esta campa\u00f1a ayud\u00f3 a tener un nivel de interacci\u00f3n con altos mandos de la empresa, pero eso debe servir para mejorar las condiciones de cada uno de sus trabajadores del mundo&rdquo;<\/p><\/blockquote><p>dijo el secretario general adjunto de IndustriALL Global Union, Kemal \u00d6zkan, en la apertura.<\/p><p>Por primera vez participaron en esta reuni\u00f3n la jefa de Desarrollo Sostenible de Glencore International AG, Suiza, Anna Krutikov y la integrante de la oficina de Recursos Humanos, Gerda Schwindt. Ambas presentaron cu\u00e1l es la situaci\u00f3n comercial y financiera de Glencore, sus estrategias y perspectivas de futuro, incluido el enfoque a un desarrollo sostenible.<\/p><p>Lamentablemente, aquel escenario tan prometedor se alej\u00f3 mucho de los informes que hicieron los sindicatos a continuaci\u00f3n. Los trabajadores identificaron que a\u00fan hay graves problemas de salud y seguridad laboral en sus pa\u00edses, contaminaci\u00f3n ambiental y problemas de g\u00e9nero.<\/p><p>En Zambia aseguraron que hubo un fracaso en materia de seguridad ya que en este a\u00f1o se registr\u00f3 un record de 7 muertes. Dijeron que como sindicato hicieron lo mejor en el proceso de di\u00e1logo, para implementar pol\u00edticas de seguridad que protejan a sus trabajadores.<\/p><p>En tanto, en Colombia dijeron que en Codelco los gerentes violan en c\u00f3digo de conducta y la libre asociaci\u00f3n sindical. Hay amenazas constantes para que no se afilien sindicalmente. Adem\u00e1s, explicaron que existen problemas de salud y seguridad, y que en mayo desarrollaron una huelga por esto y la precaria alimentaci\u00f3n.<\/p><p>A su vez, dijeron que si bien Glencore abduce tener pol\u00edticas saludables en base al uso del agua, hay muchos r\u00edos que se contaminaron, como en las comunidades de Calenturitas. En tanto, en la Guajira intent\u00f3 desviar el \u00fanico rio que pasa por all\u00ed porque debajo hay materia prima que les sirve.<\/p><p>Sobre New Brunswick, Canad\u00e1 dijeron que la seguridad no se toma en serio y que hubo accidentes y lesiones. Incluso, tienen un representante sindical de salud y seguridad que sabe los procedimientos y ahora no puede trabajar porque Glencore efectu\u00f3 un cierre patronal en abril para quitar esa disposici\u00f3n del acuerdo colectivo. La Red emiti\u00f3 una <a href=\"\/wp-content\/uploads\/documents\/2019\/CANADA\/solidarity_statement_for_brunswick.pdf\" target=\"_self\">declaraci\u00f3n<\/a> en solidaridad con \u00e9l y los otros trabajadores afectados por dicho cierre patronal.<\/p><p>En lo que respecta a Sud\u00e1frica, explicaron que el reto es grande en salud y seguridad porque los empleados est\u00e1n perdiendo la capacidad de escucha, y est\u00e1n minando en socavones muy profundos que les afectan los pulmones.<\/p><p>Por todo ello, los participantes acordaron un plan de acci\u00f3n para continuar la interacci\u00f3n con la gerencia de la compa\u00f1\u00eda con miras a desarrollar un di\u00e1logo a nivel global. Solicitar\u00e1n un protocolo para la resoluci\u00f3n de conflictos en diferentes operaciones en todo el mundo e impulsar\u00e1n un mecanismo a nivel mundial que re\u00fana a la gerencia de la empresa y los l\u00edderes sindicales en la mesa.<\/p><p>El objetivo final ser\u00e1 negociar un acuerdo marco global que establezca las mejores normas posibles en materia de derechos sindicales, pr\u00e1cticas de salud, &nbsp;seguridad, medio ambiente, y la calidad de los principios laborales en las operaciones globales de la empresa, independientemente de que estas normas existan en un determinado pa\u00eds.<\/p><p><\/p><blockquote class=\"twitter-tweet\"><p dir=\"ltr\" lang=\"es\">Hoy 27 de septiembre finaliz\u00f3 la Reuni\u00f3n de la red mundial de trabajadores de Glencore en Valledupar, Colombia. Presentaron un plan de acci\u00f3n con los pr\u00f3ximos pasos en la campa\u00f1a permanente para presionar a Glencore a respetar los derechos de los trabajadores en todo el mundo. <a href=\"https:\/\/t.co\/knFqngUTEC\">pic.twitter.com\/knFqngUTEC<\/a><\/p>&mdash; IndustriALL (@IndustriALL_GU) <a href=\"https:\/\/twitter.com\/IndustriALL_GU\/status\/1177779466145325057?ref_src=twsrc%5Etfw\">September 28, 2019<\/a><\/blockquote>","protected":false},"featured_media":0,"template":"","issues":[419,402,420],"companies":[60],"regions":[264,254],"sectors":[494],"article_tags":[511,513],"class_list":["post-159670","article","type-article","status-publish","hentry","issues-environment","issues-health-and-safety","issues-solidarity","companies-glencore","regions-colombia","regions-latin-america-and-the-caribbean","sectors-mining-and-dgojp","article_tags-industriall","article_tags-labour-laws"],"acf":[],"yoast_head":"<!-- This site is optimized with the Yoast SEO Premium plugin v27.1 (Yoast SEO v27.1) - https:\/\/yoast.com\/product\/yoast-seo-premium-wordpress\/ -->\n<title>Trabajadores de Glencore piden protocolo para resolver conflictos - industriall-union<\/title>\n<meta name=\"description\" content=\"La red mundial de trabajadores de Glencore se reuni\u00f3 el 26 y 27 de septiembre en Valledupar, Colombia. Sindicatos de Australia, Canad\u00e1, Chile, Colombia,\" \/>\n<meta name=\"robots\" content=\"index, follow, max-snippet:-1, max-image-preview:large, max-video-preview:-1\" \/>\n<link rel=\"canonical\" href=\"https:\/\/admin.industriall-union.org\/es\/trabajadores-de-glencore-piden-protocolo-para-resolver-conflictos\/\" \/>\n<meta property=\"og:locale\" content=\"es_ES\" \/>\n<meta property=\"og:type\" content=\"article\" \/>\n<meta property=\"og:title\" content=\"Trabajadores de Glencore piden protocolo para resolver conflictos\" \/>\n<meta property=\"og:description\" content=\"La red mundial de trabajadores de Glencore se reuni\u00f3 el 26 y 27 de septiembre en Valledupar, Colombia. Sindicatos de Australia, Canad\u00e1, Chile, Colombia,\" \/>\n<meta property=\"og:url\" content=\"https:\/\/admin.industriall-union.org\/es\/trabajadores-de-glencore-piden-protocolo-para-resolver-conflictos\/\" \/>\n<meta property=\"og:site_name\" content=\"industriall-union\" \/>\n<meta property=\"article:modified_time\" content=\"2025-02-03T13:42:52+00:00\" \/>\n<meta name=\"twitter:card\" content=\"summary_large_image\" \/>\n<meta name=\"twitter:label1\" content=\"Est. reading time\" \/>\n\t<meta name=\"twitter:data1\" content=\"3 minutes\" \/>\n<script type=\"application\/ld+json\" class=\"yoast-schema-graph\">{\"@context\":\"https:\/\/schema.org\",\"@graph\":[{\"@type\":\"WebPage\",\"@id\":\"https:\/\/admin.industriall-union.org\/es\/trabajadores-de-glencore-piden-protocolo-para-resolver-conflictos\/\",\"url\":\"https:\/\/admin.industriall-union.org\/es\/trabajadores-de-glencore-piden-protocolo-para-resolver-conflictos\/\",\"name\":\"Trabajadores de Glencore piden protocolo para resolver conflictos - industriall-union\",\"isPartOf\":{\"@id\":\"https:\/\/admin.industriall-union.org\/#website\"},\"datePublished\":\"2019-10-11T15:51:19+00:00\",\"dateModified\":\"2025-02-03T13:42:52+00:00\",\"description\":\"La red mundial de trabajadores de Glencore se reuni\u00f3 el 26 y 27 de septiembre en Valledupar, Colombia. Sindicatos de Australia, Canad\u00e1, Chile, Colombia,\",\"breadcrumb\":{\"@id\":\"https:\/\/admin.industriall-union.org\/es\/trabajadores-de-glencore-piden-protocolo-para-resolver-conflictos\/#breadcrumb\"},\"inLanguage\":\"es-ES\",\"potentialAction\":[{\"@type\":\"ReadAction\",\"target\":[\"https:\/\/admin.industriall-union.org\/es\/trabajadores-de-glencore-piden-protocolo-para-resolver-conflictos\/\"]}]},{\"@type\":\"BreadcrumbList\",\"@id\":\"https:\/\/admin.industriall-union.org\/es\/trabajadores-de-glencore-piden-protocolo-para-resolver-conflictos\/#breadcrumb\",\"itemListElement\":[{\"@type\":\"ListItem\",\"position\":1,\"name\":\"Home\",\"item\":\"https:\/\/admin.industriall-union.org\/\"},{\"@type\":\"ListItem\",\"position\":2,\"name\":\"Articles\",\"item\":\"https:\/\/admin.industriall-union.org\/article\/\"},{\"@type\":\"ListItem\",\"position\":3,\"name\":\"Trabajadores de Glencore piden protocolo para resolver conflictos\"}]},{\"@type\":\"WebSite\",\"@id\":\"https:\/\/admin.industriall-union.org\/#website\",\"url\":\"https:\/\/admin.industriall-union.org\/\",\"name\":\"industriall-union\",\"description\":\"\",\"potentialAction\":[{\"@type\":\"SearchAction\",\"target\":{\"@type\":\"EntryPoint\",\"urlTemplate\":\"https:\/\/admin.industriall-union.org\/?s={search_term_string}\"},\"query-input\":{\"@type\":\"PropertyValueSpecification\",\"valueRequired\":true,\"valueName\":\"search_term_string\"}}],\"inLanguage\":\"es-ES\"}]}<\/script>\n<!-- \/ Yoast SEO Premium plugin. -->","yoast_head_json":{"title":"Trabajadores de Glencore piden protocolo para resolver conflictos - industriall-union","description":"La red mundial de trabajadores de Glencore se reuni\u00f3 el 26 y 27 de septiembre en Valledupar, Colombia. Sindicatos de Australia, Canad\u00e1, Chile, Colombia,","robots":{"index":"index","follow":"follow","max-snippet":"max-snippet:-1","max-image-preview":"max-image-preview:large","max-video-preview":"max-video-preview:-1"},"canonical":"https:\/\/admin.industriall-union.org\/es\/trabajadores-de-glencore-piden-protocolo-para-resolver-conflictos\/","og_locale":"es_ES","og_type":"article","og_title":"Trabajadores de Glencore piden protocolo para resolver conflictos","og_description":"La red mundial de trabajadores de Glencore se reuni\u00f3 el 26 y 27 de septiembre en Valledupar, Colombia. Sindicatos de Australia, Canad\u00e1, Chile, Colombia,","og_url":"https:\/\/admin.industriall-union.org\/es\/trabajadores-de-glencore-piden-protocolo-para-resolver-conflictos\/","og_site_name":"industriall-union","article_modified_time":"2025-02-03T13:42:52+00:00","twitter_card":"summary_large_image","twitter_misc":{"Est. reading time":"3 minutes"},"schema":{"@context":"https:\/\/schema.org","@graph":[{"@type":"WebPage","@id":"https:\/\/admin.industriall-union.org\/es\/trabajadores-de-glencore-piden-protocolo-para-resolver-conflictos\/","url":"https:\/\/admin.industriall-union.org\/es\/trabajadores-de-glencore-piden-protocolo-para-resolver-conflictos\/","name":"Trabajadores de Glencore piden protocolo para resolver conflictos - industriall-union","isPartOf":{"@id":"https:\/\/admin.industriall-union.org\/#website"},"datePublished":"2019-10-11T15:51:19+00:00","dateModified":"2025-02-03T13:42:52+00:00","description":"La red mundial de trabajadores de Glencore se reuni\u00f3 el 26 y 27 de septiembre en Valledupar, Colombia. Sindicatos de Australia, Canad\u00e1, Chile, Colombia,","breadcrumb":{"@id":"https:\/\/admin.industriall-union.org\/es\/trabajadores-de-glencore-piden-protocolo-para-resolver-conflictos\/#breadcrumb"},"inLanguage":"es-ES","potentialAction":[{"@type":"ReadAction","target":["https:\/\/admin.industriall-union.org\/es\/trabajadores-de-glencore-piden-protocolo-para-resolver-conflictos\/"]}]},{"@type":"BreadcrumbList","@id":"https:\/\/admin.industriall-union.org\/es\/trabajadores-de-glencore-piden-protocolo-para-resolver-conflictos\/#breadcrumb","itemListElement":[{"@type":"ListItem","position":1,"name":"Home","item":"https:\/\/admin.industriall-union.org\/"},{"@type":"ListItem","position":2,"name":"Articles","item":"https:\/\/admin.industriall-union.org\/article\/"},{"@type":"ListItem","position":3,"name":"Trabajadores de Glencore piden protocolo para resolver conflictos"}]},{"@type":"WebSite","@id":"https:\/\/admin.industriall-union.org\/#website","url":"https:\/\/admin.industriall-union.org\/","name":"industriall-union","description":"","potentialAction":[{"@type":"SearchAction","target":{"@type":"EntryPoint","urlTemplate":"https:\/\/admin.industriall-union.org\/?s={search_term_string}"},"query-input":{"@type":"PropertyValueSpecification","valueRequired":true,"valueName":"search_term_string"}}],"inLanguage":"es-ES"}]}},"_links":{"self":[{"href":"https:\/\/admin.industriall-union.org\/es\/wp-json\/wp\/v2\/article\/159670","targetHints":{"allow":["GET"]}}],"collection":[{"href":"https:\/\/admin.industriall-union.org\/es\/wp-json\/wp\/v2\/article"}],"about":[{"href":"https:\/\/admin.industriall-union.org\/es\/wp-json\/wp\/v2\/types\/article"}],"wp:attachment":[{"href":"https:\/\/admin.industriall-union.org\/es\/wp-json\/wp\/v2\/media?parent=159670"}],"wp:term":[{"taxonomy":"issues","embeddable":true,"href":"https:\/\/admin.industriall-union.org\/es\/wp-json\/wp\/v2\/issues?post=159670"},{"taxonomy":"companies","embeddable":true,"href":"https:\/\/admin.industriall-union.org\/es\/wp-json\/wp\/v2\/companies?post=159670"},{"taxonomy":"regions","embeddable":true,"href":"https:\/\/admin.industriall-union.org\/es\/wp-json\/wp\/v2\/regions?post=159670"},{"taxonomy":"sectors","embeddable":true,"href":"https:\/\/admin.industriall-union.org\/es\/wp-json\/wp\/v2\/sectors?post=159670"},{"taxonomy":"article_tags","embeddable":true,"href":"https:\/\/admin.industriall-union.org\/es\/wp-json\/wp\/v2\/article_tags?post=159670"}],"curies":[{"name":"wp","href":"https:\/\/api.w.org\/{rel}","templated":true}]}}