{"id":159663,"date":"2019-10-14T07:56:09","date_gmt":"2019-10-14T07:56:09","guid":{"rendered":"https:\/\/admin.industriall-union.org\/las-marcas-de-la-act-asumen-la-responsabilidad-por-sus-practicas-de-compra\/"},"modified":"2025-02-03T13:42:30","modified_gmt":"2025-02-03T13:42:30","slug":"las-marcas-de-la-act-asumen-la-responsabilidad-por-sus-practicas-de-compra","status":"publish","type":"article","link":"https:\/\/admin.industriall-union.org\/es\/las-marcas-de-la-act-asumen-la-responsabilidad-por-sus-practicas-de-compra\/","title":{"rendered":"Las marcas de la ACT asumen la responsabilidad por sus pr\u00e1cticas de compra"},"content":{"rendered":"<p>La ACT (Acci\u00f3n, Colaboraci\u00f3n, Transformaci\u00f3n) es un acuerdo pionero entre marcas globales, minoristas y sindicatos para transformar la industria de la confecci\u00f3n, el textil y el calzado y lograr salarios vitales para los trabajadores por medio de la negociaci\u00f3n colectiva a nivel de industria y vinculada con las pr\u00e1cticas de compra.<\/p><p>A partir de consultas exhaustivas con proveedores, sindicatos y expertos en la materia, la ACT ha adoptado compromisos a nivel mundial para que todas sus marcas integrantes cambien sus pr\u00e1cticas de compra en cinco \u00e1reas identificadas como esenciales para permitir que los proveedores paguen los aumentos de sueldo negociados y mejoren las condiciones de trabajo.<\/p><p>Esto incluye la adopci\u00f3n de un protocolo de c\u00e1lculo de costos de trabajo para asegurar que todos los costos directos e indirectos de mano de obra se incluyan en el presupuesto a la hora de negociar el precio de compra. Entre otras cosas, el protocolo especifica que las marcas realizar\u00e1n los c\u00e1lculos de costos de trabajo de acuerdo tomando en cuenta los aumentos de sueldo previstos apenas puedan acceder a esta informaci\u00f3n, y que cuando otras categor\u00edas de costos tales como el precio de la tela, los costos energ\u00e9ticos y el tama\u00f1o del pedido permanezcan iguales, se cubrir\u00e1n los aumentos salariales a trav\u00e9s de precios de compra m\u00e1s elevados.<\/p><p>El progreso hacia la implementaci\u00f3n total de los compromisos se medir\u00e1 anualmente a trav\u00e9s de un conjunto de medidas exhaustivas y transparentes, mediante el cual IndustriALL har\u00e1 rendir cuentas a las marcas.<\/p><p>La secretaria general adjunta de IndustriALL, Jenny Holdcroft, afirma que el marco regulatorio de responsabilidad y monitoreo de la ACT ofrece una herramienta para que las marcas cumplan con los requisitos internacionales de debida diligencia y se conviertan en l\u00edderes de la industria con respecto a pr\u00e1cticas de compra responsables.<\/p><blockquote><p>&ldquo;Es la base para brindar a los proveedores la confianza necesaria para celebrar convenios colectivos sectoriales con los sindicatos que mejorar\u00e1n la paga y las condiciones laborales. La experiencia ha demostrado que, sin tales garant\u00edas, los proveedores nunca aceptar\u00e1n asumir gastos adicionales.<\/p><p>Ahora instamos a todas las otras marcas del sector de la confecci\u00f3n a unirse a la ACT y hacer el mismo compromiso en apoyo de la mejora social y econ\u00f3mica de la industria&rdquo;.<\/p><\/blockquote>","protected":false},"featured_media":0,"template":"","issues":[],"companies":[],"regions":[],"sectors":[],"article_tags":[],"class_list":["post-159663","article","type-article","status-publish","hentry"],"acf":[],"yoast_head":"<!-- This site is optimized with the Yoast SEO Premium plugin v27.1 (Yoast SEO v27.1) - https:\/\/yoast.com\/product\/yoast-seo-premium-wordpress\/ -->\n<title>Las marcas de la ACT asumen la responsabilidad por sus pr\u00e1cticas de compra - industriall-union<\/title>\n<meta name=\"description\" content=\"La ACT (Acci\u00f3n, Colaboraci\u00f3n, Transformaci\u00f3n) es un acuerdo pionero entre marcas globales, minoristas y sindicatos para transformar la industria de la\" \/>\n<meta name=\"robots\" content=\"index, follow, max-snippet:-1, max-image-preview:large, max-video-preview:-1\" \/>\n<link rel=\"canonical\" href=\"https:\/\/admin.industriall-union.org\/es\/las-marcas-de-la-act-asumen-la-responsabilidad-por-sus-practicas-de-compra\/\" \/>\n<meta property=\"og:locale\" content=\"es_ES\" \/>\n<meta property=\"og:type\" content=\"article\" \/>\n<meta property=\"og:title\" content=\"Las marcas de la ACT asumen la responsabilidad por sus pr\u00e1cticas de compra\" \/>\n<meta property=\"og:description\" content=\"La ACT (Acci\u00f3n, Colaboraci\u00f3n, Transformaci\u00f3n) es un acuerdo pionero entre marcas globales, minoristas y sindicatos para transformar la industria de la\" \/>\n<meta property=\"og:url\" content=\"https:\/\/admin.industriall-union.org\/es\/las-marcas-de-la-act-asumen-la-responsabilidad-por-sus-practicas-de-compra\/\" \/>\n<meta property=\"og:site_name\" content=\"industriall-union\" \/>\n<meta property=\"article:modified_time\" content=\"2025-02-03T13:42:30+00:00\" \/>\n<meta name=\"twitter:card\" content=\"summary_large_image\" \/>\n<meta name=\"twitter:label1\" content=\"Est. reading time\" \/>\n\t<meta name=\"twitter:data1\" content=\"2 minutes\" \/>\n<script type=\"application\/ld+json\" class=\"yoast-schema-graph\">{\"@context\":\"https:\/\/schema.org\",\"@graph\":[{\"@type\":\"WebPage\",\"@id\":\"https:\/\/admin.industriall-union.org\/es\/las-marcas-de-la-act-asumen-la-responsabilidad-por-sus-practicas-de-compra\/\",\"url\":\"https:\/\/admin.industriall-union.org\/es\/las-marcas-de-la-act-asumen-la-responsabilidad-por-sus-practicas-de-compra\/\",\"name\":\"Las marcas de la ACT asumen la responsabilidad por sus pr\u00e1cticas de compra - industriall-union\",\"isPartOf\":{\"@id\":\"https:\/\/admin.industriall-union.org\/#website\"},\"datePublished\":\"2019-10-14T07:56:09+00:00\",\"dateModified\":\"2025-02-03T13:42:30+00:00\",\"description\":\"La ACT (Acci\u00f3n, Colaboraci\u00f3n, Transformaci\u00f3n) es un acuerdo pionero entre marcas globales, minoristas y sindicatos para transformar la industria de la\",\"breadcrumb\":{\"@id\":\"https:\/\/admin.industriall-union.org\/es\/las-marcas-de-la-act-asumen-la-responsabilidad-por-sus-practicas-de-compra\/#breadcrumb\"},\"inLanguage\":\"es-ES\",\"potentialAction\":[{\"@type\":\"ReadAction\",\"target\":[\"https:\/\/admin.industriall-union.org\/es\/las-marcas-de-la-act-asumen-la-responsabilidad-por-sus-practicas-de-compra\/\"]}]},{\"@type\":\"BreadcrumbList\",\"@id\":\"https:\/\/admin.industriall-union.org\/es\/las-marcas-de-la-act-asumen-la-responsabilidad-por-sus-practicas-de-compra\/#breadcrumb\",\"itemListElement\":[{\"@type\":\"ListItem\",\"position\":1,\"name\":\"Home\",\"item\":\"https:\/\/admin.industriall-union.org\/\"},{\"@type\":\"ListItem\",\"position\":2,\"name\":\"Articles\",\"item\":\"https:\/\/admin.industriall-union.org\/article\/\"},{\"@type\":\"ListItem\",\"position\":3,\"name\":\"Las marcas de la ACT asumen la responsabilidad por sus pr\u00e1cticas de compra\"}]},{\"@type\":\"WebSite\",\"@id\":\"https:\/\/admin.industriall-union.org\/#website\",\"url\":\"https:\/\/admin.industriall-union.org\/\",\"name\":\"industriall-union\",\"description\":\"\",\"potentialAction\":[{\"@type\":\"SearchAction\",\"target\":{\"@type\":\"EntryPoint\",\"urlTemplate\":\"https:\/\/admin.industriall-union.org\/?s={search_term_string}\"},\"query-input\":{\"@type\":\"PropertyValueSpecification\",\"valueRequired\":true,\"valueName\":\"search_term_string\"}}],\"inLanguage\":\"es-ES\"}]}<\/script>\n<!-- \/ Yoast SEO Premium plugin. -->","yoast_head_json":{"title":"Las marcas de la ACT asumen la responsabilidad por sus pr\u00e1cticas de compra - industriall-union","description":"La ACT (Acci\u00f3n, Colaboraci\u00f3n, Transformaci\u00f3n) es un acuerdo pionero entre marcas globales, minoristas y sindicatos para transformar la industria de la","robots":{"index":"index","follow":"follow","max-snippet":"max-snippet:-1","max-image-preview":"max-image-preview:large","max-video-preview":"max-video-preview:-1"},"canonical":"https:\/\/admin.industriall-union.org\/es\/las-marcas-de-la-act-asumen-la-responsabilidad-por-sus-practicas-de-compra\/","og_locale":"es_ES","og_type":"article","og_title":"Las marcas de la ACT asumen la responsabilidad por sus pr\u00e1cticas de compra","og_description":"La ACT (Acci\u00f3n, Colaboraci\u00f3n, Transformaci\u00f3n) es un acuerdo pionero entre marcas globales, minoristas y sindicatos para transformar la industria de la","og_url":"https:\/\/admin.industriall-union.org\/es\/las-marcas-de-la-act-asumen-la-responsabilidad-por-sus-practicas-de-compra\/","og_site_name":"industriall-union","article_modified_time":"2025-02-03T13:42:30+00:00","twitter_card":"summary_large_image","twitter_misc":{"Est. reading time":"2 minutes"},"schema":{"@context":"https:\/\/schema.org","@graph":[{"@type":"WebPage","@id":"https:\/\/admin.industriall-union.org\/es\/las-marcas-de-la-act-asumen-la-responsabilidad-por-sus-practicas-de-compra\/","url":"https:\/\/admin.industriall-union.org\/es\/las-marcas-de-la-act-asumen-la-responsabilidad-por-sus-practicas-de-compra\/","name":"Las marcas de la ACT asumen la responsabilidad por sus pr\u00e1cticas de compra - industriall-union","isPartOf":{"@id":"https:\/\/admin.industriall-union.org\/#website"},"datePublished":"2019-10-14T07:56:09+00:00","dateModified":"2025-02-03T13:42:30+00:00","description":"La ACT (Acci\u00f3n, Colaboraci\u00f3n, Transformaci\u00f3n) es un acuerdo pionero entre marcas globales, minoristas y sindicatos para transformar la industria de la","breadcrumb":{"@id":"https:\/\/admin.industriall-union.org\/es\/las-marcas-de-la-act-asumen-la-responsabilidad-por-sus-practicas-de-compra\/#breadcrumb"},"inLanguage":"es-ES","potentialAction":[{"@type":"ReadAction","target":["https:\/\/admin.industriall-union.org\/es\/las-marcas-de-la-act-asumen-la-responsabilidad-por-sus-practicas-de-compra\/"]}]},{"@type":"BreadcrumbList","@id":"https:\/\/admin.industriall-union.org\/es\/las-marcas-de-la-act-asumen-la-responsabilidad-por-sus-practicas-de-compra\/#breadcrumb","itemListElement":[{"@type":"ListItem","position":1,"name":"Home","item":"https:\/\/admin.industriall-union.org\/"},{"@type":"ListItem","position":2,"name":"Articles","item":"https:\/\/admin.industriall-union.org\/article\/"},{"@type":"ListItem","position":3,"name":"Las marcas de la ACT asumen la responsabilidad por sus pr\u00e1cticas de compra"}]},{"@type":"WebSite","@id":"https:\/\/admin.industriall-union.org\/#website","url":"https:\/\/admin.industriall-union.org\/","name":"industriall-union","description":"","potentialAction":[{"@type":"SearchAction","target":{"@type":"EntryPoint","urlTemplate":"https:\/\/admin.industriall-union.org\/?s={search_term_string}"},"query-input":{"@type":"PropertyValueSpecification","valueRequired":true,"valueName":"search_term_string"}}],"inLanguage":"es-ES"}]}},"_links":{"self":[{"href":"https:\/\/admin.industriall-union.org\/es\/wp-json\/wp\/v2\/article\/159663","targetHints":{"allow":["GET"]}}],"collection":[{"href":"https:\/\/admin.industriall-union.org\/es\/wp-json\/wp\/v2\/article"}],"about":[{"href":"https:\/\/admin.industriall-union.org\/es\/wp-json\/wp\/v2\/types\/article"}],"wp:attachment":[{"href":"https:\/\/admin.industriall-union.org\/es\/wp-json\/wp\/v2\/media?parent=159663"}],"wp:term":[{"taxonomy":"issues","embeddable":true,"href":"https:\/\/admin.industriall-union.org\/es\/wp-json\/wp\/v2\/issues?post=159663"},{"taxonomy":"companies","embeddable":true,"href":"https:\/\/admin.industriall-union.org\/es\/wp-json\/wp\/v2\/companies?post=159663"},{"taxonomy":"regions","embeddable":true,"href":"https:\/\/admin.industriall-union.org\/es\/wp-json\/wp\/v2\/regions?post=159663"},{"taxonomy":"sectors","embeddable":true,"href":"https:\/\/admin.industriall-union.org\/es\/wp-json\/wp\/v2\/sectors?post=159663"},{"taxonomy":"article_tags","embeddable":true,"href":"https:\/\/admin.industriall-union.org\/es\/wp-json\/wp\/v2\/article_tags?post=159663"}],"curies":[{"name":"wp","href":"https:\/\/api.w.org\/{rel}","templated":true}]}}