{"id":159651,"date":"2019-10-17T15:18:51","date_gmt":"2019-10-17T15:18:51","guid":{"rendered":"https:\/\/admin.industriall-union.org\/nuevas-movilizaciones-de-sindicatos-franceses-contra-la-privatizacion-de-edf\/"},"modified":"2025-02-03T13:36:06","modified_gmt":"2025-02-03T13:36:06","slug":"nuevas-movilizaciones-de-sindicatos-franceses-contra-la-privatizacion-de-edf","status":"publish","type":"article","link":"https:\/\/admin.industriall-union.org\/es\/nuevas-movilizaciones-de-sindicatos-franceses-contra-la-privatizacion-de-edf\/","title":{"rendered":"Nuevas movilizaciones de sindicatos franceses contra la privatizaci\u00f3n de EDF"},"content":{"rendered":"<p>Luego de una huelga nacional realizada el 19 de septiembre, los sindicatos FNME-CGT, FCE-CFDT, CFE-CGC Energie y FO Energie et Mines, afiliados a IndustriALL, participaron de diversas demostraciones y cierres en las plantas de EDF en todo el pa\u00eds.<\/p><p>Los sindicatos se oponen al plan estatal de dividir a EDF en dos partes, una de las cuales se abrir\u00e1 a la inversi\u00f3n privada bajo el denominado proyecto &ldquo;Hercule&rdquo;. La energ\u00eda nuclear, las represas y la transmisi\u00f3n seguir\u00e1n siendo parte del sector p\u00fablico como la EDF &ldquo;azul&rdquo;, mientras que la EDF &ldquo;verde&rdquo;, que comprende la distribuci\u00f3n, las energ\u00edas renovables y el comercio, pasar\u00e1 a cotizar en bolsa.<\/p><p>La empresa decidi\u00f3 posponer el proyecto Hercule hasta 2020 por motivos t\u00e9cnicos y econ\u00f3micos relativos a un requisito legal sobre la venta de la electricidad a un precio fijo. Es probable que esta disposici\u00f3n afecte el precio del sector p\u00fablico, por lo que el gobierno franc\u00e9s est\u00e1 trabajando con la Comisi\u00f3n Europea para cambiar esta normativa.<\/p><p>Sin embargo, los sindicatos exigen que se abandone completamente el proyecto. Adem\u00e1s, pidieron una reuni\u00f3n con el presidente Emmanuel Macron y afirmaron que, de no obtener una respuesta satisfactoria, intensificar\u00e1n las acciones del 17 de octubre hasta llegar a una huelga nacional.<\/p><p>IndustriALL Global Union tiene un <a href=\"http:\/\/www.industriall-union.org\/edf\">acuerdo marco global con la EDF<\/a> para promover los derechos humanos y laborales. Este acuerdo es monitoreado por ambas partes para implementar las gestiones necesarias tanto a nivel local como mundial, con el fin de garantizar que se respeten los compromisos establecidos. Los miembros del comit\u00e9 directivo se reunieron en Par\u00eds el 16 de octubre y <a href=\"https:\/\/www.change.org\/p\/jean-bernard-l%C3%A9vy-retrait-d-hercule?\">firmaron una petici\u00f3n<\/a> para que se cancele el proyecto.<\/p><figure class=\"imageArticle imageFull\"><img decoding=\"async\" alt=\"\" src=\"\/wp-content\/uploads\/images\/2019\/FRANCE\/EDF\/edf_petition.jpg\" style=\"width: 1600px;height: 1200px\" \/><figcaption class=\"imageContent\"><div class=\"imageTitle\"><h1><u><a href=\"https:\/\/www.change.org\/p\/jean-bernard-l%C3%A9vy-retrait-d-hercule?\"><span style=\"color:#ffffff\"><em>Les syndicats signent la p\u00e9tition<\/em><\/span><\/a><\/u><\/h1><\/div><\/figcaption><\/figure><p>La directora del sector de energ\u00eda de IndustriALL, Diana Junquera Curiel, expres\u00f3:<\/p><blockquote><p>&ldquo;Privatizar la generaci\u00f3n de energ\u00eda renovable en el medio de una emergencia clim\u00e1tica es profundamente irresponsable del gobierno franc\u00e9s. Apoyamos a nuestros afiliados en su exigencia de que se cancele el proyecto Hercule&rdquo;.<\/p><\/blockquote>","protected":false},"featured_media":0,"template":"","issues":[],"companies":[35],"regions":[202,217],"sectors":[483],"article_tags":[],"class_list":["post-159651","article","type-article","status-publish","hentry","companies-edf","regions-europe","regions-france","sectors-energy-oil-gas-electricity-and-nuclear"],"acf":[],"yoast_head":"<!-- This site is optimized with the Yoast SEO Premium plugin v27.1 (Yoast SEO v27.1) - https:\/\/yoast.com\/product\/yoast-seo-premium-wordpress\/ -->\n<title>Nuevas movilizaciones de sindicatos franceses contra la privatizaci\u00f3n de EDF - industriall-union<\/title>\n<meta name=\"description\" content=\"Luego de una huelga nacional realizada el 19 de septiembre, los sindicatos FNME-CGT, FCE-CFDT, CFE-CGC Energie y FO Energie et Mines, afiliados a\" \/>\n<meta name=\"robots\" content=\"index, follow, max-snippet:-1, max-image-preview:large, max-video-preview:-1\" \/>\n<link rel=\"canonical\" href=\"https:\/\/admin.industriall-union.org\/es\/nuevas-movilizaciones-de-sindicatos-franceses-contra-la-privatizacion-de-edf\/\" \/>\n<meta property=\"og:locale\" content=\"es_ES\" \/>\n<meta property=\"og:type\" content=\"article\" \/>\n<meta property=\"og:title\" content=\"Nuevas movilizaciones de sindicatos franceses contra la privatizaci\u00f3n de EDF\" \/>\n<meta property=\"og:description\" content=\"Luego de una huelga nacional realizada el 19 de septiembre, los sindicatos FNME-CGT, FCE-CFDT, CFE-CGC Energie y FO Energie et Mines, afiliados a\" \/>\n<meta property=\"og:url\" content=\"https:\/\/admin.industriall-union.org\/es\/nuevas-movilizaciones-de-sindicatos-franceses-contra-la-privatizacion-de-edf\/\" \/>\n<meta property=\"og:site_name\" content=\"industriall-union\" \/>\n<meta property=\"article:modified_time\" content=\"2025-02-03T13:36:06+00:00\" \/>\n<meta name=\"twitter:card\" content=\"summary_large_image\" \/>\n<meta name=\"twitter:label1\" content=\"Est. reading time\" \/>\n\t<meta name=\"twitter:data1\" content=\"2 minutes\" \/>\n<script type=\"application\/ld+json\" class=\"yoast-schema-graph\">{\"@context\":\"https:\/\/schema.org\",\"@graph\":[{\"@type\":\"WebPage\",\"@id\":\"https:\/\/admin.industriall-union.org\/es\/nuevas-movilizaciones-de-sindicatos-franceses-contra-la-privatizacion-de-edf\/\",\"url\":\"https:\/\/admin.industriall-union.org\/es\/nuevas-movilizaciones-de-sindicatos-franceses-contra-la-privatizacion-de-edf\/\",\"name\":\"Nuevas movilizaciones de sindicatos franceses contra la privatizaci\u00f3n de EDF - industriall-union\",\"isPartOf\":{\"@id\":\"https:\/\/admin.industriall-union.org\/#website\"},\"datePublished\":\"2019-10-17T15:18:51+00:00\",\"dateModified\":\"2025-02-03T13:36:06+00:00\",\"description\":\"Luego de una huelga nacional realizada el 19 de septiembre, los sindicatos FNME-CGT, FCE-CFDT, CFE-CGC Energie y FO Energie et Mines, afiliados a\",\"breadcrumb\":{\"@id\":\"https:\/\/admin.industriall-union.org\/es\/nuevas-movilizaciones-de-sindicatos-franceses-contra-la-privatizacion-de-edf\/#breadcrumb\"},\"inLanguage\":\"es-ES\",\"potentialAction\":[{\"@type\":\"ReadAction\",\"target\":[\"https:\/\/admin.industriall-union.org\/es\/nuevas-movilizaciones-de-sindicatos-franceses-contra-la-privatizacion-de-edf\/\"]}]},{\"@type\":\"BreadcrumbList\",\"@id\":\"https:\/\/admin.industriall-union.org\/es\/nuevas-movilizaciones-de-sindicatos-franceses-contra-la-privatizacion-de-edf\/#breadcrumb\",\"itemListElement\":[{\"@type\":\"ListItem\",\"position\":1,\"name\":\"Home\",\"item\":\"https:\/\/admin.industriall-union.org\/\"},{\"@type\":\"ListItem\",\"position\":2,\"name\":\"Articles\",\"item\":\"https:\/\/admin.industriall-union.org\/article\/\"},{\"@type\":\"ListItem\",\"position\":3,\"name\":\"Nuevas movilizaciones de sindicatos franceses contra la privatizaci\u00f3n de EDF\"}]},{\"@type\":\"WebSite\",\"@id\":\"https:\/\/admin.industriall-union.org\/#website\",\"url\":\"https:\/\/admin.industriall-union.org\/\",\"name\":\"industriall-union\",\"description\":\"\",\"potentialAction\":[{\"@type\":\"SearchAction\",\"target\":{\"@type\":\"EntryPoint\",\"urlTemplate\":\"https:\/\/admin.industriall-union.org\/?s={search_term_string}\"},\"query-input\":{\"@type\":\"PropertyValueSpecification\",\"valueRequired\":true,\"valueName\":\"search_term_string\"}}],\"inLanguage\":\"es-ES\"}]}<\/script>\n<!-- \/ Yoast SEO Premium plugin. -->","yoast_head_json":{"title":"Nuevas movilizaciones de sindicatos franceses contra la privatizaci\u00f3n de EDF - industriall-union","description":"Luego de una huelga nacional realizada el 19 de septiembre, los sindicatos FNME-CGT, FCE-CFDT, CFE-CGC Energie y FO Energie et Mines, afiliados a","robots":{"index":"index","follow":"follow","max-snippet":"max-snippet:-1","max-image-preview":"max-image-preview:large","max-video-preview":"max-video-preview:-1"},"canonical":"https:\/\/admin.industriall-union.org\/es\/nuevas-movilizaciones-de-sindicatos-franceses-contra-la-privatizacion-de-edf\/","og_locale":"es_ES","og_type":"article","og_title":"Nuevas movilizaciones de sindicatos franceses contra la privatizaci\u00f3n de EDF","og_description":"Luego de una huelga nacional realizada el 19 de septiembre, los sindicatos FNME-CGT, FCE-CFDT, CFE-CGC Energie y FO Energie et Mines, afiliados a","og_url":"https:\/\/admin.industriall-union.org\/es\/nuevas-movilizaciones-de-sindicatos-franceses-contra-la-privatizacion-de-edf\/","og_site_name":"industriall-union","article_modified_time":"2025-02-03T13:36:06+00:00","twitter_card":"summary_large_image","twitter_misc":{"Est. reading time":"2 minutes"},"schema":{"@context":"https:\/\/schema.org","@graph":[{"@type":"WebPage","@id":"https:\/\/admin.industriall-union.org\/es\/nuevas-movilizaciones-de-sindicatos-franceses-contra-la-privatizacion-de-edf\/","url":"https:\/\/admin.industriall-union.org\/es\/nuevas-movilizaciones-de-sindicatos-franceses-contra-la-privatizacion-de-edf\/","name":"Nuevas movilizaciones de sindicatos franceses contra la privatizaci\u00f3n de EDF - industriall-union","isPartOf":{"@id":"https:\/\/admin.industriall-union.org\/#website"},"datePublished":"2019-10-17T15:18:51+00:00","dateModified":"2025-02-03T13:36:06+00:00","description":"Luego de una huelga nacional realizada el 19 de septiembre, los sindicatos FNME-CGT, FCE-CFDT, CFE-CGC Energie y FO Energie et Mines, afiliados a","breadcrumb":{"@id":"https:\/\/admin.industriall-union.org\/es\/nuevas-movilizaciones-de-sindicatos-franceses-contra-la-privatizacion-de-edf\/#breadcrumb"},"inLanguage":"es-ES","potentialAction":[{"@type":"ReadAction","target":["https:\/\/admin.industriall-union.org\/es\/nuevas-movilizaciones-de-sindicatos-franceses-contra-la-privatizacion-de-edf\/"]}]},{"@type":"BreadcrumbList","@id":"https:\/\/admin.industriall-union.org\/es\/nuevas-movilizaciones-de-sindicatos-franceses-contra-la-privatizacion-de-edf\/#breadcrumb","itemListElement":[{"@type":"ListItem","position":1,"name":"Home","item":"https:\/\/admin.industriall-union.org\/"},{"@type":"ListItem","position":2,"name":"Articles","item":"https:\/\/admin.industriall-union.org\/article\/"},{"@type":"ListItem","position":3,"name":"Nuevas movilizaciones de sindicatos franceses contra la privatizaci\u00f3n de EDF"}]},{"@type":"WebSite","@id":"https:\/\/admin.industriall-union.org\/#website","url":"https:\/\/admin.industriall-union.org\/","name":"industriall-union","description":"","potentialAction":[{"@type":"SearchAction","target":{"@type":"EntryPoint","urlTemplate":"https:\/\/admin.industriall-union.org\/?s={search_term_string}"},"query-input":{"@type":"PropertyValueSpecification","valueRequired":true,"valueName":"search_term_string"}}],"inLanguage":"es-ES"}]}},"_links":{"self":[{"href":"https:\/\/admin.industriall-union.org\/es\/wp-json\/wp\/v2\/article\/159651","targetHints":{"allow":["GET"]}}],"collection":[{"href":"https:\/\/admin.industriall-union.org\/es\/wp-json\/wp\/v2\/article"}],"about":[{"href":"https:\/\/admin.industriall-union.org\/es\/wp-json\/wp\/v2\/types\/article"}],"wp:attachment":[{"href":"https:\/\/admin.industriall-union.org\/es\/wp-json\/wp\/v2\/media?parent=159651"}],"wp:term":[{"taxonomy":"issues","embeddable":true,"href":"https:\/\/admin.industriall-union.org\/es\/wp-json\/wp\/v2\/issues?post=159651"},{"taxonomy":"companies","embeddable":true,"href":"https:\/\/admin.industriall-union.org\/es\/wp-json\/wp\/v2\/companies?post=159651"},{"taxonomy":"regions","embeddable":true,"href":"https:\/\/admin.industriall-union.org\/es\/wp-json\/wp\/v2\/regions?post=159651"},{"taxonomy":"sectors","embeddable":true,"href":"https:\/\/admin.industriall-union.org\/es\/wp-json\/wp\/v2\/sectors?post=159651"},{"taxonomy":"article_tags","embeddable":true,"href":"https:\/\/admin.industriall-union.org\/es\/wp-json\/wp\/v2\/article_tags?post=159651"}],"curies":[{"name":"wp","href":"https:\/\/api.w.org\/{rel}","templated":true}]}}