{"id":159555,"date":"2019-11-01T12:26:00","date_gmt":"2019-11-01T12:26:00","guid":{"rendered":"https:\/\/admin.industriall-union.org\/el-lider-sindical-kazajo-erlan-baltabay-encarcelado-nuevamente\/"},"modified":"2025-02-03T12:56:07","modified_gmt":"2025-02-03T12:56:07","slug":"el-lider-sindical-kazajo-erlan-baltabay-encarcelado-nuevamente","status":"publish","type":"article","link":"https:\/\/admin.industriall-union.org\/es\/el-lider-sindical-kazajo-erlan-baltabay-encarcelado-nuevamente\/","title":{"rendered":"El l\u00edder sindical kazajo Erlan Baltabay encarcelado nuevamente"},"content":{"rendered":"<p>Baltabay fue liberado de prisi\u00f3n en agosto de 2019&nbsp;despu\u00e9s de haber sido absuelto por el Presidente de la Rep\u00fablica de Kazajist\u00e1n,&nbsp;tras una campana sindical internacional masiva para la liberaci\u00f3n del l\u00edder sindical.&nbsp;Sin embargo,&nbsp;la liberaci\u00f3n de Baltabay de prisi\u00f3n&nbsp;en agosto no puso un fin a los procedimientos legales. La parte restante de su condena de siete a\u00f1os de prisi\u00f3n se reemplaz\u00f3 con una multa.<\/p><p>Baltabay insiste en su inocencia y se reh\u00fasa a pagar la multa o a reconocer la absoluci\u00f3n presidencial. Desea apelar, demostrar su inocencia y restaurar sus derechos fundamentales. En su lugar, el 16 de octubre se le dio una nueva sentencia de prisi\u00f3n de cinco meses y ocho d\u00edas por no pagar la multa.<\/p><p>IndustriALL y la ITUC han lanzado una nueva <a href=\"http:\/\/www.labourstart.org\/go\/baltabay\">campa\u00f1a LabourStart<\/a>, exigiendo a las autoridades kazajas que retiren los cargos contra Erlan Baltabay, que lo liberen de prisi\u00f3n y restauren sus libertades, as\u00ed como que levanten una prohibici\u00f3n sobre dirigir actividades p\u00fablicas, incluso actividades sindicales.<\/p><p>Inicialmente, Erlan Baltabay fue condenado por cargos falsos de apropiaci\u00f3n indebida de fondos en venganza por su trabajo sindical y su apoyo por l\u00edderes de la disuelta Confederaci\u00f3n de Sindicatos Independientes de Kazajist\u00e1n (KNPRK). Fue condenado a siete a\u00f1os de prisi\u00f3n y se le prohibi\u00f3 dirigir actividades p\u00fablicas, incluso actividades sindicales.<\/p><blockquote><p>&ldquo;El encarcelamiento de Erlan Baltabay en primer lugar fue completamente injustificado. Todo el proceso penal contra \u00e9l fue una parodia de justicia, y recibimos su liberaci\u00f3n de buena manera conforme al decreto presidencial. Exigimos a las autoridades que liberen a Baltabay, en el esp\u00edritu del decreto del presidente. Tambi\u00e9n pedimos que se retire la sentencia injustificada con motivos pol\u00edticos que lo puso en prisi\u00f3n en primer lugar&rdquo;,<\/p><\/blockquote><p>expres\u00f3 la secretaria general de la ITUC Sharan Burrow.<\/p><p>Durante la Conferencia Internacional del Trabajo en Ginebra en junio de 2019, as\u00ed como durante la sesi\u00f3n en 2017, se puso a Kazajist\u00e1n bajo examen especial por violaciones sistem\u00e1ticas de los derechos humanos y sindicales.<\/p><figure class=\"imageArticle imageMedium\"><img decoding=\"async\" alt=\"\" src=\"\/wp-content\/uploads\/images\/2019\/KAZAKHSTAN\/kemal_ozkan_meets_yerlan_baltabay.jpeg\" style=\"width: 1000px;height: 750px\" \/><figcaption class=\"imageContent\"><div class=\"imageCaption\"><p>Kemal \u00d6zkan se encuentra con Erlan Baltabay<\/p><\/div><\/figcaption><\/figure><p>&ldquo;Erlan Baltabay es inocente&rdquo;, dijo el secretario general adjunto de IndustriALL Kemal \u00d6zkan.<\/p><blockquote><p>&ldquo;Nunca hubo responsabilidad y justificaci\u00f3n en el proceso judicial y su encarcelamiento. Su liberaci\u00f3n nos complaci\u00f3; sin embargo, su reciente encarcelamiento es otro acto vergonzoso. Una vez m\u00e1s exigimos al presidente kazajo que restaure la plena libertad a Erlan. Este caso es una prueba de fuego para ver si hay un verdadero estado de derecho y juicio justo en Kazajist\u00e1n. Nuestra campa\u00f1a continuar\u00e1 hasta que haya justicia para Erlan&rdquo;.<\/p><\/blockquote>","protected":false},"featured_media":0,"template":"","issues":[420,424],"companies":[],"regions":[225],"sectors":[],"article_tags":[],"class_list":["post-159555","article","type-article","status-publish","hentry","issues-solidarity","issues-violation","regions-kazakhstan"],"acf":[],"yoast_head":"<!-- This site is optimized with the Yoast SEO Premium plugin v27.1 (Yoast SEO v27.1) - https:\/\/yoast.com\/product\/yoast-seo-premium-wordpress\/ -->\n<title>El l\u00edder sindical kazajo Erlan Baltabay encarcelado nuevamente - industriall-union<\/title>\n<meta name=\"description\" content=\"Baltabay fue liberado de prisi\u00f3n en agosto de 2019&nbsp;despu\u00e9s de haber sido absuelto por el Presidente de la Rep\u00fablica de Kazajist\u00e1n,&nbsp;tras una\" \/>\n<meta name=\"robots\" content=\"index, follow, max-snippet:-1, max-image-preview:large, max-video-preview:-1\" \/>\n<link rel=\"canonical\" href=\"https:\/\/admin.industriall-union.org\/es\/el-lider-sindical-kazajo-erlan-baltabay-encarcelado-nuevamente\/\" \/>\n<meta property=\"og:locale\" content=\"es_ES\" \/>\n<meta property=\"og:type\" content=\"article\" \/>\n<meta property=\"og:title\" content=\"El l\u00edder sindical kazajo Erlan Baltabay encarcelado nuevamente\" \/>\n<meta property=\"og:description\" content=\"Baltabay fue liberado de prisi\u00f3n en agosto de 2019&nbsp;despu\u00e9s de haber sido absuelto por el Presidente de la Rep\u00fablica de Kazajist\u00e1n,&nbsp;tras una\" \/>\n<meta property=\"og:url\" content=\"https:\/\/admin.industriall-union.org\/es\/el-lider-sindical-kazajo-erlan-baltabay-encarcelado-nuevamente\/\" \/>\n<meta property=\"og:site_name\" content=\"industriall-union\" \/>\n<meta property=\"article:modified_time\" content=\"2025-02-03T12:56:07+00:00\" \/>\n<meta name=\"twitter:card\" content=\"summary_large_image\" \/>\n<meta name=\"twitter:label1\" content=\"Est. reading time\" \/>\n\t<meta name=\"twitter:data1\" content=\"2 minutes\" \/>\n<script type=\"application\/ld+json\" class=\"yoast-schema-graph\">{\"@context\":\"https:\/\/schema.org\",\"@graph\":[{\"@type\":\"WebPage\",\"@id\":\"https:\/\/admin.industriall-union.org\/es\/el-lider-sindical-kazajo-erlan-baltabay-encarcelado-nuevamente\/\",\"url\":\"https:\/\/admin.industriall-union.org\/es\/el-lider-sindical-kazajo-erlan-baltabay-encarcelado-nuevamente\/\",\"name\":\"El l\u00edder sindical kazajo Erlan Baltabay encarcelado nuevamente - industriall-union\",\"isPartOf\":{\"@id\":\"https:\/\/admin.industriall-union.org\/#website\"},\"datePublished\":\"2019-11-01T12:26:00+00:00\",\"dateModified\":\"2025-02-03T12:56:07+00:00\",\"description\":\"Baltabay fue liberado de prisi\u00f3n en agosto de 2019&nbsp;despu\u00e9s de haber sido absuelto por el Presidente de la Rep\u00fablica de Kazajist\u00e1n,&nbsp;tras una\",\"breadcrumb\":{\"@id\":\"https:\/\/admin.industriall-union.org\/es\/el-lider-sindical-kazajo-erlan-baltabay-encarcelado-nuevamente\/#breadcrumb\"},\"inLanguage\":\"es-ES\",\"potentialAction\":[{\"@type\":\"ReadAction\",\"target\":[\"https:\/\/admin.industriall-union.org\/es\/el-lider-sindical-kazajo-erlan-baltabay-encarcelado-nuevamente\/\"]}]},{\"@type\":\"BreadcrumbList\",\"@id\":\"https:\/\/admin.industriall-union.org\/es\/el-lider-sindical-kazajo-erlan-baltabay-encarcelado-nuevamente\/#breadcrumb\",\"itemListElement\":[{\"@type\":\"ListItem\",\"position\":1,\"name\":\"Home\",\"item\":\"https:\/\/admin.industriall-union.org\/\"},{\"@type\":\"ListItem\",\"position\":2,\"name\":\"Articles\",\"item\":\"https:\/\/admin.industriall-union.org\/article\/\"},{\"@type\":\"ListItem\",\"position\":3,\"name\":\"El l\u00edder sindical kazajo Erlan Baltabay encarcelado nuevamente\"}]},{\"@type\":\"WebSite\",\"@id\":\"https:\/\/admin.industriall-union.org\/#website\",\"url\":\"https:\/\/admin.industriall-union.org\/\",\"name\":\"industriall-union\",\"description\":\"\",\"potentialAction\":[{\"@type\":\"SearchAction\",\"target\":{\"@type\":\"EntryPoint\",\"urlTemplate\":\"https:\/\/admin.industriall-union.org\/?s={search_term_string}\"},\"query-input\":{\"@type\":\"PropertyValueSpecification\",\"valueRequired\":true,\"valueName\":\"search_term_string\"}}],\"inLanguage\":\"es-ES\"}]}<\/script>\n<!-- \/ Yoast SEO Premium plugin. -->","yoast_head_json":{"title":"El l\u00edder sindical kazajo Erlan Baltabay encarcelado nuevamente - industriall-union","description":"Baltabay fue liberado de prisi\u00f3n en agosto de 2019&nbsp;despu\u00e9s de haber sido absuelto por el Presidente de la Rep\u00fablica de Kazajist\u00e1n,&nbsp;tras una","robots":{"index":"index","follow":"follow","max-snippet":"max-snippet:-1","max-image-preview":"max-image-preview:large","max-video-preview":"max-video-preview:-1"},"canonical":"https:\/\/admin.industriall-union.org\/es\/el-lider-sindical-kazajo-erlan-baltabay-encarcelado-nuevamente\/","og_locale":"es_ES","og_type":"article","og_title":"El l\u00edder sindical kazajo Erlan Baltabay encarcelado nuevamente","og_description":"Baltabay fue liberado de prisi\u00f3n en agosto de 2019&nbsp;despu\u00e9s de haber sido absuelto por el Presidente de la Rep\u00fablica de Kazajist\u00e1n,&nbsp;tras una","og_url":"https:\/\/admin.industriall-union.org\/es\/el-lider-sindical-kazajo-erlan-baltabay-encarcelado-nuevamente\/","og_site_name":"industriall-union","article_modified_time":"2025-02-03T12:56:07+00:00","twitter_card":"summary_large_image","twitter_misc":{"Est. reading time":"2 minutes"},"schema":{"@context":"https:\/\/schema.org","@graph":[{"@type":"WebPage","@id":"https:\/\/admin.industriall-union.org\/es\/el-lider-sindical-kazajo-erlan-baltabay-encarcelado-nuevamente\/","url":"https:\/\/admin.industriall-union.org\/es\/el-lider-sindical-kazajo-erlan-baltabay-encarcelado-nuevamente\/","name":"El l\u00edder sindical kazajo Erlan Baltabay encarcelado nuevamente - industriall-union","isPartOf":{"@id":"https:\/\/admin.industriall-union.org\/#website"},"datePublished":"2019-11-01T12:26:00+00:00","dateModified":"2025-02-03T12:56:07+00:00","description":"Baltabay fue liberado de prisi\u00f3n en agosto de 2019&nbsp;despu\u00e9s de haber sido absuelto por el Presidente de la Rep\u00fablica de Kazajist\u00e1n,&nbsp;tras una","breadcrumb":{"@id":"https:\/\/admin.industriall-union.org\/es\/el-lider-sindical-kazajo-erlan-baltabay-encarcelado-nuevamente\/#breadcrumb"},"inLanguage":"es-ES","potentialAction":[{"@type":"ReadAction","target":["https:\/\/admin.industriall-union.org\/es\/el-lider-sindical-kazajo-erlan-baltabay-encarcelado-nuevamente\/"]}]},{"@type":"BreadcrumbList","@id":"https:\/\/admin.industriall-union.org\/es\/el-lider-sindical-kazajo-erlan-baltabay-encarcelado-nuevamente\/#breadcrumb","itemListElement":[{"@type":"ListItem","position":1,"name":"Home","item":"https:\/\/admin.industriall-union.org\/"},{"@type":"ListItem","position":2,"name":"Articles","item":"https:\/\/admin.industriall-union.org\/article\/"},{"@type":"ListItem","position":3,"name":"El l\u00edder sindical kazajo Erlan Baltabay encarcelado nuevamente"}]},{"@type":"WebSite","@id":"https:\/\/admin.industriall-union.org\/#website","url":"https:\/\/admin.industriall-union.org\/","name":"industriall-union","description":"","potentialAction":[{"@type":"SearchAction","target":{"@type":"EntryPoint","urlTemplate":"https:\/\/admin.industriall-union.org\/?s={search_term_string}"},"query-input":{"@type":"PropertyValueSpecification","valueRequired":true,"valueName":"search_term_string"}}],"inLanguage":"es-ES"}]}},"_links":{"self":[{"href":"https:\/\/admin.industriall-union.org\/es\/wp-json\/wp\/v2\/article\/159555","targetHints":{"allow":["GET"]}}],"collection":[{"href":"https:\/\/admin.industriall-union.org\/es\/wp-json\/wp\/v2\/article"}],"about":[{"href":"https:\/\/admin.industriall-union.org\/es\/wp-json\/wp\/v2\/types\/article"}],"wp:attachment":[{"href":"https:\/\/admin.industriall-union.org\/es\/wp-json\/wp\/v2\/media?parent=159555"}],"wp:term":[{"taxonomy":"issues","embeddable":true,"href":"https:\/\/admin.industriall-union.org\/es\/wp-json\/wp\/v2\/issues?post=159555"},{"taxonomy":"companies","embeddable":true,"href":"https:\/\/admin.industriall-union.org\/es\/wp-json\/wp\/v2\/companies?post=159555"},{"taxonomy":"regions","embeddable":true,"href":"https:\/\/admin.industriall-union.org\/es\/wp-json\/wp\/v2\/regions?post=159555"},{"taxonomy":"sectors","embeddable":true,"href":"https:\/\/admin.industriall-union.org\/es\/wp-json\/wp\/v2\/sectors?post=159555"},{"taxonomy":"article_tags","embeddable":true,"href":"https:\/\/admin.industriall-union.org\/es\/wp-json\/wp\/v2\/article_tags?post=159555"}],"curies":[{"name":"wp","href":"https:\/\/api.w.org\/{rel}","templated":true}]}}