{"id":159515,"date":"2019-11-07T14:05:44","date_gmt":"2019-11-07T14:05:44","guid":{"rendered":"https:\/\/admin.industriall-union.org\/jovenes-del-proyecto-industriall-dgb-evaluan-y-planifican-sus-actividades\/"},"modified":"2025-02-03T12:43:27","modified_gmt":"2025-02-03T12:43:27","slug":"jovenes-del-proyecto-industriall-dgb-evaluan-y-planifican-sus-actividades","status":"publish","type":"article","link":"https:\/\/admin.industriall-union.org\/es\/jovenes-del-proyecto-industriall-dgb-evaluan-y-planifican-sus-actividades\/","title":{"rendered":"J\u00f3venes del proyecto IndustriALL\/DGB eval\u00faan y planifican sus actividades"},"content":{"rendered":"<p>Los 8 j\u00f3venes coordinadores (5 mujeres y 3 hombres) de Argentina, Brasil, Colombia, M\u00e9xico y Nicaragua desarrollaron un seminario regional de evaluaci\u00f3n y planeamiento del segundo a\u00f1o del proyecto, del 21 al 23 de octubre en Ciudad de M\u00e9xico.<\/p><p>Cada uno de los coordinadores present\u00f3 un informe de los seminarios nacionales de su pa\u00eds donde se destac\u00f3 la situaci\u00f3n de la clase trabajadora, c\u00f3mo fueron los seminarios, los aprendizajes obtenidos y las cuestiones que se podr\u00edan mejorar.<\/p><p>Adem\u00e1s, evaluaron los Planes de Acci\u00f3n Sindical (PAS) que desarrollan los participantes, orientados a crear una pol\u00edtica de la juventud que tambi\u00e9n promueva la igualdad de g\u00e9nero.<\/p><p>La coordinadora de j\u00f3venes en Argentina, Bel\u00e9n Ca\u00f1ete explic\u00f3 al respecto:<\/p><p>&ldquo;La mayor\u00eda presentamos avances respecto a los PAS. Los j\u00f3venes ya hablaron con sus sindicatos, lo cual es un comienzo. Adem\u00e1s, es muy bueno que incluso muchos ya cuentan con la aprobaci\u00f3n de sus organizaciones sindicales.&rdquo;<\/p><p>Los coordinadores tambi\u00e9n efectuaron diversas propuestas de contenidos para los seminarios nacionales del tercer y \u00faltimo a\u00f1o del proyecto en 2020. Adem\u00e1s, analizaron las tareas y acciones que deben desempe\u00f1ar para lograr los objetivos planteados.<\/p><p>El \u00faltimo d\u00eda del encuentro uni\u00f3 el cierre del seminario nacional de coordinaci\u00f3n con el inicio del seminario nacional de M\u00e9xico. Cont\u00f3 con la presencia del secretario general de IndustriALL, Valter Sanches y el&nbsp;senador de M\u00e9xico, presidente del sindicato Los Mineros (afiliado a IndustriALL) y co-presidente de IndustriALL en Am\u00e9rica Latina y el Caribe, Napole\u00f3n G\u00f3mez Urrutia.<\/p><p>Ambos escucharon las inquietudes de los j\u00f3venes, y dialogaron con ellos sobre los desaf\u00edos de la potenciaci\u00f3n sindical; el futuro del trabajo, y los retos del movimiento obrero y sindical a nivel mundial.<\/p><p>En relaci\u00f3n a los desaf\u00edos para la juventud de M\u00e9xico, el coordinador del pa\u00eds, Manlio Flores Orozco dijo:<\/p><p>&ldquo;Una de las mayores dificultades que enfrentamos en M\u00e9xico como j\u00f3venes es lograr un empleo formal. Es muy dif\u00edcil tener derecho a la salud, a la vivienda y a tener una pensi\u00f3n digna. Adem\u00e1s, hay un alto porcentaje de j\u00f3venes que no tiene oportunidad de estudiar ni de formarse para la vida laboral.&rdquo;<\/p><p>Finalmente, la coordinadora regional del proyecto de j\u00f3venes en Latinoam\u00e9rica y asesora regional de IndustriALL, Julieta Avalos Abusharekh, evalu\u00f3 los seminarios y expres\u00f3:<\/p><blockquote><p>&ldquo;En esta oportunidad se acercaron realidades gracias a que lxs j\u00f3venes compartieron y se integraron. A la vez, pudieron reconocerse en cuanto trabajdorxes y miembros de esa clase tan postergada, que es la que cada d\u00eda se levanta y hace que este mundo funcione&rdquo;<\/p><\/blockquote><p><\/p>","protected":false},"featured_media":0,"template":"","issues":[425],"companies":[],"regions":[254,275],"sectors":[],"article_tags":[511,522,536],"class_list":["post-159515","article","type-article","status-publish","hentry","issues-workers-rights","regions-latin-america-and-the-caribbean","regions-mexico","article_tags-industriall","article_tags-projects","article_tags-youth"],"acf":[],"yoast_head":"<!-- This site is optimized with the Yoast SEO Premium plugin v27.1 (Yoast SEO v27.1) - https:\/\/yoast.com\/product\/yoast-seo-premium-wordpress\/ -->\n<title>J\u00f3venes del proyecto IndustriALL\/DGB eval\u00faan y planifican sus actividades - industriall-union<\/title>\n<meta name=\"description\" content=\"Los 8 j\u00f3venes coordinadores (5 mujeres y 3 hombres) de Argentina, Brasil, Colombia, M\u00e9xico y Nicaragua desarrollaron un seminario regional de evaluaci\u00f3n y\" \/>\n<meta name=\"robots\" content=\"index, follow, max-snippet:-1, max-image-preview:large, max-video-preview:-1\" \/>\n<link rel=\"canonical\" href=\"https:\/\/admin.industriall-union.org\/es\/jovenes-del-proyecto-industriall-dgb-evaluan-y-planifican-sus-actividades\/\" \/>\n<meta property=\"og:locale\" content=\"es_ES\" \/>\n<meta property=\"og:type\" content=\"article\" \/>\n<meta property=\"og:title\" content=\"J\u00f3venes del proyecto IndustriALL\/DGB eval\u00faan y planifican sus actividades\" \/>\n<meta property=\"og:description\" content=\"Los 8 j\u00f3venes coordinadores (5 mujeres y 3 hombres) de Argentina, Brasil, Colombia, M\u00e9xico y Nicaragua desarrollaron un seminario regional de evaluaci\u00f3n y\" \/>\n<meta property=\"og:url\" content=\"https:\/\/admin.industriall-union.org\/es\/jovenes-del-proyecto-industriall-dgb-evaluan-y-planifican-sus-actividades\/\" \/>\n<meta property=\"og:site_name\" content=\"industriall-union\" \/>\n<meta property=\"article:modified_time\" content=\"2025-02-03T12:43:27+00:00\" \/>\n<meta name=\"twitter:card\" content=\"summary_large_image\" \/>\n<meta name=\"twitter:label1\" content=\"Est. reading time\" \/>\n\t<meta name=\"twitter:data1\" content=\"2 minutes\" \/>\n<script type=\"application\/ld+json\" class=\"yoast-schema-graph\">{\"@context\":\"https:\/\/schema.org\",\"@graph\":[{\"@type\":\"WebPage\",\"@id\":\"https:\/\/admin.industriall-union.org\/es\/jovenes-del-proyecto-industriall-dgb-evaluan-y-planifican-sus-actividades\/\",\"url\":\"https:\/\/admin.industriall-union.org\/es\/jovenes-del-proyecto-industriall-dgb-evaluan-y-planifican-sus-actividades\/\",\"name\":\"J\u00f3venes del proyecto IndustriALL\/DGB eval\u00faan y planifican sus actividades - industriall-union\",\"isPartOf\":{\"@id\":\"https:\/\/admin.industriall-union.org\/es\/#website\"},\"datePublished\":\"2019-11-07T14:05:44+00:00\",\"dateModified\":\"2025-02-03T12:43:27+00:00\",\"description\":\"Los 8 j\u00f3venes coordinadores (5 mujeres y 3 hombres) de Argentina, Brasil, Colombia, M\u00e9xico y Nicaragua desarrollaron un seminario regional de evaluaci\u00f3n y\",\"breadcrumb\":{\"@id\":\"https:\/\/admin.industriall-union.org\/es\/jovenes-del-proyecto-industriall-dgb-evaluan-y-planifican-sus-actividades\/#breadcrumb\"},\"inLanguage\":\"es-ES\",\"potentialAction\":[{\"@type\":\"ReadAction\",\"target\":[\"https:\/\/admin.industriall-union.org\/es\/jovenes-del-proyecto-industriall-dgb-evaluan-y-planifican-sus-actividades\/\"]}]},{\"@type\":\"BreadcrumbList\",\"@id\":\"https:\/\/admin.industriall-union.org\/es\/jovenes-del-proyecto-industriall-dgb-evaluan-y-planifican-sus-actividades\/#breadcrumb\",\"itemListElement\":[{\"@type\":\"ListItem\",\"position\":1,\"name\":\"Home\",\"item\":\"https:\/\/admin.industriall-union.org\/es\/\"},{\"@type\":\"ListItem\",\"position\":2,\"name\":\"Articles\",\"item\":\"https:\/\/admin.industriall-union.org\/es\/article\/\"},{\"@type\":\"ListItem\",\"position\":3,\"name\":\"J\u00f3venes del proyecto IndustriALL\/DGB eval\u00faan y planifican sus actividades\"}]},{\"@type\":\"WebSite\",\"@id\":\"https:\/\/admin.industriall-union.org\/es\/#website\",\"url\":\"https:\/\/admin.industriall-union.org\/es\/\",\"name\":\"industriall-union\",\"description\":\"\",\"potentialAction\":[{\"@type\":\"SearchAction\",\"target\":{\"@type\":\"EntryPoint\",\"urlTemplate\":\"https:\/\/admin.industriall-union.org\/es\/?s={search_term_string}\"},\"query-input\":{\"@type\":\"PropertyValueSpecification\",\"valueRequired\":true,\"valueName\":\"search_term_string\"}}],\"inLanguage\":\"es-ES\"}]}<\/script>\n<!-- \/ Yoast SEO Premium plugin. -->","yoast_head_json":{"title":"J\u00f3venes del proyecto IndustriALL\/DGB eval\u00faan y planifican sus actividades - industriall-union","description":"Los 8 j\u00f3venes coordinadores (5 mujeres y 3 hombres) de Argentina, Brasil, Colombia, M\u00e9xico y Nicaragua desarrollaron un seminario regional de evaluaci\u00f3n y","robots":{"index":"index","follow":"follow","max-snippet":"max-snippet:-1","max-image-preview":"max-image-preview:large","max-video-preview":"max-video-preview:-1"},"canonical":"https:\/\/admin.industriall-union.org\/es\/jovenes-del-proyecto-industriall-dgb-evaluan-y-planifican-sus-actividades\/","og_locale":"es_ES","og_type":"article","og_title":"J\u00f3venes del proyecto IndustriALL\/DGB eval\u00faan y planifican sus actividades","og_description":"Los 8 j\u00f3venes coordinadores (5 mujeres y 3 hombres) de Argentina, Brasil, Colombia, M\u00e9xico y Nicaragua desarrollaron un seminario regional de evaluaci\u00f3n y","og_url":"https:\/\/admin.industriall-union.org\/es\/jovenes-del-proyecto-industriall-dgb-evaluan-y-planifican-sus-actividades\/","og_site_name":"industriall-union","article_modified_time":"2025-02-03T12:43:27+00:00","twitter_card":"summary_large_image","twitter_misc":{"Est. reading time":"2 minutes"},"schema":{"@context":"https:\/\/schema.org","@graph":[{"@type":"WebPage","@id":"https:\/\/admin.industriall-union.org\/es\/jovenes-del-proyecto-industriall-dgb-evaluan-y-planifican-sus-actividades\/","url":"https:\/\/admin.industriall-union.org\/es\/jovenes-del-proyecto-industriall-dgb-evaluan-y-planifican-sus-actividades\/","name":"J\u00f3venes del proyecto IndustriALL\/DGB eval\u00faan y planifican sus actividades - industriall-union","isPartOf":{"@id":"https:\/\/admin.industriall-union.org\/es\/#website"},"datePublished":"2019-11-07T14:05:44+00:00","dateModified":"2025-02-03T12:43:27+00:00","description":"Los 8 j\u00f3venes coordinadores (5 mujeres y 3 hombres) de Argentina, Brasil, Colombia, M\u00e9xico y Nicaragua desarrollaron un seminario regional de evaluaci\u00f3n y","breadcrumb":{"@id":"https:\/\/admin.industriall-union.org\/es\/jovenes-del-proyecto-industriall-dgb-evaluan-y-planifican-sus-actividades\/#breadcrumb"},"inLanguage":"es-ES","potentialAction":[{"@type":"ReadAction","target":["https:\/\/admin.industriall-union.org\/es\/jovenes-del-proyecto-industriall-dgb-evaluan-y-planifican-sus-actividades\/"]}]},{"@type":"BreadcrumbList","@id":"https:\/\/admin.industriall-union.org\/es\/jovenes-del-proyecto-industriall-dgb-evaluan-y-planifican-sus-actividades\/#breadcrumb","itemListElement":[{"@type":"ListItem","position":1,"name":"Home","item":"https:\/\/admin.industriall-union.org\/es\/"},{"@type":"ListItem","position":2,"name":"Articles","item":"https:\/\/admin.industriall-union.org\/es\/article\/"},{"@type":"ListItem","position":3,"name":"J\u00f3venes del proyecto IndustriALL\/DGB eval\u00faan y planifican sus actividades"}]},{"@type":"WebSite","@id":"https:\/\/admin.industriall-union.org\/es\/#website","url":"https:\/\/admin.industriall-union.org\/es\/","name":"industriall-union","description":"","potentialAction":[{"@type":"SearchAction","target":{"@type":"EntryPoint","urlTemplate":"https:\/\/admin.industriall-union.org\/es\/?s={search_term_string}"},"query-input":{"@type":"PropertyValueSpecification","valueRequired":true,"valueName":"search_term_string"}}],"inLanguage":"es-ES"}]}},"_links":{"self":[{"href":"https:\/\/admin.industriall-union.org\/es\/wp-json\/wp\/v2\/article\/159515","targetHints":{"allow":["GET"]}}],"collection":[{"href":"https:\/\/admin.industriall-union.org\/es\/wp-json\/wp\/v2\/article"}],"about":[{"href":"https:\/\/admin.industriall-union.org\/es\/wp-json\/wp\/v2\/types\/article"}],"wp:attachment":[{"href":"https:\/\/admin.industriall-union.org\/es\/wp-json\/wp\/v2\/media?parent=159515"}],"wp:term":[{"taxonomy":"issues","embeddable":true,"href":"https:\/\/admin.industriall-union.org\/es\/wp-json\/wp\/v2\/issues?post=159515"},{"taxonomy":"companies","embeddable":true,"href":"https:\/\/admin.industriall-union.org\/es\/wp-json\/wp\/v2\/companies?post=159515"},{"taxonomy":"regions","embeddable":true,"href":"https:\/\/admin.industriall-union.org\/es\/wp-json\/wp\/v2\/regions?post=159515"},{"taxonomy":"sectors","embeddable":true,"href":"https:\/\/admin.industriall-union.org\/es\/wp-json\/wp\/v2\/sectors?post=159515"},{"taxonomy":"article_tags","embeddable":true,"href":"https:\/\/admin.industriall-union.org\/es\/wp-json\/wp\/v2\/article_tags?post=159515"}],"curies":[{"name":"wp","href":"https:\/\/api.w.org\/{rel}","templated":true}]}}