{"id":159303,"date":"2019-11-28T15:02:29","date_gmt":"2019-11-28T15:02:29","guid":{"rendered":"https:\/\/admin.industriall-union.org\/sindicatos-de-colombia-marchan-contra-la-violencia\/"},"modified":"2025-02-03T11:27:23","modified_gmt":"2025-02-03T11:27:23","slug":"sindicatos-de-colombia-marchan-contra-la-violencia","status":"publish","type":"article","link":"https:\/\/admin.industriall-union.org\/es\/sindicatos-de-colombia-marchan-contra-la-violencia\/","title":{"rendered":"Sindicatos de Colombia marchan contra la violencia"},"content":{"rendered":"<p>SINTRACARB\u00d3N, SINTRAELECOL y la USO (afiliadas a IndustriALL) participan en diversas acciones convocadas por la central sindical CUT en rechazo al paquete de medidas anunciadas por el gobierno de Duque. El denominado &ldquo;paquetazo&rdquo; incluye el recorte al salario m\u00ednimo para los j\u00f3venes y el aumento de la edad de jubilaci\u00f3n.<\/p><p>Los sindicatos tambi\u00e9n denuncian la falta de acci\u00f3n del gobierno para detener el asesinato de cientos de activistas de derechos humanos y de l\u00edderes ind\u00edgenas. El 25 de noviembre falleci\u00f3 un joven activista de 18 a\u00f1os tras recibir un tiro de una bomba lacrim\u00f3gena por parte un miembro del Escuadr\u00f3n M\u00f3vil Antidisturbios (Esmad) de la polic\u00eda.<\/p><p>El joven llamado Dylan Cruz se convirti\u00f3 en un s\u00edmbolo de la represi\u00f3n de las movilizaciones de Colombia y del uso excesivo de la fuerza policial contra los defensores de los derechos humanos.<\/p><p>La CUT convoc\u00f3 a un paro nacional el pasado 27 de noviembre, con la intenci\u00f3n de lograr una repercusi\u00f3n similar al desarrollado el 21 de noviembre, cuya participaci\u00f3n fue hist\u00f3rica. En esta nueva oportunidad exigieron la disoluci\u00f3n del Esmad, la &ldquo;depuraci\u00f3n de la polic\u00eda&rdquo;, rechazaron la reforma tributaria y rindieron homenaje al joven Cruz.<\/p><p>La CSI public\u00f3 un nuevo <a href=\"https:\/\/www.ituc-csi.org\/IMG\/pdf\/colombia_peace_at_risk_es.pdf?fbclid=IwAR2TvM7TFFL4MiI8xogyQHi4B4JMtMNWsVHt65pBdtC1A6R4u9cfvw2Oz9g\" target=\"_blank\">documento<\/a> el 25 de noviembre donde puso de relieve que la violencia contra sindicalistas y defensores de los derechos humanos contin\u00faa y viene en aumento. Entre el 1&deg; de enero de 2016 (11 meses antes de la firma del Acuerdo de Paz) y el 8 de septiembre de 2019, un total 777 personas, l\u00edderes sociales y defensores de derechos humanos fueron asesinados en Colombia.<\/p><p>En dicho informe aseguran que el Gobierno de Duque posibilita una pol\u00edtica de exterminio de l\u00edderes sociales, defensores de derechos humanos y excombatientes en medio de una continua impunidad. &nbsp;Adem\u00e1s, manifiestan que el gobierno colombiano le declar\u00f3 la guerra a los derechos laborales y sindicales al lanzar una agenda de reformas laborales y pensionales contraria a los compromisos internacionales del pa\u00eds.<\/p><p>Finalmente, el secretario regional de IndustriALL, Marino Vani, expres\u00f3:<\/p><blockquote><p>&ldquo;Respaldamos el paro nacional y las diversas acciones en las que participan nuestros afiliados en Colombia contra la violencia y el nocivo paquete de medidas anunciado por el gobierno de Iv\u00e1n Duque. Demandamos que el gobierno se retracte al respecto, y tambi\u00e9n tome medidas para garantizar el derecho a la libertad de manifestaci\u00f3n de los l\u00edderes sociales, sindicales y los defensores de derechos humanos&rdquo;<\/p><\/blockquote>","protected":false},"featured_media":0,"template":"","issues":[422],"companies":[],"regions":[264,254],"sectors":[],"article_tags":[513,529],"class_list":["post-159303","article","type-article","status-publish","hentry","issues-human-trade-union-rights","regions-colombia","regions-latin-america-and-the-caribbean","article_tags-labour-laws","article_tags-strike"],"acf":[],"yoast_head":"<!-- This site is optimized with the Yoast SEO Premium plugin v27.1 (Yoast SEO v27.1) - https:\/\/yoast.com\/product\/yoast-seo-premium-wordpress\/ -->\n<title>Sindicatos de Colombia marchan contra la violencia - industriall-union<\/title>\n<meta name=\"description\" content=\"SINTRACARB\u00d3N, SINTRAELECOL y la USO (afiliadas a IndustriALL) participan en diversas acciones convocadas por la central sindical CUT en rechazo al paquete\" \/>\n<meta name=\"robots\" content=\"index, follow, max-snippet:-1, max-image-preview:large, max-video-preview:-1\" \/>\n<link rel=\"canonical\" href=\"https:\/\/admin.industriall-union.org\/es\/sindicatos-de-colombia-marchan-contra-la-violencia\/\" \/>\n<meta property=\"og:locale\" content=\"es_ES\" \/>\n<meta property=\"og:type\" content=\"article\" \/>\n<meta property=\"og:title\" content=\"Sindicatos de Colombia marchan contra la violencia\" \/>\n<meta property=\"og:description\" content=\"SINTRACARB\u00d3N, SINTRAELECOL y la USO (afiliadas a IndustriALL) participan en diversas acciones convocadas por la central sindical CUT en rechazo al paquete\" \/>\n<meta property=\"og:url\" content=\"https:\/\/admin.industriall-union.org\/es\/sindicatos-de-colombia-marchan-contra-la-violencia\/\" \/>\n<meta property=\"og:site_name\" content=\"industriall-union\" \/>\n<meta property=\"article:modified_time\" content=\"2025-02-03T11:27:23+00:00\" \/>\n<meta name=\"twitter:card\" content=\"summary_large_image\" \/>\n<meta name=\"twitter:label1\" content=\"Est. reading time\" \/>\n\t<meta name=\"twitter:data1\" content=\"2 minutes\" \/>\n<script type=\"application\/ld+json\" class=\"yoast-schema-graph\">{\"@context\":\"https:\/\/schema.org\",\"@graph\":[{\"@type\":\"WebPage\",\"@id\":\"https:\/\/admin.industriall-union.org\/es\/sindicatos-de-colombia-marchan-contra-la-violencia\/\",\"url\":\"https:\/\/admin.industriall-union.org\/es\/sindicatos-de-colombia-marchan-contra-la-violencia\/\",\"name\":\"Sindicatos de Colombia marchan contra la violencia - industriall-union\",\"isPartOf\":{\"@id\":\"https:\/\/admin.industriall-union.org\/es\/#website\"},\"datePublished\":\"2019-11-28T15:02:29+00:00\",\"dateModified\":\"2025-02-03T11:27:23+00:00\",\"description\":\"SINTRACARB\u00d3N, SINTRAELECOL y la USO (afiliadas a IndustriALL) participan en diversas acciones convocadas por la central sindical CUT en rechazo al paquete\",\"breadcrumb\":{\"@id\":\"https:\/\/admin.industriall-union.org\/es\/sindicatos-de-colombia-marchan-contra-la-violencia\/#breadcrumb\"},\"inLanguage\":\"es-ES\",\"potentialAction\":[{\"@type\":\"ReadAction\",\"target\":[\"https:\/\/admin.industriall-union.org\/es\/sindicatos-de-colombia-marchan-contra-la-violencia\/\"]}]},{\"@type\":\"BreadcrumbList\",\"@id\":\"https:\/\/admin.industriall-union.org\/es\/sindicatos-de-colombia-marchan-contra-la-violencia\/#breadcrumb\",\"itemListElement\":[{\"@type\":\"ListItem\",\"position\":1,\"name\":\"Home\",\"item\":\"https:\/\/admin.industriall-union.org\/es\/\"},{\"@type\":\"ListItem\",\"position\":2,\"name\":\"Articles\",\"item\":\"https:\/\/admin.industriall-union.org\/es\/article\/\"},{\"@type\":\"ListItem\",\"position\":3,\"name\":\"Sindicatos de Colombia marchan contra la violencia\"}]},{\"@type\":\"WebSite\",\"@id\":\"https:\/\/admin.industriall-union.org\/es\/#website\",\"url\":\"https:\/\/admin.industriall-union.org\/es\/\",\"name\":\"industriall-union\",\"description\":\"\",\"potentialAction\":[{\"@type\":\"SearchAction\",\"target\":{\"@type\":\"EntryPoint\",\"urlTemplate\":\"https:\/\/admin.industriall-union.org\/es\/?s={search_term_string}\"},\"query-input\":{\"@type\":\"PropertyValueSpecification\",\"valueRequired\":true,\"valueName\":\"search_term_string\"}}],\"inLanguage\":\"es-ES\"}]}<\/script>\n<!-- \/ Yoast SEO Premium plugin. -->","yoast_head_json":{"title":"Sindicatos de Colombia marchan contra la violencia - industriall-union","description":"SINTRACARB\u00d3N, SINTRAELECOL y la USO (afiliadas a IndustriALL) participan en diversas acciones convocadas por la central sindical CUT en rechazo al paquete","robots":{"index":"index","follow":"follow","max-snippet":"max-snippet:-1","max-image-preview":"max-image-preview:large","max-video-preview":"max-video-preview:-1"},"canonical":"https:\/\/admin.industriall-union.org\/es\/sindicatos-de-colombia-marchan-contra-la-violencia\/","og_locale":"es_ES","og_type":"article","og_title":"Sindicatos de Colombia marchan contra la violencia","og_description":"SINTRACARB\u00d3N, SINTRAELECOL y la USO (afiliadas a IndustriALL) participan en diversas acciones convocadas por la central sindical CUT en rechazo al paquete","og_url":"https:\/\/admin.industriall-union.org\/es\/sindicatos-de-colombia-marchan-contra-la-violencia\/","og_site_name":"industriall-union","article_modified_time":"2025-02-03T11:27:23+00:00","twitter_card":"summary_large_image","twitter_misc":{"Est. reading time":"2 minutes"},"schema":{"@context":"https:\/\/schema.org","@graph":[{"@type":"WebPage","@id":"https:\/\/admin.industriall-union.org\/es\/sindicatos-de-colombia-marchan-contra-la-violencia\/","url":"https:\/\/admin.industriall-union.org\/es\/sindicatos-de-colombia-marchan-contra-la-violencia\/","name":"Sindicatos de Colombia marchan contra la violencia - industriall-union","isPartOf":{"@id":"https:\/\/admin.industriall-union.org\/es\/#website"},"datePublished":"2019-11-28T15:02:29+00:00","dateModified":"2025-02-03T11:27:23+00:00","description":"SINTRACARB\u00d3N, SINTRAELECOL y la USO (afiliadas a IndustriALL) participan en diversas acciones convocadas por la central sindical CUT en rechazo al paquete","breadcrumb":{"@id":"https:\/\/admin.industriall-union.org\/es\/sindicatos-de-colombia-marchan-contra-la-violencia\/#breadcrumb"},"inLanguage":"es-ES","potentialAction":[{"@type":"ReadAction","target":["https:\/\/admin.industriall-union.org\/es\/sindicatos-de-colombia-marchan-contra-la-violencia\/"]}]},{"@type":"BreadcrumbList","@id":"https:\/\/admin.industriall-union.org\/es\/sindicatos-de-colombia-marchan-contra-la-violencia\/#breadcrumb","itemListElement":[{"@type":"ListItem","position":1,"name":"Home","item":"https:\/\/admin.industriall-union.org\/es\/"},{"@type":"ListItem","position":2,"name":"Articles","item":"https:\/\/admin.industriall-union.org\/es\/article\/"},{"@type":"ListItem","position":3,"name":"Sindicatos de Colombia marchan contra la violencia"}]},{"@type":"WebSite","@id":"https:\/\/admin.industriall-union.org\/es\/#website","url":"https:\/\/admin.industriall-union.org\/es\/","name":"industriall-union","description":"","potentialAction":[{"@type":"SearchAction","target":{"@type":"EntryPoint","urlTemplate":"https:\/\/admin.industriall-union.org\/es\/?s={search_term_string}"},"query-input":{"@type":"PropertyValueSpecification","valueRequired":true,"valueName":"search_term_string"}}],"inLanguage":"es-ES"}]}},"_links":{"self":[{"href":"https:\/\/admin.industriall-union.org\/es\/wp-json\/wp\/v2\/article\/159303","targetHints":{"allow":["GET"]}}],"collection":[{"href":"https:\/\/admin.industriall-union.org\/es\/wp-json\/wp\/v2\/article"}],"about":[{"href":"https:\/\/admin.industriall-union.org\/es\/wp-json\/wp\/v2\/types\/article"}],"wp:attachment":[{"href":"https:\/\/admin.industriall-union.org\/es\/wp-json\/wp\/v2\/media?parent=159303"}],"wp:term":[{"taxonomy":"issues","embeddable":true,"href":"https:\/\/admin.industriall-union.org\/es\/wp-json\/wp\/v2\/issues?post=159303"},{"taxonomy":"companies","embeddable":true,"href":"https:\/\/admin.industriall-union.org\/es\/wp-json\/wp\/v2\/companies?post=159303"},{"taxonomy":"regions","embeddable":true,"href":"https:\/\/admin.industriall-union.org\/es\/wp-json\/wp\/v2\/regions?post=159303"},{"taxonomy":"sectors","embeddable":true,"href":"https:\/\/admin.industriall-union.org\/es\/wp-json\/wp\/v2\/sectors?post=159303"},{"taxonomy":"article_tags","embeddable":true,"href":"https:\/\/admin.industriall-union.org\/es\/wp-json\/wp\/v2\/article_tags?post=159303"}],"curies":[{"name":"wp","href":"https:\/\/api.w.org\/{rel}","templated":true}]}}