{"id":159234,"date":"2019-12-12T14:48:23","date_gmt":"2019-12-12T14:48:23","guid":{"rendered":"https:\/\/admin.industriall-union.org\/blog-sobre-la-cop25-12-de-diciembre-2019\/"},"modified":"2025-02-03T10:57:39","modified_gmt":"2025-02-03T10:57:39","slug":"blog-sobre-la-cop25-12-de-diciembre-2019","status":"publish","type":"article","link":"https:\/\/admin.industriall-union.org\/es\/blog-sobre-la-cop25-12-de-diciembre-2019\/","title":{"rendered":"Blog sobre la COP25 \u2013 12 de diciembre 2019"},"content":{"rendered":"<p>Hoy asistimos a un evento importante: el lanzamiento de la &ldquo;Iniciativa de Acci\u00f3n Clim\u00e1tica para el Empleo&rdquo;.<\/p><p>Como lo describe la OIT: &ldquo;En la Cumbre sobre la Acci\u00f3n Clim\u00e1tica de las Naciones Unidas de 2019, cuarenta y cinco pa\u00edses se comprometieron a colocar el empleo en el centro de acciones clim\u00e1ticas ambiciosas. Para que esta agenda centrada en las personas se convierta en acciones concretas, el secretario general de las Naciones Unidas, Ant\u00f3nio Guterres, anunci\u00f3 la Iniciativa de Acci\u00f3n Clim\u00e1tica para el Empleo. Guterres identific\u00f3 a la Organizaci\u00f3n Internacional del Trabajo (OIT) como responsable de encabezar la implementaci\u00f3n de la iniciativa. Los participantes provenientes de gobiernos, organizaciones de trabajadores y de empleadores, instituciones internacionales y la academia aportan sus valores, experiencia y conexiones en el marco de una agenda com\u00fan&rdquo;.<\/p><p>Obtenga m\u00e1s informaci\u00f3n acerca de la <a href=\"https:\/\/www.ilo.org\/wcmsp5\/groups\/public\/@ed_emp\/@emp_ent\/documents\/genericdocument\/wcms_731429.pdf\">Acci\u00f3n Clim\u00e1tica para el Empleo<\/a>.<\/p><p>En el evento, el <strong>secretario general de la ONU, Ant\u00f3nio Guterres<\/strong>, se refiri\u00f3 a la necesidad de tomar medidas de manera urgente. Al d\u00eda de hoy estamos perdiendo la batalla en lo que refiere al cambio clim\u00e1tico, pero esto puede cambiar si trabajamos juntos. La Iniciativa de Acci\u00f3n Clim\u00e1tica para el Empleo podr\u00eda cambiar nuestra realidad.<\/p><p><strong>Guy Ryder, director general de la OIT,<\/strong> inst\u00f3 a las Partes a incorporar la estrategia de Acci\u00f3n Clim\u00e1tica para el Empleo, los Objetivos de Desarrollo Sostenible y la Transici\u00f3n Justa en la pr\u00f3xima ronda de Contribuciones Determinadas a nivel Nacional (CDN). Hizo hincapi\u00e9 en la necesidad de una estrategia basada en las diferentes habilidades y de acuerdos tripartitos. Seg\u00fan Guy, a\u00fan podemos tener un futuro sostenible si actuamos con rapidez, resoluci\u00f3n, esp\u00edritu cooperativo e inteligencia.<\/p><p><strong>Teresa Ribera, ministra para la Transici\u00f3n Ecol\u00f3gica de Espa\u00f1a<\/strong> se refiri\u00f3 al ejemplo de la experiencia espa\u00f1ola, particularmente al hecho de que se elabor\u00f3 un enfoque de Transici\u00f3n Justa para las comunidades que dependen del carb\u00f3n. La lecci\u00f3n que nos deja Espa\u00f1a puede replicarse en otros lugares. Cuarenta y seis pa\u00edses se han comprometido a apoyar la Iniciativa de Acci\u00f3n Clim\u00e1tica para el Empleo, lo que incluye una Transici\u00f3n Justa, y esperamos que muchos otros pa\u00edses tambi\u00e9n se unan. Es necesario facilitar un di\u00e1logo social genuino que incluya a j\u00f3venes, trabajadores y otras organizaciones de la sociedad civil.<\/p><p><strong>La ministra alemana de Medioambiente, Svenja Schulze<\/strong> se refiri\u00f3 a otro ejemplo del que puede aprender la comunidad global al describir el intenso di\u00e1logo social que se incorpor\u00f3 a su plan para desmantelar el uso del carb\u00f3n en Alemania. Su pa\u00eds tiene como objetivo desarrollar nuevos centros de energ\u00eda renovable y tecnolog\u00eda verde en las regiones que antiguamente depend\u00edan del carb\u00f3n, con una Transici\u00f3n Justa para los trabajadores y las comunidades.<\/p><p><strong>Artur Lorkowski, embajador del Cambio Clim\u00e1tico de la Presidencia de la COP24,<\/strong> se refiri\u00f3 al marco de la Declaraci\u00f3n de Silesia para la discusi\u00f3n sobre la Transici\u00f3n Justa. M\u00e1s de cincuenta pa\u00edses han suscrito a la Declaraci\u00f3n de Silesia. Lorkowski se\u00f1al\u00f3 que la Transici\u00f3n Justa no solo se trata de costos, sino tambi\u00e9n de oportunidades.<\/p><p><strong>Sharan Burrow, secretaria general de la CSI <\/strong>declar\u00f3 que el mundo se encuentra en un momento en el que predominan la ira, el conflicto y los reemplazos. La Transici\u00f3n Justa tiene un papel que desempe\u00f1ar en muchas de estas \u00e1reas de crisis convergentes. Por otro lado destac\u00f3 que Espa\u00f1a, Alemania, Canad\u00e1 y otros pa\u00edses est\u00e1n asumiendo compromisos relativos a la Transici\u00f3n Justa. Tenemos que pensar en la propiedad intelectual y tenemos que contar con una tecnolog\u00eda de c\u00f3digo abierto. Necesitamos un nuevo contrato social que incluya todo lo mencionado anteriormente. Nadie puede quedar relegado. Es momento de implementar la <a href=\"https:\/\/www.ilo.org\/ilc\/ILCSessions\/108\/reports\/texts-adopted\/WCMS_711674\/lang--en\/index.htm\">Declaraci\u00f3n del centenario de la OIT<\/a> y de contar con una acci\u00f3n clim\u00e1tica para el empleo; debemos tomar medidas ahora para garantizar a los trabajadores una protecci\u00f3n b\u00e1sica de derechos, salud y seguridad en el trabajo, salario m\u00ednimo, protecci\u00f3n social y una Transici\u00f3n Justa para la acci\u00f3n clim\u00e1tica. Si los gobiernos se niegan a escuchar a su gente, tendr\u00e1n que lidiar con la disconformidad que esto provoca.<\/p><p><strong>Roberto Su\u00e1rez Santos, secretario general de la Organizaci\u00f3n Internacional de Empleadores <\/strong>sugiri\u00f3 que los empleadores locales tienen que unirse y construir relaciones con la sociedad civil. Hizo hincapi\u00e9 en la importancia de que los trabajadores adquieran nuevas habilidades y capacitaci\u00f3n.<\/p><p>Finalmente fue el turno de <strong>Barbara Neira, representante juvenil de <\/strong><strong>Chile<\/strong>, quien hizo referencia a la injusticia institucional y a la necesidad de transformar la sociedad.<\/p><p>Texto completo de los discursos de <a href=\"\/wp-content\/uploads\/documents\/2019\/SPAIN\/COP25\/dg_speech_-_12_dec_2019-_climate_action_for_jobs.pdf\">Guy Ryder<\/a> y del <a href=\"https:\/\/www.un.org\/sg\/en\/content\/sg\/statement\/2019-12-12\/secretary-generals-remarks-cop25-event-climate-action-for-jobs-delivered\">secretario general de las Naciones Unidas, Ant\u00f3nio Guterres<\/a>.<\/p><p>En otras noticias, tal como se esperaba, hubo algunas consecuencias de la protesta que se llev\u00f3 a cabo ayer. Digamos que a la seguridad de la ONU no le caus\u00f3 gracia, incluso a algunos de nuestros miembros se les retir\u00f3 la acreditaci\u00f3n. Se castig\u00f3 a la sociedad civil por no respetar las reglas, retrasar el proceso de la COP y &ldquo;comprometer la seguridad de los delegados&rdquo;.<\/p><p><strong>Bert De Wel <\/strong>respondi\u00f3, en nombre de los sindicatos, que el fracaso de esta COP no se debe que hayan impedido que las Partes ingresen al plenario durante 10 minutos. M\u00e1s bien el motivo es la incapacidad de las Partes para abordar seriamente los problemas durante la semana y media de reuniones que ya han tenido lugar en el marco de la COP. De hecho, estamos tratando de ayudar a la Presidencia de la COP a tomar una decisi\u00f3n mediante la presi\u00f3n a las Partes.<\/p><p>La situaci\u00f3n demuestra el v\u00ednculo entre la justicia clim\u00e1tica y la justicia social. Por supuesto que reconozco la singularidad de esta COP25, en el sentido de que se lleva a cabo en Espa\u00f1a despu\u00e9s de que primero Brasil y luego Chile, se negaron a albergarla debido a sus perspectivas de derecha y sus intentos de reprimir a la sociedad civil en sus propios pa\u00edses.<\/p><p>M\u00e1s tarde supe que aquellos a quienes les quitaron las acreditaciones volver\u00e1n a ser admitidos y que los grupos de la sociedad civil no ser\u00edan castigados por las medidas que se tomaron.<\/p><p>La mayor\u00eda de las negociaciones abiertas al p\u00fablico han finalizado y ahora el \u00e9xito o el fracaso de la COP25 depende de los ministros. Necesitamos que el texto final haga referencia a conceptos como equidad, justicia social y Transici\u00f3n Justa. Desafortunadamente, las conversaciones ministeriales se llevan a cabo a puertas cerradas, por lo que es dif\u00edcil saber con seguridad qu\u00e9 est\u00e1 sucediendo, pero las noticias que recibimos no son alentadoras.<\/p><p><strong>Los delegados juveniles<\/strong> son las verdaderas estrellas de esta COP. Aunque Greta Thunberg es quien recibe la mayor parte de la atenci\u00f3n de los medios, aqu\u00ed hay una delegaci\u00f3n juvenil bastante grande. Todos los j\u00f3venes que he conocido me han dejado muy impresionado. Nos han hablado sobre el impacto de las protestas chilenas en los j\u00f3venes, incluida la muerte de al menos un adolescente golpeado por una granada de gas lacrim\u00f3geno. Los j\u00f3venes chilenos se han despertado: continuar\u00e1n luchando junto a los trabajadores y otros miembros de la sociedad por mejores condiciones sociales mientras se ocupan tambi\u00e9n de proteger el clima. Una activista juvenil quebequense nos cont\u00f3 por qu\u00e9 se involucr\u00f3 la lucha contra el cambio clim\u00e1tico.<\/p><blockquote><p>&ldquo;&iquest;Por qu\u00e9 deber\u00edamos seguir yendo a la escuela para obtener un trabajo que no tiene sentido, si no tenemos confianza en el futuro? Todos estamos juntos contra el sistema que hace a los pobres m\u00e1s pobres y a los ricos m\u00e1s ricos. Este es el comienzo de una nueva era, pedimos justicia y no permitiremos que se burlen de nosotros&rdquo;.<\/p><\/blockquote><p>A nivel mundial, el enojo que estas cuestiones despiertan en los j\u00f3venes es cada vez mayor. Se les est\u00e1 robando su futuro y exigen que se les devuelva.<\/p><p>Los pueblos ind\u00edgenas, las mujeres, los grupos ambientalistas y los sindicatos tambi\u00e9n han instado a las Partes a actuar con resoluci\u00f3n y lograr que la COP25 est\u00e9 a la altura de su lema: &ldquo;es tiempo de actuar&rdquo;. Pronto sabremos si los l\u00edderes han escuchado.<\/p>","protected":false},"featured_media":0,"template":"","issues":[393],"companies":[],"regions":[202,246],"sectors":[],"article_tags":[507],"class_list":["post-159234","article","type-article","status-publish","hentry","issues-climate-change-just-transition","regions-europe","regions-spain","article_tags-cop"],"acf":[],"yoast_head":"<!-- This site is optimized with the Yoast SEO Premium plugin v27.1 (Yoast SEO v27.1) - https:\/\/yoast.com\/product\/yoast-seo-premium-wordpress\/ -->\n<title>Blog sobre la COP25 \u2013 12 de diciembre 2019 - industriall-union<\/title>\n<meta name=\"description\" content=\"Hoy asistimos a un evento importante: el lanzamiento de la &ldquo;Iniciativa de Acci\u00f3n Clim\u00e1tica para el Empleo&rdquo;.Como lo describe la OIT: &ldquo;En\" \/>\n<meta name=\"robots\" content=\"index, follow, max-snippet:-1, max-image-preview:large, max-video-preview:-1\" \/>\n<link rel=\"canonical\" href=\"https:\/\/admin.industriall-union.org\/es\/blog-sobre-la-cop25-12-de-diciembre-2019\/\" \/>\n<meta property=\"og:locale\" content=\"es_ES\" \/>\n<meta property=\"og:type\" content=\"article\" \/>\n<meta property=\"og:title\" content=\"Blog sobre la COP25 \u2013 12 de diciembre 2019\" \/>\n<meta property=\"og:description\" content=\"Hoy asistimos a un evento importante: el lanzamiento de la &ldquo;Iniciativa de Acci\u00f3n Clim\u00e1tica para el Empleo&rdquo;.Como lo describe la OIT: &ldquo;En\" \/>\n<meta property=\"og:url\" content=\"https:\/\/admin.industriall-union.org\/es\/blog-sobre-la-cop25-12-de-diciembre-2019\/\" \/>\n<meta property=\"og:site_name\" content=\"industriall-union\" \/>\n<meta property=\"article:modified_time\" content=\"2025-02-03T10:57:39+00:00\" \/>\n<meta name=\"twitter:card\" content=\"summary_large_image\" \/>\n<meta name=\"twitter:label1\" content=\"Est. reading time\" \/>\n\t<meta name=\"twitter:data1\" content=\"7 minutes\" \/>\n<script type=\"application\/ld+json\" class=\"yoast-schema-graph\">{\"@context\":\"https:\/\/schema.org\",\"@graph\":[{\"@type\":\"WebPage\",\"@id\":\"https:\/\/admin.industriall-union.org\/es\/blog-sobre-la-cop25-12-de-diciembre-2019\/\",\"url\":\"https:\/\/admin.industriall-union.org\/es\/blog-sobre-la-cop25-12-de-diciembre-2019\/\",\"name\":\"Blog sobre la COP25 \u2013 12 de diciembre 2019 - industriall-union\",\"isPartOf\":{\"@id\":\"https:\/\/admin.industriall-union.org\/#website\"},\"datePublished\":\"2019-12-12T14:48:23+00:00\",\"dateModified\":\"2025-02-03T10:57:39+00:00\",\"description\":\"Hoy asistimos a un evento importante: el lanzamiento de la &ldquo;Iniciativa de Acci\u00f3n Clim\u00e1tica para el Empleo&rdquo;.Como lo describe la OIT: &ldquo;En\",\"breadcrumb\":{\"@id\":\"https:\/\/admin.industriall-union.org\/es\/blog-sobre-la-cop25-12-de-diciembre-2019\/#breadcrumb\"},\"inLanguage\":\"es-ES\",\"potentialAction\":[{\"@type\":\"ReadAction\",\"target\":[\"https:\/\/admin.industriall-union.org\/es\/blog-sobre-la-cop25-12-de-diciembre-2019\/\"]}]},{\"@type\":\"BreadcrumbList\",\"@id\":\"https:\/\/admin.industriall-union.org\/es\/blog-sobre-la-cop25-12-de-diciembre-2019\/#breadcrumb\",\"itemListElement\":[{\"@type\":\"ListItem\",\"position\":1,\"name\":\"Home\",\"item\":\"https:\/\/admin.industriall-union.org\/\"},{\"@type\":\"ListItem\",\"position\":2,\"name\":\"Articles\",\"item\":\"https:\/\/admin.industriall-union.org\/article\/\"},{\"@type\":\"ListItem\",\"position\":3,\"name\":\"Blog sobre la COP25 \u2013 12 de diciembre 2019\"}]},{\"@type\":\"WebSite\",\"@id\":\"https:\/\/admin.industriall-union.org\/#website\",\"url\":\"https:\/\/admin.industriall-union.org\/\",\"name\":\"industriall-union\",\"description\":\"\",\"potentialAction\":[{\"@type\":\"SearchAction\",\"target\":{\"@type\":\"EntryPoint\",\"urlTemplate\":\"https:\/\/admin.industriall-union.org\/?s={search_term_string}\"},\"query-input\":{\"@type\":\"PropertyValueSpecification\",\"valueRequired\":true,\"valueName\":\"search_term_string\"}}],\"inLanguage\":\"es-ES\"}]}<\/script>\n<!-- \/ Yoast SEO Premium plugin. -->","yoast_head_json":{"title":"Blog sobre la COP25 \u2013 12 de diciembre 2019 - industriall-union","description":"Hoy asistimos a un evento importante: el lanzamiento de la &ldquo;Iniciativa de Acci\u00f3n Clim\u00e1tica para el Empleo&rdquo;.Como lo describe la OIT: &ldquo;En","robots":{"index":"index","follow":"follow","max-snippet":"max-snippet:-1","max-image-preview":"max-image-preview:large","max-video-preview":"max-video-preview:-1"},"canonical":"https:\/\/admin.industriall-union.org\/es\/blog-sobre-la-cop25-12-de-diciembre-2019\/","og_locale":"es_ES","og_type":"article","og_title":"Blog sobre la COP25 \u2013 12 de diciembre 2019","og_description":"Hoy asistimos a un evento importante: el lanzamiento de la &ldquo;Iniciativa de Acci\u00f3n Clim\u00e1tica para el Empleo&rdquo;.Como lo describe la OIT: &ldquo;En","og_url":"https:\/\/admin.industriall-union.org\/es\/blog-sobre-la-cop25-12-de-diciembre-2019\/","og_site_name":"industriall-union","article_modified_time":"2025-02-03T10:57:39+00:00","twitter_card":"summary_large_image","twitter_misc":{"Est. reading time":"7 minutes"},"schema":{"@context":"https:\/\/schema.org","@graph":[{"@type":"WebPage","@id":"https:\/\/admin.industriall-union.org\/es\/blog-sobre-la-cop25-12-de-diciembre-2019\/","url":"https:\/\/admin.industriall-union.org\/es\/blog-sobre-la-cop25-12-de-diciembre-2019\/","name":"Blog sobre la COP25 \u2013 12 de diciembre 2019 - industriall-union","isPartOf":{"@id":"https:\/\/admin.industriall-union.org\/#website"},"datePublished":"2019-12-12T14:48:23+00:00","dateModified":"2025-02-03T10:57:39+00:00","description":"Hoy asistimos a un evento importante: el lanzamiento de la &ldquo;Iniciativa de Acci\u00f3n Clim\u00e1tica para el Empleo&rdquo;.Como lo describe la OIT: &ldquo;En","breadcrumb":{"@id":"https:\/\/admin.industriall-union.org\/es\/blog-sobre-la-cop25-12-de-diciembre-2019\/#breadcrumb"},"inLanguage":"es-ES","potentialAction":[{"@type":"ReadAction","target":["https:\/\/admin.industriall-union.org\/es\/blog-sobre-la-cop25-12-de-diciembre-2019\/"]}]},{"@type":"BreadcrumbList","@id":"https:\/\/admin.industriall-union.org\/es\/blog-sobre-la-cop25-12-de-diciembre-2019\/#breadcrumb","itemListElement":[{"@type":"ListItem","position":1,"name":"Home","item":"https:\/\/admin.industriall-union.org\/"},{"@type":"ListItem","position":2,"name":"Articles","item":"https:\/\/admin.industriall-union.org\/article\/"},{"@type":"ListItem","position":3,"name":"Blog sobre la COP25 \u2013 12 de diciembre 2019"}]},{"@type":"WebSite","@id":"https:\/\/admin.industriall-union.org\/#website","url":"https:\/\/admin.industriall-union.org\/","name":"industriall-union","description":"","potentialAction":[{"@type":"SearchAction","target":{"@type":"EntryPoint","urlTemplate":"https:\/\/admin.industriall-union.org\/?s={search_term_string}"},"query-input":{"@type":"PropertyValueSpecification","valueRequired":true,"valueName":"search_term_string"}}],"inLanguage":"es-ES"}]}},"_links":{"self":[{"href":"https:\/\/admin.industriall-union.org\/es\/wp-json\/wp\/v2\/article\/159234","targetHints":{"allow":["GET"]}}],"collection":[{"href":"https:\/\/admin.industriall-union.org\/es\/wp-json\/wp\/v2\/article"}],"about":[{"href":"https:\/\/admin.industriall-union.org\/es\/wp-json\/wp\/v2\/types\/article"}],"wp:attachment":[{"href":"https:\/\/admin.industriall-union.org\/es\/wp-json\/wp\/v2\/media?parent=159234"}],"wp:term":[{"taxonomy":"issues","embeddable":true,"href":"https:\/\/admin.industriall-union.org\/es\/wp-json\/wp\/v2\/issues?post=159234"},{"taxonomy":"companies","embeddable":true,"href":"https:\/\/admin.industriall-union.org\/es\/wp-json\/wp\/v2\/companies?post=159234"},{"taxonomy":"regions","embeddable":true,"href":"https:\/\/admin.industriall-union.org\/es\/wp-json\/wp\/v2\/regions?post=159234"},{"taxonomy":"sectors","embeddable":true,"href":"https:\/\/admin.industriall-union.org\/es\/wp-json\/wp\/v2\/sectors?post=159234"},{"taxonomy":"article_tags","embeddable":true,"href":"https:\/\/admin.industriall-union.org\/es\/wp-json\/wp\/v2\/article_tags?post=159234"}],"curies":[{"name":"wp","href":"https:\/\/api.w.org\/{rel}","templated":true}]}}