{"id":159218,"date":"2019-12-19T09:25:10","date_gmt":"2019-12-19T09:25:10","guid":{"rendered":"https:\/\/admin.industriall-union.org\/finlandia-despido-injustificado-en-nokia\/"},"modified":"2025-02-03T10:49:52","modified_gmt":"2025-02-03T10:49:52","slug":"finlandia-despido-injustificado-en-nokia","status":"publish","type":"article","link":"https:\/\/admin.industriall-union.org\/es\/finlandia-despido-injustificado-en-nokia\/","title":{"rendered":"Finlandia: despido injustificado en Nokia"},"content":{"rendered":"<blockquote><p>&nbsp;&ldquo;Se trata de un ataque extremadamente brutal al sindicato. Desde nuestro punto de vista, Nokia est\u00e1 veng\u00e1ndose por la huelga de tres d\u00edas realizada a principios de esta semana&rdquo;,<\/p><\/blockquote><p>expres\u00f3 Samu Salo, presidente de Insin\u00f6\u00f6riliitto, el Sindicato de Ingenieros Profesionales de Finlandia, afiliado a IndustriALL.<\/p><p>El ingeniero y dirigente del sindicato local de Nokia en Espoo, Finlandia, hab\u00eda trabajado para la empresa durante m\u00e1s de 25 a\u00f1os. El empleado particip\u00f3 en una huelga legal de tres d\u00edas para miembros del personal de altos cargos organizada por YTN, un \u00f3rgano de negociaci\u00f3n al que el sindicato local Insin\u00f6\u00f6riliitto est\u00e1 asociado.<\/p><p>La empresa afirma que el despido est\u00e1 relacionado con el hecho de que el ingeniero desconect\u00f3 el equipo al cortar el suministro de energ\u00eda antes de ir la huelga. El empleado crey\u00f3 que estaba haciendo lo correcto debido a que el equipo no iba a ser necesario durante la huelga y \u00e9l no ser\u00eda capaz de supervisarlo. No obstante, los interruptores tambi\u00e9n estaban conectados a dispositivos usados de forma remota en el extranjero, un v\u00ednculo del cual no estaba al tanto.<\/p><p>El ingeniero hab\u00eda participado en la creaci\u00f3n de la red durante cuatro a\u00f1os y mantenido los servicios detr\u00e1s de los interruptores. Los dispositivos que estaban conectados de forma remota en el extranjero se encontraban bajo la responsabilidad de otros empleados y estaban vinculados a sus interruptores sin su conocimiento.<\/p><blockquote><p>&ldquo;Hemos impugnado la medida tomada por Nokia. Presentamos una declaraci\u00f3n por escrito para denunciar el despido y nos estamos preparando para llevar este caso ante la justicia. Le informaremos de este caso a la polic\u00eda para que investigue. A nivel local, estamos analizando todas las otras opciones, incluida la acci\u00f3n sindical&rdquo;,<\/p><\/blockquote><p>expres\u00f3 un representante sindical de Insin\u00f6\u00f6riliitto.<\/p><blockquote><p>&ldquo;Se trata de un comportamiento inaceptable por parte de Nokia. IndustriALL apoya plenamente a Insin\u00f6\u00f6riliitto en sus medidas para lograr que se haga justicia por este despido injustificado&rdquo;,<\/p><\/blockquote><p>declar\u00f3 Kan Matsuzaki, director del sector electr\u00f3nico de IndustriALL.<\/p>","protected":false},"featured_media":0,"template":"","issues":[],"companies":[98],"regions":[216],"sectors":[490],"article_tags":[],"class_list":["post-159218","article","type-article","status-publish","hentry","companies-nokia","regions-finland","sectors-ict-electrical-and-electronics"],"acf":[],"yoast_head":"<!-- This site is optimized with the Yoast SEO Premium plugin v27.1 (Yoast SEO v27.1) - https:\/\/yoast.com\/product\/yoast-seo-premium-wordpress\/ -->\n<title>Finlandia: despido injustificado en Nokia - industriall-union<\/title>\n<meta name=\"description\" content=\"&nbsp;&ldquo;Se trata de un ataque extremadamente brutal al sindicato. Desde nuestro punto de vista, Nokia est\u00e1 veng\u00e1ndose por la huelga de tres d\u00edas\" \/>\n<meta name=\"robots\" content=\"index, follow, max-snippet:-1, max-image-preview:large, max-video-preview:-1\" \/>\n<link rel=\"canonical\" href=\"https:\/\/admin.industriall-union.org\/es\/finlandia-despido-injustificado-en-nokia\/\" \/>\n<meta property=\"og:locale\" content=\"es_ES\" \/>\n<meta property=\"og:type\" content=\"article\" \/>\n<meta property=\"og:title\" content=\"Finlandia: despido injustificado en Nokia\" \/>\n<meta property=\"og:description\" content=\"&nbsp;&ldquo;Se trata de un ataque extremadamente brutal al sindicato. Desde nuestro punto de vista, Nokia est\u00e1 veng\u00e1ndose por la huelga de tres d\u00edas\" \/>\n<meta property=\"og:url\" content=\"https:\/\/admin.industriall-union.org\/es\/finlandia-despido-injustificado-en-nokia\/\" \/>\n<meta property=\"og:site_name\" content=\"industriall-union\" \/>\n<meta property=\"article:modified_time\" content=\"2025-02-03T10:49:52+00:00\" \/>\n<meta name=\"twitter:card\" content=\"summary_large_image\" \/>\n<meta name=\"twitter:label1\" content=\"Est. reading time\" \/>\n\t<meta name=\"twitter:data1\" content=\"2 minutes\" \/>\n<script type=\"application\/ld+json\" class=\"yoast-schema-graph\">{\"@context\":\"https:\/\/schema.org\",\"@graph\":[{\"@type\":\"WebPage\",\"@id\":\"https:\/\/admin.industriall-union.org\/es\/finlandia-despido-injustificado-en-nokia\/\",\"url\":\"https:\/\/admin.industriall-union.org\/es\/finlandia-despido-injustificado-en-nokia\/\",\"name\":\"Finlandia: despido injustificado en Nokia - industriall-union\",\"isPartOf\":{\"@id\":\"https:\/\/admin.industriall-union.org\/#website\"},\"datePublished\":\"2019-12-19T09:25:10+00:00\",\"dateModified\":\"2025-02-03T10:49:52+00:00\",\"description\":\"&nbsp;&ldquo;Se trata de un ataque extremadamente brutal al sindicato. Desde nuestro punto de vista, Nokia est\u00e1 veng\u00e1ndose por la huelga de tres d\u00edas\",\"breadcrumb\":{\"@id\":\"https:\/\/admin.industriall-union.org\/es\/finlandia-despido-injustificado-en-nokia\/#breadcrumb\"},\"inLanguage\":\"es-ES\",\"potentialAction\":[{\"@type\":\"ReadAction\",\"target\":[\"https:\/\/admin.industriall-union.org\/es\/finlandia-despido-injustificado-en-nokia\/\"]}]},{\"@type\":\"BreadcrumbList\",\"@id\":\"https:\/\/admin.industriall-union.org\/es\/finlandia-despido-injustificado-en-nokia\/#breadcrumb\",\"itemListElement\":[{\"@type\":\"ListItem\",\"position\":1,\"name\":\"Home\",\"item\":\"https:\/\/admin.industriall-union.org\/\"},{\"@type\":\"ListItem\",\"position\":2,\"name\":\"Articles\",\"item\":\"https:\/\/admin.industriall-union.org\/article\/\"},{\"@type\":\"ListItem\",\"position\":3,\"name\":\"Finlandia: despido injustificado en Nokia\"}]},{\"@type\":\"WebSite\",\"@id\":\"https:\/\/admin.industriall-union.org\/#website\",\"url\":\"https:\/\/admin.industriall-union.org\/\",\"name\":\"industriall-union\",\"description\":\"\",\"potentialAction\":[{\"@type\":\"SearchAction\",\"target\":{\"@type\":\"EntryPoint\",\"urlTemplate\":\"https:\/\/admin.industriall-union.org\/?s={search_term_string}\"},\"query-input\":{\"@type\":\"PropertyValueSpecification\",\"valueRequired\":true,\"valueName\":\"search_term_string\"}}],\"inLanguage\":\"es-ES\"}]}<\/script>\n<!-- \/ Yoast SEO Premium plugin. -->","yoast_head_json":{"title":"Finlandia: despido injustificado en Nokia - industriall-union","description":"&nbsp;&ldquo;Se trata de un ataque extremadamente brutal al sindicato. Desde nuestro punto de vista, Nokia est\u00e1 veng\u00e1ndose por la huelga de tres d\u00edas","robots":{"index":"index","follow":"follow","max-snippet":"max-snippet:-1","max-image-preview":"max-image-preview:large","max-video-preview":"max-video-preview:-1"},"canonical":"https:\/\/admin.industriall-union.org\/es\/finlandia-despido-injustificado-en-nokia\/","og_locale":"es_ES","og_type":"article","og_title":"Finlandia: despido injustificado en Nokia","og_description":"&nbsp;&ldquo;Se trata de un ataque extremadamente brutal al sindicato. Desde nuestro punto de vista, Nokia est\u00e1 veng\u00e1ndose por la huelga de tres d\u00edas","og_url":"https:\/\/admin.industriall-union.org\/es\/finlandia-despido-injustificado-en-nokia\/","og_site_name":"industriall-union","article_modified_time":"2025-02-03T10:49:52+00:00","twitter_card":"summary_large_image","twitter_misc":{"Est. reading time":"2 minutes"},"schema":{"@context":"https:\/\/schema.org","@graph":[{"@type":"WebPage","@id":"https:\/\/admin.industriall-union.org\/es\/finlandia-despido-injustificado-en-nokia\/","url":"https:\/\/admin.industriall-union.org\/es\/finlandia-despido-injustificado-en-nokia\/","name":"Finlandia: despido injustificado en Nokia - industriall-union","isPartOf":{"@id":"https:\/\/admin.industriall-union.org\/#website"},"datePublished":"2019-12-19T09:25:10+00:00","dateModified":"2025-02-03T10:49:52+00:00","description":"&nbsp;&ldquo;Se trata de un ataque extremadamente brutal al sindicato. Desde nuestro punto de vista, Nokia est\u00e1 veng\u00e1ndose por la huelga de tres d\u00edas","breadcrumb":{"@id":"https:\/\/admin.industriall-union.org\/es\/finlandia-despido-injustificado-en-nokia\/#breadcrumb"},"inLanguage":"es-ES","potentialAction":[{"@type":"ReadAction","target":["https:\/\/admin.industriall-union.org\/es\/finlandia-despido-injustificado-en-nokia\/"]}]},{"@type":"BreadcrumbList","@id":"https:\/\/admin.industriall-union.org\/es\/finlandia-despido-injustificado-en-nokia\/#breadcrumb","itemListElement":[{"@type":"ListItem","position":1,"name":"Home","item":"https:\/\/admin.industriall-union.org\/"},{"@type":"ListItem","position":2,"name":"Articles","item":"https:\/\/admin.industriall-union.org\/article\/"},{"@type":"ListItem","position":3,"name":"Finlandia: despido injustificado en Nokia"}]},{"@type":"WebSite","@id":"https:\/\/admin.industriall-union.org\/#website","url":"https:\/\/admin.industriall-union.org\/","name":"industriall-union","description":"","potentialAction":[{"@type":"SearchAction","target":{"@type":"EntryPoint","urlTemplate":"https:\/\/admin.industriall-union.org\/?s={search_term_string}"},"query-input":{"@type":"PropertyValueSpecification","valueRequired":true,"valueName":"search_term_string"}}],"inLanguage":"es-ES"}]}},"_links":{"self":[{"href":"https:\/\/admin.industriall-union.org\/es\/wp-json\/wp\/v2\/article\/159218","targetHints":{"allow":["GET"]}}],"collection":[{"href":"https:\/\/admin.industriall-union.org\/es\/wp-json\/wp\/v2\/article"}],"about":[{"href":"https:\/\/admin.industriall-union.org\/es\/wp-json\/wp\/v2\/types\/article"}],"wp:attachment":[{"href":"https:\/\/admin.industriall-union.org\/es\/wp-json\/wp\/v2\/media?parent=159218"}],"wp:term":[{"taxonomy":"issues","embeddable":true,"href":"https:\/\/admin.industriall-union.org\/es\/wp-json\/wp\/v2\/issues?post=159218"},{"taxonomy":"companies","embeddable":true,"href":"https:\/\/admin.industriall-union.org\/es\/wp-json\/wp\/v2\/companies?post=159218"},{"taxonomy":"regions","embeddable":true,"href":"https:\/\/admin.industriall-union.org\/es\/wp-json\/wp\/v2\/regions?post=159218"},{"taxonomy":"sectors","embeddable":true,"href":"https:\/\/admin.industriall-union.org\/es\/wp-json\/wp\/v2\/sectors?post=159218"},{"taxonomy":"article_tags","embeddable":true,"href":"https:\/\/admin.industriall-union.org\/es\/wp-json\/wp\/v2\/article_tags?post=159218"}],"curies":[{"name":"wp","href":"https:\/\/api.w.org\/{rel}","templated":true}]}}