{"id":159191,"date":"2020-01-15T15:22:40","date_gmt":"2020-01-15T15:22:40","guid":{"rendered":"https:\/\/admin.industriall-union.org\/afiliados-a-industriall-respaldan-cambios-al-nuevo-t-mec\/"},"modified":"2025-02-03T10:43:22","modified_gmt":"2025-02-03T10:43:22","slug":"afiliados-a-industriall-respaldan-cambios-al-nuevo-t-mec","status":"publish","type":"article","link":"https:\/\/admin.industriall-union.org\/es\/afiliados-a-industriall-respaldan-cambios-al-nuevo-t-mec\/","title":{"rendered":"Afiliados a IndustriALL respaldan cambios al nuevo T-MEC"},"content":{"rendered":"<p>Representantes de M\u00e9xico, Estados Unidos y Canad\u00e1 firmaron el T-MEC enmendado, el 10 de diciembre en Ciudad de M\u00e9xico, luego de meses de negociaci\u00f3n. Se espera que sea ratificado por los tres parlamentos en pocas semanas.<\/p><p>El presidente de la central sindical AFL-CIO (a la cual pertenece&nbsp;Utility Workers Union of America, a su vez afiliado a IndustriALL en EE.UU), Richard Trumka, destac\u00f3 que en la nueva versi\u00f3n del acuerdo se negociaron cambios y mejoras sustanciales que supondr\u00e1n un buen negocio tanto para los trabajadores como el medio ambiente.<\/p><p>Destac\u00f3 que su pa\u00eds se comprometi\u00f3 a reforzar las reglas en materia laboral para hacerlas mas estrictas y as\u00ed garantizar que los socios comerciales cumplan con sus compromisos respecto a los trabajadores, y consigan litigar exitosamente disputas laborales y ambientales.<\/p><p>A su vez, asegur\u00f3 que el gobierno estadounidense aplicar\u00e1 sanciones sobre bienes y servicios que no se produzcan de conformidad con la libertad de asociaci\u00f3n y las obligaciones de negociaci\u00f3n colectiva.<\/p><p>En tanto, el presidente internacional de United Steelworkers (USW, tambi\u00e9n afiliado a IndustriALL en EE.UU) Thomas Conway, manifest\u00f3 su apoyo a la adopci\u00f3n de un &ldquo;T-MEC mejorado&rdquo;. Dijo que los miembros del USW sufrieron los efectos devastadores del anterior Tratado de Libre Comercio de Am\u00e9rica del Norte (TLCAN). Les cost\u00f3 innumerables empleos, devast\u00f3 a comunidades y redujo los salarios.<\/p><p>Por ello, se preocuparon por involucrarse en las negociaciones a fin de identificar cambios esenciales para ayudar a la gente trabajadora y abordar problemas importantes. Por ejemplo, plantearon la necesidad de erradicar los llamados &ldquo;contratos de protecci\u00f3n&rdquo; en M\u00e9xico, la necesidad de subir los salarios y establecer mecanismos para formar sindicatos democr\u00e1ticos, sin enfrentar represalias.<\/p><p>En lo que respecta presidente nacional de Unifor (afiliado a IndustriALL en Canad\u00e1), Jerry Dias, sostuvo que las enmiendas anunciadas proporcionan una hoja de ruta para implementar los cambios necesarios en la pol\u00edtica comercial que beneficie a los trabajadores.<\/p><p>Expres\u00f3 que las enmiendas incluyen un nuevo mecanismo bilateral de respuesta r\u00e1pida para investigar y vigilar las violaciones laborales. A\u00fan as\u00ed, se\u00f1al\u00f3 que el sindicato examinar\u00e1 de cerca el nuevo tratado para revisar temas que generan interrogantes y analizar m\u00e1s a fondo el impacto del acuerdo.<\/p><p>Finalmente, el presidente del sindicato Los Mineros (afiliado a IndustriALL en M\u00e9xico), co-presidente de IndustriALL en Am\u00e9rica Latina y el Caribe, y senador de M\u00e9xico, Napole\u00f3n G\u00f3mez Urrutia, dijo:<\/p><blockquote><p>&ldquo;A trav\u00e9s del di\u00e1logo hemos realizado un gran trabajo para llegar a los acuerdos que beneficiar\u00e1n a nuestras naciones. El Protocolo Modificatorio del T-MEC signific\u00f3 una labor de negociaci\u00f3n. Ser\u00e1 un proceso en defensa de las condiciones de trabajo y protecci\u00f3n de los derechos humanos y laborales.<\/p><p>Dentro de las modificaciones al T-MEC, se encuentra la creaci\u00f3n de Paneles Laborales para discutir controversias espec\u00edficas. Esto dar\u00e1 confianza al trabajador y abrir\u00e1 oportunidades de seguridad y protecci\u00f3n a la democracia sindical y la justicia Laboral en nuestro pa\u00eds&rdquo;<\/p><\/blockquote>","protected":false},"featured_media":0,"template":"","issues":[415,425],"companies":[],"regions":[309,275,308,310],"sectors":[],"article_tags":[513],"class_list":["post-159191","article","type-article","status-publish","hentry","issues-stop-precarious-work","issues-workers-rights","regions-canada","regions-mexico","regions-north-america","regions-usa","article_tags-labour-laws"],"acf":[],"yoast_head":"<!-- This site is optimized with the Yoast SEO Premium plugin v27.1 (Yoast SEO v27.1) - https:\/\/yoast.com\/product\/yoast-seo-premium-wordpress\/ -->\n<title>Afiliados a IndustriALL respaldan cambios al nuevo T-MEC - industriall-union<\/title>\n<meta name=\"description\" content=\"Representantes de M\u00e9xico, Estados Unidos y Canad\u00e1 firmaron el T-MEC enmendado, el 10 de diciembre en Ciudad de M\u00e9xico, luego de meses de negociaci\u00f3n. Se\" \/>\n<meta name=\"robots\" content=\"index, follow, max-snippet:-1, max-image-preview:large, max-video-preview:-1\" \/>\n<link rel=\"canonical\" href=\"https:\/\/admin.industriall-union.org\/es\/afiliados-a-industriall-respaldan-cambios-al-nuevo-t-mec\/\" \/>\n<meta property=\"og:locale\" content=\"es_ES\" \/>\n<meta property=\"og:type\" content=\"article\" \/>\n<meta property=\"og:title\" content=\"Afiliados a IndustriALL respaldan cambios al nuevo T-MEC\" \/>\n<meta property=\"og:description\" content=\"Representantes de M\u00e9xico, Estados Unidos y Canad\u00e1 firmaron el T-MEC enmendado, el 10 de diciembre en Ciudad de M\u00e9xico, luego de meses de negociaci\u00f3n. Se\" \/>\n<meta property=\"og:url\" content=\"https:\/\/admin.industriall-union.org\/es\/afiliados-a-industriall-respaldan-cambios-al-nuevo-t-mec\/\" \/>\n<meta property=\"og:site_name\" content=\"industriall-union\" \/>\n<meta property=\"article:modified_time\" content=\"2025-02-03T10:43:22+00:00\" \/>\n<meta name=\"twitter:card\" content=\"summary_large_image\" \/>\n<meta name=\"twitter:label1\" content=\"Est. reading time\" \/>\n\t<meta name=\"twitter:data1\" content=\"3 minutes\" \/>\n<script type=\"application\/ld+json\" class=\"yoast-schema-graph\">{\"@context\":\"https:\/\/schema.org\",\"@graph\":[{\"@type\":\"WebPage\",\"@id\":\"https:\/\/admin.industriall-union.org\/es\/afiliados-a-industriall-respaldan-cambios-al-nuevo-t-mec\/\",\"url\":\"https:\/\/admin.industriall-union.org\/es\/afiliados-a-industriall-respaldan-cambios-al-nuevo-t-mec\/\",\"name\":\"Afiliados a IndustriALL respaldan cambios al nuevo T-MEC - industriall-union\",\"isPartOf\":{\"@id\":\"https:\/\/admin.industriall-union.org\/es\/#website\"},\"datePublished\":\"2020-01-15T15:22:40+00:00\",\"dateModified\":\"2025-02-03T10:43:22+00:00\",\"description\":\"Representantes de M\u00e9xico, Estados Unidos y Canad\u00e1 firmaron el T-MEC enmendado, el 10 de diciembre en Ciudad de M\u00e9xico, luego de meses de negociaci\u00f3n. Se\",\"breadcrumb\":{\"@id\":\"https:\/\/admin.industriall-union.org\/es\/afiliados-a-industriall-respaldan-cambios-al-nuevo-t-mec\/#breadcrumb\"},\"inLanguage\":\"es-ES\",\"potentialAction\":[{\"@type\":\"ReadAction\",\"target\":[\"https:\/\/admin.industriall-union.org\/es\/afiliados-a-industriall-respaldan-cambios-al-nuevo-t-mec\/\"]}]},{\"@type\":\"BreadcrumbList\",\"@id\":\"https:\/\/admin.industriall-union.org\/es\/afiliados-a-industriall-respaldan-cambios-al-nuevo-t-mec\/#breadcrumb\",\"itemListElement\":[{\"@type\":\"ListItem\",\"position\":1,\"name\":\"Home\",\"item\":\"https:\/\/admin.industriall-union.org\/es\/\"},{\"@type\":\"ListItem\",\"position\":2,\"name\":\"Articles\",\"item\":\"https:\/\/admin.industriall-union.org\/es\/article\/\"},{\"@type\":\"ListItem\",\"position\":3,\"name\":\"Afiliados a IndustriALL respaldan cambios al nuevo T-MEC\"}]},{\"@type\":\"WebSite\",\"@id\":\"https:\/\/admin.industriall-union.org\/es\/#website\",\"url\":\"https:\/\/admin.industriall-union.org\/es\/\",\"name\":\"industriall-union\",\"description\":\"\",\"potentialAction\":[{\"@type\":\"SearchAction\",\"target\":{\"@type\":\"EntryPoint\",\"urlTemplate\":\"https:\/\/admin.industriall-union.org\/es\/?s={search_term_string}\"},\"query-input\":{\"@type\":\"PropertyValueSpecification\",\"valueRequired\":true,\"valueName\":\"search_term_string\"}}],\"inLanguage\":\"es-ES\"}]}<\/script>\n<!-- \/ Yoast SEO Premium plugin. -->","yoast_head_json":{"title":"Afiliados a IndustriALL respaldan cambios al nuevo T-MEC - industriall-union","description":"Representantes de M\u00e9xico, Estados Unidos y Canad\u00e1 firmaron el T-MEC enmendado, el 10 de diciembre en Ciudad de M\u00e9xico, luego de meses de negociaci\u00f3n. Se","robots":{"index":"index","follow":"follow","max-snippet":"max-snippet:-1","max-image-preview":"max-image-preview:large","max-video-preview":"max-video-preview:-1"},"canonical":"https:\/\/admin.industriall-union.org\/es\/afiliados-a-industriall-respaldan-cambios-al-nuevo-t-mec\/","og_locale":"es_ES","og_type":"article","og_title":"Afiliados a IndustriALL respaldan cambios al nuevo T-MEC","og_description":"Representantes de M\u00e9xico, Estados Unidos y Canad\u00e1 firmaron el T-MEC enmendado, el 10 de diciembre en Ciudad de M\u00e9xico, luego de meses de negociaci\u00f3n. Se","og_url":"https:\/\/admin.industriall-union.org\/es\/afiliados-a-industriall-respaldan-cambios-al-nuevo-t-mec\/","og_site_name":"industriall-union","article_modified_time":"2025-02-03T10:43:22+00:00","twitter_card":"summary_large_image","twitter_misc":{"Est. reading time":"3 minutes"},"schema":{"@context":"https:\/\/schema.org","@graph":[{"@type":"WebPage","@id":"https:\/\/admin.industriall-union.org\/es\/afiliados-a-industriall-respaldan-cambios-al-nuevo-t-mec\/","url":"https:\/\/admin.industriall-union.org\/es\/afiliados-a-industriall-respaldan-cambios-al-nuevo-t-mec\/","name":"Afiliados a IndustriALL respaldan cambios al nuevo T-MEC - industriall-union","isPartOf":{"@id":"https:\/\/admin.industriall-union.org\/es\/#website"},"datePublished":"2020-01-15T15:22:40+00:00","dateModified":"2025-02-03T10:43:22+00:00","description":"Representantes de M\u00e9xico, Estados Unidos y Canad\u00e1 firmaron el T-MEC enmendado, el 10 de diciembre en Ciudad de M\u00e9xico, luego de meses de negociaci\u00f3n. Se","breadcrumb":{"@id":"https:\/\/admin.industriall-union.org\/es\/afiliados-a-industriall-respaldan-cambios-al-nuevo-t-mec\/#breadcrumb"},"inLanguage":"es-ES","potentialAction":[{"@type":"ReadAction","target":["https:\/\/admin.industriall-union.org\/es\/afiliados-a-industriall-respaldan-cambios-al-nuevo-t-mec\/"]}]},{"@type":"BreadcrumbList","@id":"https:\/\/admin.industriall-union.org\/es\/afiliados-a-industriall-respaldan-cambios-al-nuevo-t-mec\/#breadcrumb","itemListElement":[{"@type":"ListItem","position":1,"name":"Home","item":"https:\/\/admin.industriall-union.org\/es\/"},{"@type":"ListItem","position":2,"name":"Articles","item":"https:\/\/admin.industriall-union.org\/es\/article\/"},{"@type":"ListItem","position":3,"name":"Afiliados a IndustriALL respaldan cambios al nuevo T-MEC"}]},{"@type":"WebSite","@id":"https:\/\/admin.industriall-union.org\/es\/#website","url":"https:\/\/admin.industriall-union.org\/es\/","name":"industriall-union","description":"","potentialAction":[{"@type":"SearchAction","target":{"@type":"EntryPoint","urlTemplate":"https:\/\/admin.industriall-union.org\/es\/?s={search_term_string}"},"query-input":{"@type":"PropertyValueSpecification","valueRequired":true,"valueName":"search_term_string"}}],"inLanguage":"es-ES"}]}},"_links":{"self":[{"href":"https:\/\/admin.industriall-union.org\/es\/wp-json\/wp\/v2\/article\/159191","targetHints":{"allow":["GET"]}}],"collection":[{"href":"https:\/\/admin.industriall-union.org\/es\/wp-json\/wp\/v2\/article"}],"about":[{"href":"https:\/\/admin.industriall-union.org\/es\/wp-json\/wp\/v2\/types\/article"}],"wp:attachment":[{"href":"https:\/\/admin.industriall-union.org\/es\/wp-json\/wp\/v2\/media?parent=159191"}],"wp:term":[{"taxonomy":"issues","embeddable":true,"href":"https:\/\/admin.industriall-union.org\/es\/wp-json\/wp\/v2\/issues?post=159191"},{"taxonomy":"companies","embeddable":true,"href":"https:\/\/admin.industriall-union.org\/es\/wp-json\/wp\/v2\/companies?post=159191"},{"taxonomy":"regions","embeddable":true,"href":"https:\/\/admin.industriall-union.org\/es\/wp-json\/wp\/v2\/regions?post=159191"},{"taxonomy":"sectors","embeddable":true,"href":"https:\/\/admin.industriall-union.org\/es\/wp-json\/wp\/v2\/sectors?post=159191"},{"taxonomy":"article_tags","embeddable":true,"href":"https:\/\/admin.industriall-union.org\/es\/wp-json\/wp\/v2\/article_tags?post=159191"}],"curies":[{"name":"wp","href":"https:\/\/api.w.org\/{rel}","templated":true}]}}