{"id":159116,"date":"2020-01-28T10:38:58","date_gmt":"2020-01-28T10:38:58","guid":{"rendered":"https:\/\/admin.industriall-union.org\/industriall-y-michelin-firman-un-acuerdo-para-crear-un-comite-de-empresa-mundial\/"},"modified":"2025-02-03T10:18:52","modified_gmt":"2025-02-03T10:18:52","slug":"industriall-y-michelin-firman-un-acuerdo-para-crear-un-comite-de-empresa-mundial","status":"publish","type":"article","link":"https:\/\/admin.industriall-union.org\/es\/industriall-y-michelin-firman-un-acuerdo-para-crear-un-comite-de-empresa-mundial\/","title":{"rendered":"IndustriALL y Michelin firman un acuerdo para crear un comit\u00e9 de empresa mundial"},"content":{"rendered":"<p>El 27 de enero de 2020, Valter Sanches, secretario general de IndustriALL Global Union, y Florent Menegaux, director ejecutivo del Grupo Michelin, firmaron un acuerdo para establecer el Comit\u00e9 de Empresa Mundial de Michelin.<\/p><p>Para el Grupo Michelin, el acuerdo firmado con IndustriALL es un hito en un proceso impulsado desde hace varios a\u00f1os con el fin de fomentar un di\u00e1logo social abierto, constructivo y responsable en sus operaciones en todo el mundo.<\/p><p>El Comit\u00e9 de Empresa Mundial se cre\u00f3 para cumplir los siguientes objetivos:<\/p><ul><li>Crear una nueva plataforma para el di\u00e1logo social que represente a los empleados en los pa\u00edses en los que el Grupo opera.<\/li><li>Prepararse mejor para los cambios econ\u00f3micos, sociales y ambientales que afectan al Grupo Michelin en todo el mundo.<\/li><li>Mejorar el apoyo social necesario en todos los pa\u00edses a la luz de la transformaci\u00f3n econ\u00f3mica del Grupo.<\/li><\/ul><p>Por lo tanto, el Comit\u00e9 tendr\u00e1 las siguientes misiones:<\/p><ul><li>Compartir los resultados y objetivos estrat\u00e9gicos del Grupo de manera transparente con los trabajadores de todos los pa\u00edses en los que Michelin opera.<\/li><li>Ayudar a desarrollar, de forma conjunta, las pol\u00edticas clave para abordar las implicaciones sociales del Grupo en relaci\u00f3n con su transformaci\u00f3n, competitividad, protecci\u00f3n social, diversidad (especialmente la discapacidad y la inclusi\u00f3n), desarrollo sostenible, etc.<\/li><\/ul><p>El Comit\u00e9 de Empresa Mundial de Michelin estar\u00e1 encabezado por el secretario general del Grupo Michelin, Remi de Verdilhac. Durante el mes de febrero, se nombrar\u00e1n cincuenta miembros del comit\u00e9 para lograr una preparaci\u00f3n adecuada para su primera reuni\u00f3n, que est\u00e1 programada para el 1 de abril de este a\u00f1o en Clermont-Ferrand, Francia.<\/p><p>Con este acuerdo, Michelin reconoce la importancia de los convenios fundamentales de la OIT, los Principios rectores de las Naciones Unidas sobre empresas y derechos humanos y las Directrices de la OCDE para empresas multinacionales. El Grupo se compromete a apoyar y respetar los derechos humanos y a desarrollar una cultura de vigilancia respecto a este tema. En particular, Michelin se compromete a cumplir con los principios de libertad de asociaci\u00f3n y representaci\u00f3n de los empleados, as\u00ed como a proteger los derechos de los empleados y representantes sindicales.<\/p><p>El secretario general de IndustriALL Global Union, Valter Sanches, expres\u00f3:<\/p><blockquote><p>&ldquo;Los comit\u00e9s de empresa mundiales son una forma estrat\u00e9gica de involucrar a las empresas multinacionales en nuestro plan de acci\u00f3n. Michelin es un l\u00edder en su sector, y el Comit\u00e9 de Empresa Mundial es otro paso en el proceso de mejorar las relaciones industriales dentro del Grupo&rdquo;.<\/p><\/blockquote><p>El director ejecutivo del Grupo Michelin, Florent Menegaux, afirm\u00f3:<\/p><blockquote><p>&ldquo;El Comit\u00e9 de Empresa Mundial de Michelin nos permitir\u00e1 ir m\u00e1s lejos cuando se trate de fomentar el di\u00e1logo social y apoyar a los trabajadores a medida que la empresa evoluciona. Tambi\u00e9n nos ayudar\u00e1 a mejorar las condiciones de trabajo y fortalecer los derechos de nuestros trabajadores en todo el mundo&rdquo;.<\/p><\/blockquote>","protected":false},"featured_media":0,"template":"","issues":[407,425],"companies":[],"regions":[217],"sectors":[473],"article_tags":[521],"class_list":["post-159116","article","type-article","status-publish","hentry","issues-global-framework-agreements","issues-workers-rights","regions-france","sectors-rubber","article_tags-press-release"],"acf":[],"yoast_head":"<!-- This site is optimized with the Yoast SEO Premium plugin v27.1 (Yoast SEO v27.1) - https:\/\/yoast.com\/product\/yoast-seo-premium-wordpress\/ -->\n<title>IndustriALL y Michelin firman un acuerdo para crear un comit\u00e9 de empresa mundial - industriall-union<\/title>\n<meta name=\"description\" content=\"El 27 de enero de 2020, Valter Sanches, secretario general de IndustriALL Global Union, y Florent Menegaux, director ejecutivo del Grupo Michelin,\" \/>\n<meta name=\"robots\" content=\"index, follow, max-snippet:-1, max-image-preview:large, max-video-preview:-1\" \/>\n<link rel=\"canonical\" href=\"https:\/\/admin.industriall-union.org\/es\/industriall-y-michelin-firman-un-acuerdo-para-crear-un-comite-de-empresa-mundial\/\" \/>\n<meta property=\"og:locale\" content=\"es_ES\" \/>\n<meta property=\"og:type\" content=\"article\" \/>\n<meta property=\"og:title\" content=\"IndustriALL y Michelin firman un acuerdo para crear un comit\u00e9 de empresa mundial\" \/>\n<meta property=\"og:description\" content=\"El 27 de enero de 2020, Valter Sanches, secretario general de IndustriALL Global Union, y Florent Menegaux, director ejecutivo del Grupo Michelin,\" \/>\n<meta property=\"og:url\" content=\"https:\/\/admin.industriall-union.org\/es\/industriall-y-michelin-firman-un-acuerdo-para-crear-un-comite-de-empresa-mundial\/\" \/>\n<meta property=\"og:site_name\" content=\"industriall-union\" \/>\n<meta property=\"article:modified_time\" content=\"2025-02-03T10:18:52+00:00\" \/>\n<meta name=\"twitter:card\" content=\"summary_large_image\" \/>\n<meta name=\"twitter:label1\" content=\"Est. reading time\" \/>\n\t<meta name=\"twitter:data1\" content=\"2 minutes\" \/>\n<script type=\"application\/ld+json\" class=\"yoast-schema-graph\">{\"@context\":\"https:\/\/schema.org\",\"@graph\":[{\"@type\":\"WebPage\",\"@id\":\"https:\/\/admin.industriall-union.org\/es\/industriall-y-michelin-firman-un-acuerdo-para-crear-un-comite-de-empresa-mundial\/\",\"url\":\"https:\/\/admin.industriall-union.org\/es\/industriall-y-michelin-firman-un-acuerdo-para-crear-un-comite-de-empresa-mundial\/\",\"name\":\"IndustriALL y Michelin firman un acuerdo para crear un comit\u00e9 de empresa mundial - industriall-union\",\"isPartOf\":{\"@id\":\"https:\/\/admin.industriall-union.org\/#website\"},\"datePublished\":\"2020-01-28T10:38:58+00:00\",\"dateModified\":\"2025-02-03T10:18:52+00:00\",\"description\":\"El 27 de enero de 2020, Valter Sanches, secretario general de IndustriALL Global Union, y Florent Menegaux, director ejecutivo del Grupo Michelin,\",\"breadcrumb\":{\"@id\":\"https:\/\/admin.industriall-union.org\/es\/industriall-y-michelin-firman-un-acuerdo-para-crear-un-comite-de-empresa-mundial\/#breadcrumb\"},\"inLanguage\":\"es-ES\",\"potentialAction\":[{\"@type\":\"ReadAction\",\"target\":[\"https:\/\/admin.industriall-union.org\/es\/industriall-y-michelin-firman-un-acuerdo-para-crear-un-comite-de-empresa-mundial\/\"]}]},{\"@type\":\"BreadcrumbList\",\"@id\":\"https:\/\/admin.industriall-union.org\/es\/industriall-y-michelin-firman-un-acuerdo-para-crear-un-comite-de-empresa-mundial\/#breadcrumb\",\"itemListElement\":[{\"@type\":\"ListItem\",\"position\":1,\"name\":\"Home\",\"item\":\"https:\/\/admin.industriall-union.org\/\"},{\"@type\":\"ListItem\",\"position\":2,\"name\":\"Articles\",\"item\":\"https:\/\/admin.industriall-union.org\/article\/\"},{\"@type\":\"ListItem\",\"position\":3,\"name\":\"IndustriALL y Michelin firman un acuerdo para crear un comit\u00e9 de empresa mundial\"}]},{\"@type\":\"WebSite\",\"@id\":\"https:\/\/admin.industriall-union.org\/#website\",\"url\":\"https:\/\/admin.industriall-union.org\/\",\"name\":\"industriall-union\",\"description\":\"\",\"potentialAction\":[{\"@type\":\"SearchAction\",\"target\":{\"@type\":\"EntryPoint\",\"urlTemplate\":\"https:\/\/admin.industriall-union.org\/?s={search_term_string}\"},\"query-input\":{\"@type\":\"PropertyValueSpecification\",\"valueRequired\":true,\"valueName\":\"search_term_string\"}}],\"inLanguage\":\"es-ES\"}]}<\/script>\n<!-- \/ Yoast SEO Premium plugin. -->","yoast_head_json":{"title":"IndustriALL y Michelin firman un acuerdo para crear un comit\u00e9 de empresa mundial - industriall-union","description":"El 27 de enero de 2020, Valter Sanches, secretario general de IndustriALL Global Union, y Florent Menegaux, director ejecutivo del Grupo Michelin,","robots":{"index":"index","follow":"follow","max-snippet":"max-snippet:-1","max-image-preview":"max-image-preview:large","max-video-preview":"max-video-preview:-1"},"canonical":"https:\/\/admin.industriall-union.org\/es\/industriall-y-michelin-firman-un-acuerdo-para-crear-un-comite-de-empresa-mundial\/","og_locale":"es_ES","og_type":"article","og_title":"IndustriALL y Michelin firman un acuerdo para crear un comit\u00e9 de empresa mundial","og_description":"El 27 de enero de 2020, Valter Sanches, secretario general de IndustriALL Global Union, y Florent Menegaux, director ejecutivo del Grupo Michelin,","og_url":"https:\/\/admin.industriall-union.org\/es\/industriall-y-michelin-firman-un-acuerdo-para-crear-un-comite-de-empresa-mundial\/","og_site_name":"industriall-union","article_modified_time":"2025-02-03T10:18:52+00:00","twitter_card":"summary_large_image","twitter_misc":{"Est. reading time":"2 minutes"},"schema":{"@context":"https:\/\/schema.org","@graph":[{"@type":"WebPage","@id":"https:\/\/admin.industriall-union.org\/es\/industriall-y-michelin-firman-un-acuerdo-para-crear-un-comite-de-empresa-mundial\/","url":"https:\/\/admin.industriall-union.org\/es\/industriall-y-michelin-firman-un-acuerdo-para-crear-un-comite-de-empresa-mundial\/","name":"IndustriALL y Michelin firman un acuerdo para crear un comit\u00e9 de empresa mundial - industriall-union","isPartOf":{"@id":"https:\/\/admin.industriall-union.org\/#website"},"datePublished":"2020-01-28T10:38:58+00:00","dateModified":"2025-02-03T10:18:52+00:00","description":"El 27 de enero de 2020, Valter Sanches, secretario general de IndustriALL Global Union, y Florent Menegaux, director ejecutivo del Grupo Michelin,","breadcrumb":{"@id":"https:\/\/admin.industriall-union.org\/es\/industriall-y-michelin-firman-un-acuerdo-para-crear-un-comite-de-empresa-mundial\/#breadcrumb"},"inLanguage":"es-ES","potentialAction":[{"@type":"ReadAction","target":["https:\/\/admin.industriall-union.org\/es\/industriall-y-michelin-firman-un-acuerdo-para-crear-un-comite-de-empresa-mundial\/"]}]},{"@type":"BreadcrumbList","@id":"https:\/\/admin.industriall-union.org\/es\/industriall-y-michelin-firman-un-acuerdo-para-crear-un-comite-de-empresa-mundial\/#breadcrumb","itemListElement":[{"@type":"ListItem","position":1,"name":"Home","item":"https:\/\/admin.industriall-union.org\/"},{"@type":"ListItem","position":2,"name":"Articles","item":"https:\/\/admin.industriall-union.org\/article\/"},{"@type":"ListItem","position":3,"name":"IndustriALL y Michelin firman un acuerdo para crear un comit\u00e9 de empresa mundial"}]},{"@type":"WebSite","@id":"https:\/\/admin.industriall-union.org\/#website","url":"https:\/\/admin.industriall-union.org\/","name":"industriall-union","description":"","potentialAction":[{"@type":"SearchAction","target":{"@type":"EntryPoint","urlTemplate":"https:\/\/admin.industriall-union.org\/?s={search_term_string}"},"query-input":{"@type":"PropertyValueSpecification","valueRequired":true,"valueName":"search_term_string"}}],"inLanguage":"es-ES"}]}},"_links":{"self":[{"href":"https:\/\/admin.industriall-union.org\/es\/wp-json\/wp\/v2\/article\/159116","targetHints":{"allow":["GET"]}}],"collection":[{"href":"https:\/\/admin.industriall-union.org\/es\/wp-json\/wp\/v2\/article"}],"about":[{"href":"https:\/\/admin.industriall-union.org\/es\/wp-json\/wp\/v2\/types\/article"}],"wp:attachment":[{"href":"https:\/\/admin.industriall-union.org\/es\/wp-json\/wp\/v2\/media?parent=159116"}],"wp:term":[{"taxonomy":"issues","embeddable":true,"href":"https:\/\/admin.industriall-union.org\/es\/wp-json\/wp\/v2\/issues?post=159116"},{"taxonomy":"companies","embeddable":true,"href":"https:\/\/admin.industriall-union.org\/es\/wp-json\/wp\/v2\/companies?post=159116"},{"taxonomy":"regions","embeddable":true,"href":"https:\/\/admin.industriall-union.org\/es\/wp-json\/wp\/v2\/regions?post=159116"},{"taxonomy":"sectors","embeddable":true,"href":"https:\/\/admin.industriall-union.org\/es\/wp-json\/wp\/v2\/sectors?post=159116"},{"taxonomy":"article_tags","embeddable":true,"href":"https:\/\/admin.industriall-union.org\/es\/wp-json\/wp\/v2\/article_tags?post=159116"}],"curies":[{"name":"wp","href":"https:\/\/api.w.org\/{rel}","templated":true}]}}