{"id":159112,"date":"2020-01-30T09:40:31","date_gmt":"2020-01-30T09:40:31","guid":{"rendered":"https:\/\/admin.industriall-union.org\/pakistan-continua-la-crisis-de-seguridad-en-las-minas\/"},"modified":"2025-02-03T10:13:26","modified_gmt":"2025-02-03T10:13:26","slug":"pakistan-continua-la-crisis-de-seguridad-en-las-minas","status":"publish","type":"article","link":"https:\/\/admin.industriall-union.org\/es\/pakistan-continua-la-crisis-de-seguridad-en-las-minas\/","title":{"rendered":"Pakist\u00e1n: contin\u00faa la crisis de seguridad en las minas"},"content":{"rendered":"<p>El 27 de enero, un minero de carb\u00f3n falleci\u00f3 al ser golpeado por un carro lleno de carb\u00f3n en la zona de Duki, de la provincia de Baluchist\u00e1n. En la misma zona, unos d\u00edas antes, el 23 de enero, un trabajador muri\u00f3 y otros cinco quedaron atrapados en la mina despu\u00e9s de un deslizamiento de tierra.<\/p><p>Estos accidentes se dieron luego de un violento comienzo de a\u00f1o para los mineros de carb\u00f3n de Pakist\u00e1n.<br \/>El 3 de enero, un minero muri\u00f3 y dos resultaron gravemente heridos en el yacimiento de carb\u00f3n de Margat. Apenas una semana despu\u00e9s, el 12 de enero, dos j\u00f3venes mineros murieron en derrumbes de minas diferentes en Tirah y Darra Adamkhel.<\/p><p>El 15 de enero, un minero de carb\u00f3n se electrocut\u00f3 en el trabajo. El 21 de enero, dos mineros de carb\u00f3n murieron a causa del gas venenoso que inund\u00f3 la mina tras una explosi\u00f3n. A su vez, el 22 de enero, otro minero de carb\u00f3n perdi\u00f3 la vida debido a una descarga el\u00e9ctrica.<\/p><p>Glen Mpufane, el director de miner\u00eda de IndustriALL, declar\u00f3:<\/p><blockquote><p>&ldquo;Seg\u00fan los informes publicados en los medios de comunicaci\u00f3n, m\u00e1s de 430 trabajadores mineros de carb\u00f3n han muerto desde 2010, e incluso esto puede ser una subestimaci\u00f3n&rdquo;.<\/p><p>&ldquo;IndustriALL insta al gobierno de Pakist\u00e1n a ratificar y aplicar sin demora el Convenio 176 de la OIT sobre salud y seguridad en las minas. Ya es hora de que el gobierno de este pa\u00eds tome medidas concretas para detener las constantes muertes de los mineros de carb\u00f3n&rdquo;.<\/p><\/blockquote><p>IndustriALL est\u00e1 impulsando una<a href=\"http:\/\/www.industriall-union.org\/what-we-do\/ratify-ilo-c176\"> campa\u00f1a <\/a>para poner fin a<a href=\"http:\/\/www.industriall-union.org\/27-coalminers-killed-in-pakistan-so-far-in-2019\"> la crisis de seguridad en las minas de Pakist\u00e1n <\/a>y exhortando al gobierno del pa\u00eds a implementar urgentemente las medidas necesarias para mejorar la situaci\u00f3n de las minas en materia de seguridad.<\/p>","protected":false},"featured_media":0,"template":"","issues":[403,402,425],"companies":[],"regions":[182],"sectors":[495],"article_tags":[],"class_list":["post-159112","article","type-article","status-publish","hentry","issues-convention-176-mine-safety","issues-health-and-safety","issues-workers-rights","regions-pakistan","sectors-mining"],"acf":[],"yoast_head":"<!-- This site is optimized with the Yoast SEO Premium plugin v27.1 (Yoast SEO v27.1) - https:\/\/yoast.com\/product\/yoast-seo-premium-wordpress\/ -->\n<title>Pakist\u00e1n: contin\u00faa la crisis de seguridad en las minas - industriall-union<\/title>\n<meta name=\"description\" content=\"El 27 de enero, un minero de carb\u00f3n falleci\u00f3 al ser golpeado por un carro lleno de carb\u00f3n en la zona de Duki, de la provincia de Baluchist\u00e1n. En la misma\" \/>\n<meta name=\"robots\" content=\"index, follow, max-snippet:-1, max-image-preview:large, max-video-preview:-1\" \/>\n<link rel=\"canonical\" href=\"https:\/\/admin.industriall-union.org\/es\/pakistan-continua-la-crisis-de-seguridad-en-las-minas\/\" \/>\n<meta property=\"og:locale\" content=\"es_ES\" \/>\n<meta property=\"og:type\" content=\"article\" \/>\n<meta property=\"og:title\" content=\"Pakist\u00e1n: contin\u00faa la crisis de seguridad en las minas\" \/>\n<meta property=\"og:description\" content=\"El 27 de enero, un minero de carb\u00f3n falleci\u00f3 al ser golpeado por un carro lleno de carb\u00f3n en la zona de Duki, de la provincia de Baluchist\u00e1n. En la misma\" \/>\n<meta property=\"og:url\" content=\"https:\/\/admin.industriall-union.org\/es\/pakistan-continua-la-crisis-de-seguridad-en-las-minas\/\" \/>\n<meta property=\"og:site_name\" content=\"industriall-union\" \/>\n<meta property=\"article:modified_time\" content=\"2025-02-03T10:13:26+00:00\" \/>\n<meta name=\"twitter:card\" content=\"summary_large_image\" \/>\n<meta name=\"twitter:label1\" content=\"Est. reading time\" \/>\n\t<meta name=\"twitter:data1\" content=\"2 minutes\" \/>\n<script type=\"application\/ld+json\" class=\"yoast-schema-graph\">{\"@context\":\"https:\/\/schema.org\",\"@graph\":[{\"@type\":\"WebPage\",\"@id\":\"https:\/\/admin.industriall-union.org\/es\/pakistan-continua-la-crisis-de-seguridad-en-las-minas\/\",\"url\":\"https:\/\/admin.industriall-union.org\/es\/pakistan-continua-la-crisis-de-seguridad-en-las-minas\/\",\"name\":\"Pakist\u00e1n: contin\u00faa la crisis de seguridad en las minas - industriall-union\",\"isPartOf\":{\"@id\":\"https:\/\/admin.industriall-union.org\/#website\"},\"datePublished\":\"2020-01-30T09:40:31+00:00\",\"dateModified\":\"2025-02-03T10:13:26+00:00\",\"description\":\"El 27 de enero, un minero de carb\u00f3n falleci\u00f3 al ser golpeado por un carro lleno de carb\u00f3n en la zona de Duki, de la provincia de Baluchist\u00e1n. En la misma\",\"breadcrumb\":{\"@id\":\"https:\/\/admin.industriall-union.org\/es\/pakistan-continua-la-crisis-de-seguridad-en-las-minas\/#breadcrumb\"},\"inLanguage\":\"es-ES\",\"potentialAction\":[{\"@type\":\"ReadAction\",\"target\":[\"https:\/\/admin.industriall-union.org\/es\/pakistan-continua-la-crisis-de-seguridad-en-las-minas\/\"]}]},{\"@type\":\"BreadcrumbList\",\"@id\":\"https:\/\/admin.industriall-union.org\/es\/pakistan-continua-la-crisis-de-seguridad-en-las-minas\/#breadcrumb\",\"itemListElement\":[{\"@type\":\"ListItem\",\"position\":1,\"name\":\"Home\",\"item\":\"https:\/\/admin.industriall-union.org\/\"},{\"@type\":\"ListItem\",\"position\":2,\"name\":\"Articles\",\"item\":\"https:\/\/admin.industriall-union.org\/article\/\"},{\"@type\":\"ListItem\",\"position\":3,\"name\":\"Pakist\u00e1n: contin\u00faa la crisis de seguridad en las minas\"}]},{\"@type\":\"WebSite\",\"@id\":\"https:\/\/admin.industriall-union.org\/#website\",\"url\":\"https:\/\/admin.industriall-union.org\/\",\"name\":\"industriall-union\",\"description\":\"\",\"potentialAction\":[{\"@type\":\"SearchAction\",\"target\":{\"@type\":\"EntryPoint\",\"urlTemplate\":\"https:\/\/admin.industriall-union.org\/?s={search_term_string}\"},\"query-input\":{\"@type\":\"PropertyValueSpecification\",\"valueRequired\":true,\"valueName\":\"search_term_string\"}}],\"inLanguage\":\"es-ES\"}]}<\/script>\n<!-- \/ Yoast SEO Premium plugin. -->","yoast_head_json":{"title":"Pakist\u00e1n: contin\u00faa la crisis de seguridad en las minas - industriall-union","description":"El 27 de enero, un minero de carb\u00f3n falleci\u00f3 al ser golpeado por un carro lleno de carb\u00f3n en la zona de Duki, de la provincia de Baluchist\u00e1n. En la misma","robots":{"index":"index","follow":"follow","max-snippet":"max-snippet:-1","max-image-preview":"max-image-preview:large","max-video-preview":"max-video-preview:-1"},"canonical":"https:\/\/admin.industriall-union.org\/es\/pakistan-continua-la-crisis-de-seguridad-en-las-minas\/","og_locale":"es_ES","og_type":"article","og_title":"Pakist\u00e1n: contin\u00faa la crisis de seguridad en las minas","og_description":"El 27 de enero, un minero de carb\u00f3n falleci\u00f3 al ser golpeado por un carro lleno de carb\u00f3n en la zona de Duki, de la provincia de Baluchist\u00e1n. En la misma","og_url":"https:\/\/admin.industriall-union.org\/es\/pakistan-continua-la-crisis-de-seguridad-en-las-minas\/","og_site_name":"industriall-union","article_modified_time":"2025-02-03T10:13:26+00:00","twitter_card":"summary_large_image","twitter_misc":{"Est. reading time":"2 minutes"},"schema":{"@context":"https:\/\/schema.org","@graph":[{"@type":"WebPage","@id":"https:\/\/admin.industriall-union.org\/es\/pakistan-continua-la-crisis-de-seguridad-en-las-minas\/","url":"https:\/\/admin.industriall-union.org\/es\/pakistan-continua-la-crisis-de-seguridad-en-las-minas\/","name":"Pakist\u00e1n: contin\u00faa la crisis de seguridad en las minas - industriall-union","isPartOf":{"@id":"https:\/\/admin.industriall-union.org\/#website"},"datePublished":"2020-01-30T09:40:31+00:00","dateModified":"2025-02-03T10:13:26+00:00","description":"El 27 de enero, un minero de carb\u00f3n falleci\u00f3 al ser golpeado por un carro lleno de carb\u00f3n en la zona de Duki, de la provincia de Baluchist\u00e1n. En la misma","breadcrumb":{"@id":"https:\/\/admin.industriall-union.org\/es\/pakistan-continua-la-crisis-de-seguridad-en-las-minas\/#breadcrumb"},"inLanguage":"es-ES","potentialAction":[{"@type":"ReadAction","target":["https:\/\/admin.industriall-union.org\/es\/pakistan-continua-la-crisis-de-seguridad-en-las-minas\/"]}]},{"@type":"BreadcrumbList","@id":"https:\/\/admin.industriall-union.org\/es\/pakistan-continua-la-crisis-de-seguridad-en-las-minas\/#breadcrumb","itemListElement":[{"@type":"ListItem","position":1,"name":"Home","item":"https:\/\/admin.industriall-union.org\/"},{"@type":"ListItem","position":2,"name":"Articles","item":"https:\/\/admin.industriall-union.org\/article\/"},{"@type":"ListItem","position":3,"name":"Pakist\u00e1n: contin\u00faa la crisis de seguridad en las minas"}]},{"@type":"WebSite","@id":"https:\/\/admin.industriall-union.org\/#website","url":"https:\/\/admin.industriall-union.org\/","name":"industriall-union","description":"","potentialAction":[{"@type":"SearchAction","target":{"@type":"EntryPoint","urlTemplate":"https:\/\/admin.industriall-union.org\/?s={search_term_string}"},"query-input":{"@type":"PropertyValueSpecification","valueRequired":true,"valueName":"search_term_string"}}],"inLanguage":"es-ES"}]}},"_links":{"self":[{"href":"https:\/\/admin.industriall-union.org\/es\/wp-json\/wp\/v2\/article\/159112","targetHints":{"allow":["GET"]}}],"collection":[{"href":"https:\/\/admin.industriall-union.org\/es\/wp-json\/wp\/v2\/article"}],"about":[{"href":"https:\/\/admin.industriall-union.org\/es\/wp-json\/wp\/v2\/types\/article"}],"wp:attachment":[{"href":"https:\/\/admin.industriall-union.org\/es\/wp-json\/wp\/v2\/media?parent=159112"}],"wp:term":[{"taxonomy":"issues","embeddable":true,"href":"https:\/\/admin.industriall-union.org\/es\/wp-json\/wp\/v2\/issues?post=159112"},{"taxonomy":"companies","embeddable":true,"href":"https:\/\/admin.industriall-union.org\/es\/wp-json\/wp\/v2\/companies?post=159112"},{"taxonomy":"regions","embeddable":true,"href":"https:\/\/admin.industriall-union.org\/es\/wp-json\/wp\/v2\/regions?post=159112"},{"taxonomy":"sectors","embeddable":true,"href":"https:\/\/admin.industriall-union.org\/es\/wp-json\/wp\/v2\/sectors?post=159112"},{"taxonomy":"article_tags","embeddable":true,"href":"https:\/\/admin.industriall-union.org\/es\/wp-json\/wp\/v2\/article_tags?post=159112"}],"curies":[{"name":"wp","href":"https:\/\/api.w.org\/{rel}","templated":true}]}}