{"id":159102,"date":"2020-01-30T17:53:15","date_gmt":"2020-01-30T17:53:15","guid":{"rendered":"https:\/\/admin.industriall-union.org\/unifor-mantiene-el-bloqueo-de-la-refineria-mientras-el-cierre-patronal-se-acerca-al-segundo-mes\/"},"modified":"2025-02-03T10:11:06","modified_gmt":"2025-02-03T10:11:06","slug":"unifor-mantiene-el-bloqueo-de-la-refineria-mientras-el-cierre-patronal-se-acerca-al-segundo-mes","status":"publish","type":"article","link":"https:\/\/admin.industriall-union.org\/es\/unifor-mantiene-el-bloqueo-de-la-refineria-mientras-el-cierre-patronal-se-acerca-al-segundo-mes\/","title":{"rendered":"Unifor mantiene el bloqueo de la refiner\u00eda mientras el cierre patronal se acerca al segundo mes"},"content":{"rendered":"<p>La refiner\u00eda es propiedad de Federated Co-operatives Limited (FCL), que ha tratado de mantener la planta en funcionamiento y de proteger los suministros de combustible para las cooperativas locales, en el oeste de Canad\u00e1, vali\u00e9ndose de esquiroles y, en ocasiones, de helic\u00f3pteros para transportar suministros y personal. Los miembros del sindicato bloquearon las puertas de la refiner\u00eda e intentaron detener el tr\u00e1fico. FCL ha intentado romper el bloqueo con \u00f3rdenes judiciales que los miembros del sindicato han desafiado.<\/p><p>Despu\u00e9s de que el sindicato se neg\u00f3 a aceptar una rebaja importante del plan de pensiones, las negociaciones se interrumpieron y, el 5 de diciembre, se impuso un cierre patronal a los trabajadores. Unifor, un sindicato afiliado a IndustriALL con 315.000 miembros, sostiene que FCL, que report\u00f3 una ganancia de 959 millones de d\u00f3lares canadienses en 2019, puede permitirse mantener el plan de pensiones actual.<\/p><figure class=\"imageArticle imageFull\"><img decoding=\"async\" alt=\"\" src=\"\/wp-content\/uploads\/images\/2020\/CANADA\/Coop_refinery\/81354022_2120388638064519_1822309925968150528_o.jpg\" style=\"width: 1200px;height: 801px\" \/><figcaption class=\"imageContent\"><div class=\"imageTitle\"><h1><em>&nbsp;Los miembros de Unifor bloquean la refiner\u00eda<\/em><\/h1><\/div><div class=\"imageCaption\"><p>Foto: Unifor 594<\/p><\/div><\/figcaption><\/figure><p>Unifor, que est\u00e1 pidiendo un boicot a las empresas cooperativas, llam\u00f3 a sus miembros a apoyar el piquete y bloquear la refiner\u00eda. Se establecieron piquetes secundarios en empresas cooperativas en todo el oeste de Canad\u00e1. FCL obtuvo una orden judicial contra el sindicato, con lo que pudo limitar el bloqueo a per\u00edodos de diez minutos. El 20 de enero, el presidente nacional de Unifor, Jerry Dias, y otros 13 miembros y funcionarios sindicales fueron arrestados por participar en un bloqueo que la polic\u00eda calific\u00f3 de ilegal.<\/p><p>M\u00e1s tarde, los sindicalistas arrestados fueron puestos en libertad y actualmente est\u00e1n esperando por el juicio. El secretario general de IndustriALL, Valter Sanches, envi\u00f3 <a href=\"\/wp-content\/uploads\/documents\/2020\/CANADA\/industriall_global_union_in_solidarity_with_locked-out_unifor_local_594_members_at_co-op_refinery_in_regina_22-01-2020.pdf\">una carta<\/a> a Jerry Dias, en la que expres\u00f3:<\/p><blockquote><p>&ldquo;IndustriALL Global Union insta a la polic\u00eda de Regina a que se abstenga de recurrir a t\u00e1cticas de mano dura, que han implicado el arresto de miembros de Unifor que se manifestaban pac\u00edficamente. La polic\u00eda debe respetar plenamente el derecho de los trabajadores a manifestarse en contra del comportamiento vergonzoso de la refiner\u00eda cooperativa&rdquo;.<\/p><\/blockquote><p>Despu\u00e9s de otro incidente, Unifor fue declarado en desacato a una orden judicial y recibi\u00f3 una multa de CAD 100.000. El sindicato expres\u00f3 su rechazo al arresto no provocado de sus miembros por parte de la polic\u00eda y al apoyo que los pol\u00edticos de derecha del partido de gobierno de Saskatchewan le han brindado al empleador.<\/p><figure class=\"imageArticle imageFull\"><img decoding=\"async\" alt=\"\" src=\"\/wp-content\/uploads\/images\/2020\/CANADA\/Coop_refinery\/78788309_2067107703392613_5849844473328041984_o.jpg\" style=\"width: 1001px;height: 667px\" \/><figcaption class=\"imageContent\"><div class=\"imageCaption\"><p>Foto: Unifor 594<\/p><\/div><\/figcaption><\/figure><p>El 29 de enero, Unifor recibi\u00f3 otra orden de desacato por causa de los bloqueos. El sindicato anunci\u00f3 que retirar\u00eda los bloqueos si FCL volv\u00eda a la mesa de negociaciones. La empresa acept\u00f3, y se program\u00f3 una reuni\u00f3n para el 31 de enero.<\/p><p>Jerry Dias expres\u00f3:<\/p><blockquote><p>&ldquo;Unifor siempre ha estado profundamente comprometido con la negociaci\u00f3n de contratos justos para los trabajadores de la refiner\u00eda, pero esta es la primera acci\u00f3n que hemos visto que sugiere que FCL est\u00e1 interesada en llegar a un acuerdo&rdquo;.<\/p><\/blockquote><p>El secretario general adjunto de IndustriALL, Kemal \u00d6zkan, expres\u00f3:<\/p><blockquote><p>&ldquo;Se supone que las cooperativas deben ofrecer un modelo de negocios diferente, basado en el respeto a la comunidad y el compromiso a la cooperaci\u00f3n. Pero a trav\u00e9s de su comportamiento, FCL est\u00e1 demostrando que es tan mala como cualquier multinacional antisindical&rdquo;.<\/p><p>&ldquo;FCL puede permitirse pagar a sus trabajadores una pensi\u00f3n decente. Debe volver a la mesa de negociaciones y llegar a un acuerdo con Unifor&rdquo;.<\/p><\/blockquote><figure class=\"imageArticle imageFull\"><img decoding=\"async\" alt=\"\" src=\"\/wp-content\/uploads\/images\/2020\/CANADA\/Coop_refinery\/79116030_2067106833392700_8872652605260562432_o.jpg\" style=\"width: 1001px;height: 667px\" \/><figcaption class=\"imageContent\"><div class=\"imageCaption\"><p>Foto: Unifor 594<\/p><\/div><\/figcaption><\/figure>","protected":false},"featured_media":0,"template":"","issues":[],"companies":[],"regions":[309,308],"sectors":[483],"article_tags":[],"class_list":["post-159102","article","type-article","status-publish","hentry","regions-canada","regions-north-america","sectors-energy-oil-gas-electricity-and-nuclear"],"acf":[],"yoast_head":"<!-- This site is optimized with the Yoast SEO Premium plugin v27.1 (Yoast SEO v27.1) - https:\/\/yoast.com\/product\/yoast-seo-premium-wordpress\/ -->\n<title>Unifor mantiene el bloqueo de la refiner\u00eda mientras el cierre patronal se acerca al segundo mes - industriall-union<\/title>\n<meta name=\"description\" content=\"La refiner\u00eda es propiedad de Federated Co-operatives Limited (FCL), que ha tratado de mantener la planta en funcionamiento y de proteger los suministros\" \/>\n<meta name=\"robots\" content=\"index, follow, max-snippet:-1, max-image-preview:large, max-video-preview:-1\" \/>\n<link rel=\"canonical\" href=\"https:\/\/admin.industriall-union.org\/es\/unifor-mantiene-el-bloqueo-de-la-refineria-mientras-el-cierre-patronal-se-acerca-al-segundo-mes\/\" \/>\n<meta property=\"og:locale\" content=\"es_ES\" \/>\n<meta property=\"og:type\" content=\"article\" \/>\n<meta property=\"og:title\" content=\"Unifor mantiene el bloqueo de la refiner\u00eda mientras el cierre patronal se acerca al segundo mes\" \/>\n<meta property=\"og:description\" content=\"La refiner\u00eda es propiedad de Federated Co-operatives Limited (FCL), que ha tratado de mantener la planta en funcionamiento y de proteger los suministros\" \/>\n<meta property=\"og:url\" content=\"https:\/\/admin.industriall-union.org\/es\/unifor-mantiene-el-bloqueo-de-la-refineria-mientras-el-cierre-patronal-se-acerca-al-segundo-mes\/\" \/>\n<meta property=\"og:site_name\" content=\"industriall-union\" \/>\n<meta property=\"article:modified_time\" content=\"2025-02-03T10:11:06+00:00\" \/>\n<meta name=\"twitter:card\" content=\"summary_large_image\" \/>\n<meta name=\"twitter:label1\" content=\"Est. reading time\" \/>\n\t<meta name=\"twitter:data1\" content=\"3 minutes\" \/>\n<script type=\"application\/ld+json\" class=\"yoast-schema-graph\">{\"@context\":\"https:\/\/schema.org\",\"@graph\":[{\"@type\":\"WebPage\",\"@id\":\"https:\/\/admin.industriall-union.org\/es\/unifor-mantiene-el-bloqueo-de-la-refineria-mientras-el-cierre-patronal-se-acerca-al-segundo-mes\/\",\"url\":\"https:\/\/admin.industriall-union.org\/es\/unifor-mantiene-el-bloqueo-de-la-refineria-mientras-el-cierre-patronal-se-acerca-al-segundo-mes\/\",\"name\":\"Unifor mantiene el bloqueo de la refiner\u00eda mientras el cierre patronal se acerca al segundo mes - industriall-union\",\"isPartOf\":{\"@id\":\"https:\/\/admin.industriall-union.org\/#website\"},\"datePublished\":\"2020-01-30T17:53:15+00:00\",\"dateModified\":\"2025-02-03T10:11:06+00:00\",\"description\":\"La refiner\u00eda es propiedad de Federated Co-operatives Limited (FCL), que ha tratado de mantener la planta en funcionamiento y de proteger los suministros\",\"breadcrumb\":{\"@id\":\"https:\/\/admin.industriall-union.org\/es\/unifor-mantiene-el-bloqueo-de-la-refineria-mientras-el-cierre-patronal-se-acerca-al-segundo-mes\/#breadcrumb\"},\"inLanguage\":\"es-ES\",\"potentialAction\":[{\"@type\":\"ReadAction\",\"target\":[\"https:\/\/admin.industriall-union.org\/es\/unifor-mantiene-el-bloqueo-de-la-refineria-mientras-el-cierre-patronal-se-acerca-al-segundo-mes\/\"]}]},{\"@type\":\"BreadcrumbList\",\"@id\":\"https:\/\/admin.industriall-union.org\/es\/unifor-mantiene-el-bloqueo-de-la-refineria-mientras-el-cierre-patronal-se-acerca-al-segundo-mes\/#breadcrumb\",\"itemListElement\":[{\"@type\":\"ListItem\",\"position\":1,\"name\":\"Home\",\"item\":\"https:\/\/admin.industriall-union.org\/\"},{\"@type\":\"ListItem\",\"position\":2,\"name\":\"Articles\",\"item\":\"https:\/\/admin.industriall-union.org\/article\/\"},{\"@type\":\"ListItem\",\"position\":3,\"name\":\"Unifor mantiene el bloqueo de la refiner\u00eda mientras el cierre patronal se acerca al segundo mes\"}]},{\"@type\":\"WebSite\",\"@id\":\"https:\/\/admin.industriall-union.org\/#website\",\"url\":\"https:\/\/admin.industriall-union.org\/\",\"name\":\"industriall-union\",\"description\":\"\",\"potentialAction\":[{\"@type\":\"SearchAction\",\"target\":{\"@type\":\"EntryPoint\",\"urlTemplate\":\"https:\/\/admin.industriall-union.org\/?s={search_term_string}\"},\"query-input\":{\"@type\":\"PropertyValueSpecification\",\"valueRequired\":true,\"valueName\":\"search_term_string\"}}],\"inLanguage\":\"es-ES\"}]}<\/script>\n<!-- \/ Yoast SEO Premium plugin. -->","yoast_head_json":{"title":"Unifor mantiene el bloqueo de la refiner\u00eda mientras el cierre patronal se acerca al segundo mes - industriall-union","description":"La refiner\u00eda es propiedad de Federated Co-operatives Limited (FCL), que ha tratado de mantener la planta en funcionamiento y de proteger los suministros","robots":{"index":"index","follow":"follow","max-snippet":"max-snippet:-1","max-image-preview":"max-image-preview:large","max-video-preview":"max-video-preview:-1"},"canonical":"https:\/\/admin.industriall-union.org\/es\/unifor-mantiene-el-bloqueo-de-la-refineria-mientras-el-cierre-patronal-se-acerca-al-segundo-mes\/","og_locale":"es_ES","og_type":"article","og_title":"Unifor mantiene el bloqueo de la refiner\u00eda mientras el cierre patronal se acerca al segundo mes","og_description":"La refiner\u00eda es propiedad de Federated Co-operatives Limited (FCL), que ha tratado de mantener la planta en funcionamiento y de proteger los suministros","og_url":"https:\/\/admin.industriall-union.org\/es\/unifor-mantiene-el-bloqueo-de-la-refineria-mientras-el-cierre-patronal-se-acerca-al-segundo-mes\/","og_site_name":"industriall-union","article_modified_time":"2025-02-03T10:11:06+00:00","twitter_card":"summary_large_image","twitter_misc":{"Est. reading time":"3 minutes"},"schema":{"@context":"https:\/\/schema.org","@graph":[{"@type":"WebPage","@id":"https:\/\/admin.industriall-union.org\/es\/unifor-mantiene-el-bloqueo-de-la-refineria-mientras-el-cierre-patronal-se-acerca-al-segundo-mes\/","url":"https:\/\/admin.industriall-union.org\/es\/unifor-mantiene-el-bloqueo-de-la-refineria-mientras-el-cierre-patronal-se-acerca-al-segundo-mes\/","name":"Unifor mantiene el bloqueo de la refiner\u00eda mientras el cierre patronal se acerca al segundo mes - industriall-union","isPartOf":{"@id":"https:\/\/admin.industriall-union.org\/#website"},"datePublished":"2020-01-30T17:53:15+00:00","dateModified":"2025-02-03T10:11:06+00:00","description":"La refiner\u00eda es propiedad de Federated Co-operatives Limited (FCL), que ha tratado de mantener la planta en funcionamiento y de proteger los suministros","breadcrumb":{"@id":"https:\/\/admin.industriall-union.org\/es\/unifor-mantiene-el-bloqueo-de-la-refineria-mientras-el-cierre-patronal-se-acerca-al-segundo-mes\/#breadcrumb"},"inLanguage":"es-ES","potentialAction":[{"@type":"ReadAction","target":["https:\/\/admin.industriall-union.org\/es\/unifor-mantiene-el-bloqueo-de-la-refineria-mientras-el-cierre-patronal-se-acerca-al-segundo-mes\/"]}]},{"@type":"BreadcrumbList","@id":"https:\/\/admin.industriall-union.org\/es\/unifor-mantiene-el-bloqueo-de-la-refineria-mientras-el-cierre-patronal-se-acerca-al-segundo-mes\/#breadcrumb","itemListElement":[{"@type":"ListItem","position":1,"name":"Home","item":"https:\/\/admin.industriall-union.org\/"},{"@type":"ListItem","position":2,"name":"Articles","item":"https:\/\/admin.industriall-union.org\/article\/"},{"@type":"ListItem","position":3,"name":"Unifor mantiene el bloqueo de la refiner\u00eda mientras el cierre patronal se acerca al segundo mes"}]},{"@type":"WebSite","@id":"https:\/\/admin.industriall-union.org\/#website","url":"https:\/\/admin.industriall-union.org\/","name":"industriall-union","description":"","potentialAction":[{"@type":"SearchAction","target":{"@type":"EntryPoint","urlTemplate":"https:\/\/admin.industriall-union.org\/?s={search_term_string}"},"query-input":{"@type":"PropertyValueSpecification","valueRequired":true,"valueName":"search_term_string"}}],"inLanguage":"es-ES"}]}},"_links":{"self":[{"href":"https:\/\/admin.industriall-union.org\/es\/wp-json\/wp\/v2\/article\/159102","targetHints":{"allow":["GET"]}}],"collection":[{"href":"https:\/\/admin.industriall-union.org\/es\/wp-json\/wp\/v2\/article"}],"about":[{"href":"https:\/\/admin.industriall-union.org\/es\/wp-json\/wp\/v2\/types\/article"}],"wp:attachment":[{"href":"https:\/\/admin.industriall-union.org\/es\/wp-json\/wp\/v2\/media?parent=159102"}],"wp:term":[{"taxonomy":"issues","embeddable":true,"href":"https:\/\/admin.industriall-union.org\/es\/wp-json\/wp\/v2\/issues?post=159102"},{"taxonomy":"companies","embeddable":true,"href":"https:\/\/admin.industriall-union.org\/es\/wp-json\/wp\/v2\/companies?post=159102"},{"taxonomy":"regions","embeddable":true,"href":"https:\/\/admin.industriall-union.org\/es\/wp-json\/wp\/v2\/regions?post=159102"},{"taxonomy":"sectors","embeddable":true,"href":"https:\/\/admin.industriall-union.org\/es\/wp-json\/wp\/v2\/sectors?post=159102"},{"taxonomy":"article_tags","embeddable":true,"href":"https:\/\/admin.industriall-union.org\/es\/wp-json\/wp\/v2\/article_tags?post=159102"}],"curies":[{"name":"wp","href":"https:\/\/api.w.org\/{rel}","templated":true}]}}