{"id":158961,"date":"2020-03-05T09:21:25","date_gmt":"2020-03-05T09:21:25","guid":{"rendered":"https:\/\/admin.industriall-union.org\/construccion-de-poder-sindical-en-el-sudeste-de-europa\/"},"modified":"2025-02-03T09:33:47","modified_gmt":"2025-02-03T09:33:47","slug":"construccion-de-poder-sindical-en-el-sudeste-de-europa","status":"publish","type":"article","link":"https:\/\/admin.industriall-union.org\/es\/construccion-de-poder-sindical-en-el-sudeste-de-europa\/","title":{"rendered":"Construcci\u00f3n de poder sindical en el sudeste de Europa"},"content":{"rendered":"<p>De los 600.000 trabajadores registrados del sector textil, de la confecci\u00f3n y el calzado en el sudeste de Europa, pocos est\u00e1n sindicalizados y las condiciones de trabajo son precarias. Por lo tanto, es urgente la construcci\u00f3n de poder sindical para asegurar un salario digno y lugares de trabajo m\u00e1s saludables y m\u00e1s seguros para estos trabajadores.<\/p><p>Esto significa empoderar a los sindicatos en la planificaci\u00f3n, dise\u00f1o e implementaci\u00f3n de una campa\u00f1a de sindicalizaci\u00f3n. A pesar de los numerosos desaf\u00edos, existen oportunidades para el crecimiento de los sindicatos.<\/p><p>La gu\u00eda es resultado de diversos proyectos de sindicalizaci\u00f3n llevados a cabo en el sudeste de Europa. Proporciona una visi\u00f3n general del sector textil en todo el mundo y en el sudeste europeo, con especial \u00e9nfasis en acuerdos marco globales (GFA) y la iniciativa <a href=\"https:\/\/actonlivingwages.com\/\" target=\"_parent\">ACT<\/a> para abordar el tema de los salarios dignos en el sector. Diversas grandes marcas con un GFA operan en la regi\u00f3n a trav\u00e9s de sus cadenas de suministro.<\/p><p>La gu\u00eda tambi\u00e9n establece diversas etapas para preparar, llevar a cabo y ganar una campa\u00f1a de sindicalizaci\u00f3n. Las etapas est\u00e1n acompa\u00f1adas de recursos adicionales, tales como el modo de investigar una empresa, una lista de verificaci\u00f3n para identificar los problemas correctos.<\/p><p>Kemal \u00d6zkan, el secretario general adjunto de IndustriALL Global Union, expres\u00f3:<\/p><blockquote><p>&ldquo;Sindicalizar no es f\u00e1cil, pero, como lo demuestran los ejemplos que se presentan en esta gu\u00eda, construir poder sindical en las f\u00e1bricas textiles, de la confecci\u00f3n y el calzado es posible. Requiere determinaci\u00f3n, inventiva y planificaci\u00f3n estrat\u00e9gica&rdquo;,<\/p><\/blockquote><p>La gu\u00eda est\u00e1 dirigida principalmente a sindicatos textiles en el sudeste de Europa, pero puede usarse tambi\u00e9n para otros sectores y regiones.<\/p><p>Luc Triangle, secretario general de industriAll Europe declar\u00f3:<\/p><blockquote><p>&ldquo;Estamos muy animados por el \u00e9xito de nuestro proyecto. Como resultado del proyecto, se sindicalizaron unos 6.500 nuevos miembros en el sector textil en el sudeste de Europa. Se firmaron 36 convenios de negociaci\u00f3n colectiva a nivel empresarial y 1 convenio colectivo sectorial en Bulgaria y se iniciaron conversaciones sobre convenios sectoriales en Albania y Croacia. Esperamos que la nueva gu\u00eda pr\u00e1ctica ayude a muchos m\u00e1s afiliados a realizar campa\u00f1as de sindicalizaci\u00f3n exitosas&rdquo;.<\/p><\/blockquote><p>La gu\u00eda se produce como parte de un proyecto financiado por la UE, &ldquo;Fortalecimiento de la capacidad de los sindicatos en el sudeste de Europa para mejorar los salarios y las condiciones de trabajo en los sectores de la confecci\u00f3n y el calzado&rdquo;, que se lleva a cabo en cooperaci\u00f3n entre IndustriALL Global Union e industriAll European Trade Union. Participaron en el proyecto sindicatos de siete pa\u00edses; Albania, Bulgaria, Croacia, Macedonia del Norte, Montenegro, Rumania y| Serbia.<\/p>","protected":false},"featured_media":0,"template":"","issues":[396],"companies":[],"regions":[202],"sectors":[464],"article_tags":[],"class_list":["post-158961","article","type-article","status-publish","hentry","issues-building-strong-unions","regions-europe","sectors-textile-leather-garment-shoes-and-textile-services"],"acf":[],"yoast_head":"<!-- This site is optimized with the Yoast SEO Premium plugin v27.1 (Yoast SEO v27.1) - https:\/\/yoast.com\/product\/yoast-seo-premium-wordpress\/ -->\n<title>Construcci\u00f3n de poder sindical en el sudeste de Europa - industriall-union<\/title>\n<meta name=\"description\" content=\"De los 600.000 trabajadores registrados del sector textil, de la confecci\u00f3n y el calzado en el sudeste de Europa, pocos est\u00e1n sindicalizados y las\" \/>\n<meta name=\"robots\" content=\"index, follow, max-snippet:-1, max-image-preview:large, max-video-preview:-1\" \/>\n<link rel=\"canonical\" href=\"https:\/\/admin.industriall-union.org\/es\/construccion-de-poder-sindical-en-el-sudeste-de-europa\/\" \/>\n<meta property=\"og:locale\" content=\"es_ES\" \/>\n<meta property=\"og:type\" content=\"article\" \/>\n<meta property=\"og:title\" content=\"Construcci\u00f3n de poder sindical en el sudeste de Europa\" \/>\n<meta property=\"og:description\" content=\"De los 600.000 trabajadores registrados del sector textil, de la confecci\u00f3n y el calzado en el sudeste de Europa, pocos est\u00e1n sindicalizados y las\" \/>\n<meta property=\"og:url\" content=\"https:\/\/admin.industriall-union.org\/es\/construccion-de-poder-sindical-en-el-sudeste-de-europa\/\" \/>\n<meta property=\"og:site_name\" content=\"industriall-union\" \/>\n<meta property=\"article:modified_time\" content=\"2025-02-03T09:33:47+00:00\" \/>\n<meta name=\"twitter:card\" content=\"summary_large_image\" \/>\n<meta name=\"twitter:label1\" content=\"Est. reading time\" \/>\n\t<meta name=\"twitter:data1\" content=\"2 minutes\" \/>\n<script type=\"application\/ld+json\" class=\"yoast-schema-graph\">{\"@context\":\"https:\/\/schema.org\",\"@graph\":[{\"@type\":\"WebPage\",\"@id\":\"https:\/\/admin.industriall-union.org\/es\/construccion-de-poder-sindical-en-el-sudeste-de-europa\/\",\"url\":\"https:\/\/admin.industriall-union.org\/es\/construccion-de-poder-sindical-en-el-sudeste-de-europa\/\",\"name\":\"Construcci\u00f3n de poder sindical en el sudeste de Europa - industriall-union\",\"isPartOf\":{\"@id\":\"https:\/\/admin.industriall-union.org\/#website\"},\"datePublished\":\"2020-03-05T09:21:25+00:00\",\"dateModified\":\"2025-02-03T09:33:47+00:00\",\"description\":\"De los 600.000 trabajadores registrados del sector textil, de la confecci\u00f3n y el calzado en el sudeste de Europa, pocos est\u00e1n sindicalizados y las\",\"breadcrumb\":{\"@id\":\"https:\/\/admin.industriall-union.org\/es\/construccion-de-poder-sindical-en-el-sudeste-de-europa\/#breadcrumb\"},\"inLanguage\":\"es-ES\",\"potentialAction\":[{\"@type\":\"ReadAction\",\"target\":[\"https:\/\/admin.industriall-union.org\/es\/construccion-de-poder-sindical-en-el-sudeste-de-europa\/\"]}]},{\"@type\":\"BreadcrumbList\",\"@id\":\"https:\/\/admin.industriall-union.org\/es\/construccion-de-poder-sindical-en-el-sudeste-de-europa\/#breadcrumb\",\"itemListElement\":[{\"@type\":\"ListItem\",\"position\":1,\"name\":\"Home\",\"item\":\"https:\/\/admin.industriall-union.org\/\"},{\"@type\":\"ListItem\",\"position\":2,\"name\":\"Articles\",\"item\":\"https:\/\/admin.industriall-union.org\/article\/\"},{\"@type\":\"ListItem\",\"position\":3,\"name\":\"Construcci\u00f3n de poder sindical en el sudeste de Europa\"}]},{\"@type\":\"WebSite\",\"@id\":\"https:\/\/admin.industriall-union.org\/#website\",\"url\":\"https:\/\/admin.industriall-union.org\/\",\"name\":\"industriall-union\",\"description\":\"\",\"potentialAction\":[{\"@type\":\"SearchAction\",\"target\":{\"@type\":\"EntryPoint\",\"urlTemplate\":\"https:\/\/admin.industriall-union.org\/?s={search_term_string}\"},\"query-input\":{\"@type\":\"PropertyValueSpecification\",\"valueRequired\":true,\"valueName\":\"search_term_string\"}}],\"inLanguage\":\"es-ES\"}]}<\/script>\n<!-- \/ Yoast SEO Premium plugin. -->","yoast_head_json":{"title":"Construcci\u00f3n de poder sindical en el sudeste de Europa - industriall-union","description":"De los 600.000 trabajadores registrados del sector textil, de la confecci\u00f3n y el calzado en el sudeste de Europa, pocos est\u00e1n sindicalizados y las","robots":{"index":"index","follow":"follow","max-snippet":"max-snippet:-1","max-image-preview":"max-image-preview:large","max-video-preview":"max-video-preview:-1"},"canonical":"https:\/\/admin.industriall-union.org\/es\/construccion-de-poder-sindical-en-el-sudeste-de-europa\/","og_locale":"es_ES","og_type":"article","og_title":"Construcci\u00f3n de poder sindical en el sudeste de Europa","og_description":"De los 600.000 trabajadores registrados del sector textil, de la confecci\u00f3n y el calzado en el sudeste de Europa, pocos est\u00e1n sindicalizados y las","og_url":"https:\/\/admin.industriall-union.org\/es\/construccion-de-poder-sindical-en-el-sudeste-de-europa\/","og_site_name":"industriall-union","article_modified_time":"2025-02-03T09:33:47+00:00","twitter_card":"summary_large_image","twitter_misc":{"Est. reading time":"2 minutes"},"schema":{"@context":"https:\/\/schema.org","@graph":[{"@type":"WebPage","@id":"https:\/\/admin.industriall-union.org\/es\/construccion-de-poder-sindical-en-el-sudeste-de-europa\/","url":"https:\/\/admin.industriall-union.org\/es\/construccion-de-poder-sindical-en-el-sudeste-de-europa\/","name":"Construcci\u00f3n de poder sindical en el sudeste de Europa - industriall-union","isPartOf":{"@id":"https:\/\/admin.industriall-union.org\/#website"},"datePublished":"2020-03-05T09:21:25+00:00","dateModified":"2025-02-03T09:33:47+00:00","description":"De los 600.000 trabajadores registrados del sector textil, de la confecci\u00f3n y el calzado en el sudeste de Europa, pocos est\u00e1n sindicalizados y las","breadcrumb":{"@id":"https:\/\/admin.industriall-union.org\/es\/construccion-de-poder-sindical-en-el-sudeste-de-europa\/#breadcrumb"},"inLanguage":"es-ES","potentialAction":[{"@type":"ReadAction","target":["https:\/\/admin.industriall-union.org\/es\/construccion-de-poder-sindical-en-el-sudeste-de-europa\/"]}]},{"@type":"BreadcrumbList","@id":"https:\/\/admin.industriall-union.org\/es\/construccion-de-poder-sindical-en-el-sudeste-de-europa\/#breadcrumb","itemListElement":[{"@type":"ListItem","position":1,"name":"Home","item":"https:\/\/admin.industriall-union.org\/"},{"@type":"ListItem","position":2,"name":"Articles","item":"https:\/\/admin.industriall-union.org\/article\/"},{"@type":"ListItem","position":3,"name":"Construcci\u00f3n de poder sindical en el sudeste de Europa"}]},{"@type":"WebSite","@id":"https:\/\/admin.industriall-union.org\/#website","url":"https:\/\/admin.industriall-union.org\/","name":"industriall-union","description":"","potentialAction":[{"@type":"SearchAction","target":{"@type":"EntryPoint","urlTemplate":"https:\/\/admin.industriall-union.org\/?s={search_term_string}"},"query-input":{"@type":"PropertyValueSpecification","valueRequired":true,"valueName":"search_term_string"}}],"inLanguage":"es-ES"}]}},"_links":{"self":[{"href":"https:\/\/admin.industriall-union.org\/es\/wp-json\/wp\/v2\/article\/158961","targetHints":{"allow":["GET"]}}],"collection":[{"href":"https:\/\/admin.industriall-union.org\/es\/wp-json\/wp\/v2\/article"}],"about":[{"href":"https:\/\/admin.industriall-union.org\/es\/wp-json\/wp\/v2\/types\/article"}],"wp:attachment":[{"href":"https:\/\/admin.industriall-union.org\/es\/wp-json\/wp\/v2\/media?parent=158961"}],"wp:term":[{"taxonomy":"issues","embeddable":true,"href":"https:\/\/admin.industriall-union.org\/es\/wp-json\/wp\/v2\/issues?post=158961"},{"taxonomy":"companies","embeddable":true,"href":"https:\/\/admin.industriall-union.org\/es\/wp-json\/wp\/v2\/companies?post=158961"},{"taxonomy":"regions","embeddable":true,"href":"https:\/\/admin.industriall-union.org\/es\/wp-json\/wp\/v2\/regions?post=158961"},{"taxonomy":"sectors","embeddable":true,"href":"https:\/\/admin.industriall-union.org\/es\/wp-json\/wp\/v2\/sectors?post=158961"},{"taxonomy":"article_tags","embeddable":true,"href":"https:\/\/admin.industriall-union.org\/es\/wp-json\/wp\/v2\/article_tags?post=158961"}],"curies":[{"name":"wp","href":"https:\/\/api.w.org\/{rel}","templated":true}]}}