{"id":158735,"date":"2020-04-23T13:55:44","date_gmt":"2020-04-23T13:55:44","guid":{"rendered":"https:\/\/admin.industriall-union.org\/unase-al-seminario-web-de-industriall-el-28-de-abril\/"},"modified":"2025-01-31T06:27:58","modified_gmt":"2025-01-31T06:27:58","slug":"unase-al-seminario-web-de-industriall-el-28-de-abril","status":"publish","type":"article","link":"https:\/\/admin.industriall-union.org\/es\/unase-al-seminario-web-de-industriall-el-28-de-abril\/","title":{"rendered":"\u00danase al seminario web de IndustriALL el 28 de abril"},"content":{"rendered":"<p>En el D\u00eda Internacional en Memoria de los Trabajadores Fallecidos y Heridos, el secretario general de IndustriALL, Valter Sanches, y el secretario general adjunto, Kemal Ozkan, compartir\u00e1n los \u00faltimos consejos sobre el Covid-19 en el mundo del trabajo.<br \/><br \/>El seminario web se transmitir\u00e1 en vivo en esta p\u00e1gina de Facebook.<\/p><p><a href=\"https:\/\/www.facebook.com\/events\/221009915663214\/\"><img decoding=\"async\" alt=\"\" src=\"\/wp-content\/uploads\/documents\/Covid-19\/webinarspa.png\" style=\"width: 500px\" \/><\/a><br \/><br \/>Luego de la presentaci\u00f3n, responder\u00e1n comentarios y preguntas. Puedes hacer tus preguntas ahora, comentando la publicaci\u00f3n, o durante la transmisi\u00f3n en vivo<\/p>","protected":false},"featured_media":0,"template":"","issues":[362,402],"companies":[],"regions":[],"sectors":[],"article_tags":[],"class_list":["post-158735","article","type-article","status-publish","hentry","issues-covid-19","issues-health-and-safety"],"acf":[],"yoast_head":"<!-- This site is optimized with the Yoast SEO Premium plugin v27.1 (Yoast SEO v27.1) - https:\/\/yoast.com\/product\/yoast-seo-premium-wordpress\/ -->\n<title>\u00danase al seminario web de IndustriALL el 28 de abril - industriall-union<\/title>\n<meta name=\"description\" content=\"En el D\u00eda Internacional en Memoria de los Trabajadores Fallecidos y Heridos, el secretario general de IndustriALL, Valter Sanches, y el secretario general\" \/>\n<meta name=\"robots\" content=\"index, follow, max-snippet:-1, max-image-preview:large, max-video-preview:-1\" \/>\n<link rel=\"canonical\" href=\"https:\/\/admin.industriall-union.org\/es\/unase-al-seminario-web-de-industriall-el-28-de-abril\/\" \/>\n<meta property=\"og:locale\" content=\"es_ES\" \/>\n<meta property=\"og:type\" content=\"article\" \/>\n<meta property=\"og:title\" content=\"\u00danase al seminario web de IndustriALL el 28 de abril\" \/>\n<meta property=\"og:description\" content=\"En el D\u00eda Internacional en Memoria de los Trabajadores Fallecidos y Heridos, el secretario general de IndustriALL, Valter Sanches, y el secretario general\" \/>\n<meta property=\"og:url\" content=\"https:\/\/admin.industriall-union.org\/es\/unase-al-seminario-web-de-industriall-el-28-de-abril\/\" \/>\n<meta property=\"og:site_name\" content=\"industriall-union\" \/>\n<meta property=\"article:modified_time\" content=\"2025-01-31T06:27:58+00:00\" \/>\n<meta name=\"twitter:card\" content=\"summary_large_image\" \/>\n<script type=\"application\/ld+json\" class=\"yoast-schema-graph\">{\"@context\":\"https:\/\/schema.org\",\"@graph\":[{\"@type\":\"WebPage\",\"@id\":\"https:\/\/admin.industriall-union.org\/es\/unase-al-seminario-web-de-industriall-el-28-de-abril\/\",\"url\":\"https:\/\/admin.industriall-union.org\/es\/unase-al-seminario-web-de-industriall-el-28-de-abril\/\",\"name\":\"\u00danase al seminario web de IndustriALL el 28 de abril - industriall-union\",\"isPartOf\":{\"@id\":\"https:\/\/admin.industriall-union.org\/ru\/#website\"},\"datePublished\":\"2020-04-23T13:55:44+00:00\",\"dateModified\":\"2025-01-31T06:27:58+00:00\",\"description\":\"En el D\u00eda Internacional en Memoria de los Trabajadores Fallecidos y Heridos, el secretario general de IndustriALL, Valter Sanches, y el secretario general\",\"breadcrumb\":{\"@id\":\"https:\/\/admin.industriall-union.org\/es\/unase-al-seminario-web-de-industriall-el-28-de-abril\/#breadcrumb\"},\"inLanguage\":\"es-ES\",\"potentialAction\":[{\"@type\":\"ReadAction\",\"target\":[\"https:\/\/admin.industriall-union.org\/es\/unase-al-seminario-web-de-industriall-el-28-de-abril\/\"]}]},{\"@type\":\"BreadcrumbList\",\"@id\":\"https:\/\/admin.industriall-union.org\/es\/unase-al-seminario-web-de-industriall-el-28-de-abril\/#breadcrumb\",\"itemListElement\":[{\"@type\":\"ListItem\",\"position\":1,\"name\":\"Home\",\"item\":\"https:\/\/admin.industriall-union.org\/ru\/\"},{\"@type\":\"ListItem\",\"position\":2,\"name\":\"Articles\",\"item\":\"https:\/\/admin.industriall-union.org\/ru\/article\/\"},{\"@type\":\"ListItem\",\"position\":3,\"name\":\"\u00danase al seminario web de IndustriALL el 28 de abril\"}]},{\"@type\":\"WebSite\",\"@id\":\"https:\/\/admin.industriall-union.org\/ru\/#website\",\"url\":\"https:\/\/admin.industriall-union.org\/ru\/\",\"name\":\"industriall-union\",\"description\":\"\",\"potentialAction\":[{\"@type\":\"SearchAction\",\"target\":{\"@type\":\"EntryPoint\",\"urlTemplate\":\"https:\/\/admin.industriall-union.org\/ru\/?s={search_term_string}\"},\"query-input\":{\"@type\":\"PropertyValueSpecification\",\"valueRequired\":true,\"valueName\":\"search_term_string\"}}],\"inLanguage\":\"es-ES\"}]}<\/script>\n<!-- \/ Yoast SEO Premium plugin. -->","yoast_head_json":{"title":"\u00danase al seminario web de IndustriALL el 28 de abril - industriall-union","description":"En el D\u00eda Internacional en Memoria de los Trabajadores Fallecidos y Heridos, el secretario general de IndustriALL, Valter Sanches, y el secretario general","robots":{"index":"index","follow":"follow","max-snippet":"max-snippet:-1","max-image-preview":"max-image-preview:large","max-video-preview":"max-video-preview:-1"},"canonical":"https:\/\/admin.industriall-union.org\/es\/unase-al-seminario-web-de-industriall-el-28-de-abril\/","og_locale":"es_ES","og_type":"article","og_title":"\u00danase al seminario web de IndustriALL el 28 de abril","og_description":"En el D\u00eda Internacional en Memoria de los Trabajadores Fallecidos y Heridos, el secretario general de IndustriALL, Valter Sanches, y el secretario general","og_url":"https:\/\/admin.industriall-union.org\/es\/unase-al-seminario-web-de-industriall-el-28-de-abril\/","og_site_name":"industriall-union","article_modified_time":"2025-01-31T06:27:58+00:00","twitter_card":"summary_large_image","schema":{"@context":"https:\/\/schema.org","@graph":[{"@type":"WebPage","@id":"https:\/\/admin.industriall-union.org\/es\/unase-al-seminario-web-de-industriall-el-28-de-abril\/","url":"https:\/\/admin.industriall-union.org\/es\/unase-al-seminario-web-de-industriall-el-28-de-abril\/","name":"\u00danase al seminario web de IndustriALL el 28 de abril - industriall-union","isPartOf":{"@id":"https:\/\/admin.industriall-union.org\/ru\/#website"},"datePublished":"2020-04-23T13:55:44+00:00","dateModified":"2025-01-31T06:27:58+00:00","description":"En el D\u00eda Internacional en Memoria de los Trabajadores Fallecidos y Heridos, el secretario general de IndustriALL, Valter Sanches, y el secretario general","breadcrumb":{"@id":"https:\/\/admin.industriall-union.org\/es\/unase-al-seminario-web-de-industriall-el-28-de-abril\/#breadcrumb"},"inLanguage":"es-ES","potentialAction":[{"@type":"ReadAction","target":["https:\/\/admin.industriall-union.org\/es\/unase-al-seminario-web-de-industriall-el-28-de-abril\/"]}]},{"@type":"BreadcrumbList","@id":"https:\/\/admin.industriall-union.org\/es\/unase-al-seminario-web-de-industriall-el-28-de-abril\/#breadcrumb","itemListElement":[{"@type":"ListItem","position":1,"name":"Home","item":"https:\/\/admin.industriall-union.org\/ru\/"},{"@type":"ListItem","position":2,"name":"Articles","item":"https:\/\/admin.industriall-union.org\/ru\/article\/"},{"@type":"ListItem","position":3,"name":"\u00danase al seminario web de IndustriALL el 28 de abril"}]},{"@type":"WebSite","@id":"https:\/\/admin.industriall-union.org\/ru\/#website","url":"https:\/\/admin.industriall-union.org\/ru\/","name":"industriall-union","description":"","potentialAction":[{"@type":"SearchAction","target":{"@type":"EntryPoint","urlTemplate":"https:\/\/admin.industriall-union.org\/ru\/?s={search_term_string}"},"query-input":{"@type":"PropertyValueSpecification","valueRequired":true,"valueName":"search_term_string"}}],"inLanguage":"es-ES"}]}},"_links":{"self":[{"href":"https:\/\/admin.industriall-union.org\/es\/wp-json\/wp\/v2\/article\/158735","targetHints":{"allow":["GET"]}}],"collection":[{"href":"https:\/\/admin.industriall-union.org\/es\/wp-json\/wp\/v2\/article"}],"about":[{"href":"https:\/\/admin.industriall-union.org\/es\/wp-json\/wp\/v2\/types\/article"}],"wp:attachment":[{"href":"https:\/\/admin.industriall-union.org\/es\/wp-json\/wp\/v2\/media?parent=158735"}],"wp:term":[{"taxonomy":"issues","embeddable":true,"href":"https:\/\/admin.industriall-union.org\/es\/wp-json\/wp\/v2\/issues?post=158735"},{"taxonomy":"companies","embeddable":true,"href":"https:\/\/admin.industriall-union.org\/es\/wp-json\/wp\/v2\/companies?post=158735"},{"taxonomy":"regions","embeddable":true,"href":"https:\/\/admin.industriall-union.org\/es\/wp-json\/wp\/v2\/regions?post=158735"},{"taxonomy":"sectors","embeddable":true,"href":"https:\/\/admin.industriall-union.org\/es\/wp-json\/wp\/v2\/sectors?post=158735"},{"taxonomy":"article_tags","embeddable":true,"href":"https:\/\/admin.industriall-union.org\/es\/wp-json\/wp\/v2\/article_tags?post=158735"}],"curies":[{"name":"wp","href":"https:\/\/api.w.org\/{rel}","templated":true}]}}