{"id":158691,"date":"2020-05-04T07:12:05","date_gmt":"2020-05-04T07:12:05","guid":{"rendered":"https:\/\/admin.industriall-union.org\/el-gobierno-de-bangladesh-debe-proteger-a-los-trabajadores-de-los-impactos-de-la-covid-19\/"},"modified":"2025-01-31T04:38:19","modified_gmt":"2025-01-31T04:38:19","slug":"el-gobierno-de-bangladesh-debe-proteger-a-los-trabajadores-de-los-impactos-de-la-covid-19","status":"publish","type":"article","link":"https:\/\/admin.industriall-union.org\/es\/el-gobierno-de-bangladesh-debe-proteger-a-los-trabajadores-de-los-impactos-de-la-covid-19\/","title":{"rendered":"El gobierno de Bangladesh debe proteger a los trabajadores de los impactos de la COVID-19"},"content":{"rendered":"<p>Con el fin de contener r\u00e1pidamente la propagaci\u00f3n de la COVID-19 en Bangladesh, el gobierno declar\u00f3 asueto general del 26 de marzo al 4 de abril, situaci\u00f3n que luego se extendi\u00f3 hasta el 14 de abril. El confinamiento, con algunas excepciones, se ha extendido a\u00fan m\u00e1s: hasta el 3 de mayo.<\/p><p>La confusi\u00f3n previa al cierre general <a href=\"http:\/\/admin.industriall-union.org\/massive-crisis-for-bangladesh-garment-workers\" target=\"_parent\">provoc\u00f3 estr\u00e9s y p\u00e1nico<\/a>, ya que una gran cantidad de trabajadores, en su mayor\u00eda mujeres, no fueron remunerados, miles fueron despedidos y muchos se dispusieron a salir de Daca a pie y en medios de transporte peligrosos.<\/p><p>A pesar del confinamiento, muchas f\u00e1bricas est\u00e1n funcionando actualmente, lo que expone a los empleados a contraer la infecci\u00f3n. Los trabajadores han llevado a cabo manifestaciones para exigir el pago de los salarios durante este per\u00edodo.<\/p><p>Seg\u00fan la Asociaci\u00f3n de Fabricantes y Exportadores de Ropa de Bangladesh (BGMEA), se han cancelado o suspendido pedidos de exportaci\u00f3n de 982 millones de piezas, por un valor de US$ 3180 millones. Esto afecta a 2,28 millones de trabajadores en 1150 f\u00e1bricas. A medida que avanzan las acciones globales para apoyar a la industria de la confecci\u00f3n, la crisis en este pa\u00eds empeora.<\/p><p>El secretario general de IndustriALL, Valter Sanches, expres\u00f3 preocupaciones importantes sobre la salud, la seguridad y los impactos econ\u00f3micos y sociales de la COVID-19 sobre los trabajadores de Bangladesh:<\/p><blockquote><p>&ldquo;Ning\u00fan trabajador, en ninguna industria, debe ser despedido o cesado durante el per\u00edodo de confinamiento. Se debe remunerar \u00edntegramente a todos los trabajadores sin ninguna deducci\u00f3n salarial y el bono por el festival de Eid se debe pagar antes del 15 de mayo. Es necesario que el gobierno consulte a los sindicatos y establezca un comit\u00e9 tripartito para monitorear y evaluar la situaci\u00f3n y recomendar los pasos a seguir seg\u00fan sea necesario&rdquo;.<\/p><p>&ldquo;El gobierno debe garantizar que los propietarios de las f\u00e1bricas proporcionen desinfectantes para manos, jab\u00f3n y EPP para los trabajadores. En caso de que se diagnostique el coronavirus a los trabajadores, debe realizarse su tratamiento sin costo alguno&rdquo;.<\/p><\/blockquote><p>En una carta a la delegaci\u00f3n europea en Daca, el IBC se\u00f1al\u00f3 que, seg\u00fan informes preliminares, m\u00e1s de 500.000 trabajadores de la confecci\u00f3n no recibir\u00e1n ning\u00fan pago por los despidos injustos en curso, lo que conducir\u00e1 a una crisis social masiva.<\/p><p>China Rahman, secretaria general del IBC, expres\u00f3:<\/p><blockquote><p>&ldquo;Instamos a la delegaci\u00f3n de la UE a brindar una posible financiaci\u00f3n a los trabajadores de Bangladesh y asegurar que ninguna marca o comprador posponga o cancele los pedidos de trabajo y que se paguen las sumas adeudadas a los proveedores. Para evitar la crisis humanitaria, el gobierno, las marcas y los empleadores deben asumir la responsabilidad compartida de garantizar que se paguen los salarios y prestaciones de los trabajadores, que se preserven sus empleos y reciban protecci\u00f3n social&rdquo;.<\/p><\/blockquote>","protected":false},"featured_media":0,"template":"","issues":[362,402,425],"companies":[],"regions":[159],"sectors":[465],"article_tags":[],"class_list":["post-158691","article","type-article","status-publish","hentry","issues-covid-19","issues-health-and-safety","issues-workers-rights","regions-bangladesh","sectors-garment"],"acf":[],"yoast_head":"<!-- This site is optimized with the Yoast SEO Premium plugin v27.1 (Yoast SEO v27.1) - https:\/\/yoast.com\/product\/yoast-seo-premium-wordpress\/ -->\n<title>El gobierno de Bangladesh debe proteger a los trabajadores de los impactos de la COVID-19 - industriall-union<\/title>\n<meta name=\"description\" content=\"Con el fin de contener r\u00e1pidamente la propagaci\u00f3n de la COVID-19 en Bangladesh, el gobierno declar\u00f3 asueto general del 26 de marzo al 4 de abril,\" \/>\n<meta name=\"robots\" content=\"index, follow, max-snippet:-1, max-image-preview:large, max-video-preview:-1\" \/>\n<link rel=\"canonical\" href=\"https:\/\/admin.industriall-union.org\/es\/el-gobierno-de-bangladesh-debe-proteger-a-los-trabajadores-de-los-impactos-de-la-covid-19\/\" \/>\n<meta property=\"og:locale\" content=\"es_ES\" \/>\n<meta property=\"og:type\" content=\"article\" \/>\n<meta property=\"og:title\" content=\"El gobierno de Bangladesh debe proteger a los trabajadores de los impactos de la COVID-19\" \/>\n<meta property=\"og:description\" content=\"Con el fin de contener r\u00e1pidamente la propagaci\u00f3n de la COVID-19 en Bangladesh, el gobierno declar\u00f3 asueto general del 26 de marzo al 4 de abril,\" \/>\n<meta property=\"og:url\" content=\"https:\/\/admin.industriall-union.org\/es\/el-gobierno-de-bangladesh-debe-proteger-a-los-trabajadores-de-los-impactos-de-la-covid-19\/\" \/>\n<meta property=\"og:site_name\" content=\"industriall-union\" \/>\n<meta property=\"article:modified_time\" content=\"2025-01-31T04:38:19+00:00\" \/>\n<meta name=\"twitter:card\" content=\"summary_large_image\" \/>\n<meta name=\"twitter:label1\" content=\"Est. reading time\" \/>\n\t<meta name=\"twitter:data1\" content=\"2 minutes\" \/>\n<script type=\"application\/ld+json\" class=\"yoast-schema-graph\">{\"@context\":\"https:\/\/schema.org\",\"@graph\":[{\"@type\":\"WebPage\",\"@id\":\"https:\/\/admin.industriall-union.org\/es\/el-gobierno-de-bangladesh-debe-proteger-a-los-trabajadores-de-los-impactos-de-la-covid-19\/\",\"url\":\"https:\/\/admin.industriall-union.org\/es\/el-gobierno-de-bangladesh-debe-proteger-a-los-trabajadores-de-los-impactos-de-la-covid-19\/\",\"name\":\"El gobierno de Bangladesh debe proteger a los trabajadores de los impactos de la COVID-19 - industriall-union\",\"isPartOf\":{\"@id\":\"https:\/\/admin.industriall-union.org\/#website\"},\"datePublished\":\"2020-05-04T07:12:05+00:00\",\"dateModified\":\"2025-01-31T04:38:19+00:00\",\"description\":\"Con el fin de contener r\u00e1pidamente la propagaci\u00f3n de la COVID-19 en Bangladesh, el gobierno declar\u00f3 asueto general del 26 de marzo al 4 de abril,\",\"breadcrumb\":{\"@id\":\"https:\/\/admin.industriall-union.org\/es\/el-gobierno-de-bangladesh-debe-proteger-a-los-trabajadores-de-los-impactos-de-la-covid-19\/#breadcrumb\"},\"inLanguage\":\"es-ES\",\"potentialAction\":[{\"@type\":\"ReadAction\",\"target\":[\"https:\/\/admin.industriall-union.org\/es\/el-gobierno-de-bangladesh-debe-proteger-a-los-trabajadores-de-los-impactos-de-la-covid-19\/\"]}]},{\"@type\":\"BreadcrumbList\",\"@id\":\"https:\/\/admin.industriall-union.org\/es\/el-gobierno-de-bangladesh-debe-proteger-a-los-trabajadores-de-los-impactos-de-la-covid-19\/#breadcrumb\",\"itemListElement\":[{\"@type\":\"ListItem\",\"position\":1,\"name\":\"Home\",\"item\":\"https:\/\/admin.industriall-union.org\/\"},{\"@type\":\"ListItem\",\"position\":2,\"name\":\"Articles\",\"item\":\"https:\/\/admin.industriall-union.org\/article\/\"},{\"@type\":\"ListItem\",\"position\":3,\"name\":\"El gobierno de Bangladesh debe proteger a los trabajadores de los impactos de la COVID-19\"}]},{\"@type\":\"WebSite\",\"@id\":\"https:\/\/admin.industriall-union.org\/#website\",\"url\":\"https:\/\/admin.industriall-union.org\/\",\"name\":\"industriall-union\",\"description\":\"\",\"potentialAction\":[{\"@type\":\"SearchAction\",\"target\":{\"@type\":\"EntryPoint\",\"urlTemplate\":\"https:\/\/admin.industriall-union.org\/?s={search_term_string}\"},\"query-input\":{\"@type\":\"PropertyValueSpecification\",\"valueRequired\":true,\"valueName\":\"search_term_string\"}}],\"inLanguage\":\"es-ES\"}]}<\/script>\n<!-- \/ Yoast SEO Premium plugin. -->","yoast_head_json":{"title":"El gobierno de Bangladesh debe proteger a los trabajadores de los impactos de la COVID-19 - industriall-union","description":"Con el fin de contener r\u00e1pidamente la propagaci\u00f3n de la COVID-19 en Bangladesh, el gobierno declar\u00f3 asueto general del 26 de marzo al 4 de abril,","robots":{"index":"index","follow":"follow","max-snippet":"max-snippet:-1","max-image-preview":"max-image-preview:large","max-video-preview":"max-video-preview:-1"},"canonical":"https:\/\/admin.industriall-union.org\/es\/el-gobierno-de-bangladesh-debe-proteger-a-los-trabajadores-de-los-impactos-de-la-covid-19\/","og_locale":"es_ES","og_type":"article","og_title":"El gobierno de Bangladesh debe proteger a los trabajadores de los impactos de la COVID-19","og_description":"Con el fin de contener r\u00e1pidamente la propagaci\u00f3n de la COVID-19 en Bangladesh, el gobierno declar\u00f3 asueto general del 26 de marzo al 4 de abril,","og_url":"https:\/\/admin.industriall-union.org\/es\/el-gobierno-de-bangladesh-debe-proteger-a-los-trabajadores-de-los-impactos-de-la-covid-19\/","og_site_name":"industriall-union","article_modified_time":"2025-01-31T04:38:19+00:00","twitter_card":"summary_large_image","twitter_misc":{"Est. reading time":"2 minutes"},"schema":{"@context":"https:\/\/schema.org","@graph":[{"@type":"WebPage","@id":"https:\/\/admin.industriall-union.org\/es\/el-gobierno-de-bangladesh-debe-proteger-a-los-trabajadores-de-los-impactos-de-la-covid-19\/","url":"https:\/\/admin.industriall-union.org\/es\/el-gobierno-de-bangladesh-debe-proteger-a-los-trabajadores-de-los-impactos-de-la-covid-19\/","name":"El gobierno de Bangladesh debe proteger a los trabajadores de los impactos de la COVID-19 - industriall-union","isPartOf":{"@id":"https:\/\/admin.industriall-union.org\/#website"},"datePublished":"2020-05-04T07:12:05+00:00","dateModified":"2025-01-31T04:38:19+00:00","description":"Con el fin de contener r\u00e1pidamente la propagaci\u00f3n de la COVID-19 en Bangladesh, el gobierno declar\u00f3 asueto general del 26 de marzo al 4 de abril,","breadcrumb":{"@id":"https:\/\/admin.industriall-union.org\/es\/el-gobierno-de-bangladesh-debe-proteger-a-los-trabajadores-de-los-impactos-de-la-covid-19\/#breadcrumb"},"inLanguage":"es-ES","potentialAction":[{"@type":"ReadAction","target":["https:\/\/admin.industriall-union.org\/es\/el-gobierno-de-bangladesh-debe-proteger-a-los-trabajadores-de-los-impactos-de-la-covid-19\/"]}]},{"@type":"BreadcrumbList","@id":"https:\/\/admin.industriall-union.org\/es\/el-gobierno-de-bangladesh-debe-proteger-a-los-trabajadores-de-los-impactos-de-la-covid-19\/#breadcrumb","itemListElement":[{"@type":"ListItem","position":1,"name":"Home","item":"https:\/\/admin.industriall-union.org\/"},{"@type":"ListItem","position":2,"name":"Articles","item":"https:\/\/admin.industriall-union.org\/article\/"},{"@type":"ListItem","position":3,"name":"El gobierno de Bangladesh debe proteger a los trabajadores de los impactos de la COVID-19"}]},{"@type":"WebSite","@id":"https:\/\/admin.industriall-union.org\/#website","url":"https:\/\/admin.industriall-union.org\/","name":"industriall-union","description":"","potentialAction":[{"@type":"SearchAction","target":{"@type":"EntryPoint","urlTemplate":"https:\/\/admin.industriall-union.org\/?s={search_term_string}"},"query-input":{"@type":"PropertyValueSpecification","valueRequired":true,"valueName":"search_term_string"}}],"inLanguage":"es-ES"}]}},"_links":{"self":[{"href":"https:\/\/admin.industriall-union.org\/es\/wp-json\/wp\/v2\/article\/158691","targetHints":{"allow":["GET"]}}],"collection":[{"href":"https:\/\/admin.industriall-union.org\/es\/wp-json\/wp\/v2\/article"}],"about":[{"href":"https:\/\/admin.industriall-union.org\/es\/wp-json\/wp\/v2\/types\/article"}],"wp:attachment":[{"href":"https:\/\/admin.industriall-union.org\/es\/wp-json\/wp\/v2\/media?parent=158691"}],"wp:term":[{"taxonomy":"issues","embeddable":true,"href":"https:\/\/admin.industriall-union.org\/es\/wp-json\/wp\/v2\/issues?post=158691"},{"taxonomy":"companies","embeddable":true,"href":"https:\/\/admin.industriall-union.org\/es\/wp-json\/wp\/v2\/companies?post=158691"},{"taxonomy":"regions","embeddable":true,"href":"https:\/\/admin.industriall-union.org\/es\/wp-json\/wp\/v2\/regions?post=158691"},{"taxonomy":"sectors","embeddable":true,"href":"https:\/\/admin.industriall-union.org\/es\/wp-json\/wp\/v2\/sectors?post=158691"},{"taxonomy":"article_tags","embeddable":true,"href":"https:\/\/admin.industriall-union.org\/es\/wp-json\/wp\/v2\/article_tags?post=158691"}],"curies":[{"name":"wp","href":"https:\/\/api.w.org\/{rel}","templated":true}]}}