{"id":158681,"date":"2020-05-07T09:22:03","date_gmt":"2020-05-07T09:22:03","guid":{"rendered":"https:\/\/admin.industriall-union.org\/fortalecer-la-proteccion-social-en-indonesia\/"},"modified":"2025-01-31T04:08:19","modified_gmt":"2025-01-31T04:08:19","slug":"fortalecer-la-proteccion-social-en-indonesia","status":"publish","type":"article","link":"https:\/\/admin.industriall-union.org\/es\/fortalecer-la-proteccion-social-en-indonesia\/","title":{"rendered":"Fortalecer la protecci\u00f3n social en Indonesia"},"content":{"rendered":"<p>A mediados de abril, el Ministerio de Coordinaci\u00f3n de Asuntos Econ\u00f3micos de Indonesia revel\u00f3 que 2,8 millones de trabajadores hab\u00edan perdido sus empleos debido al cierre temporal de negocios durante el brote de la COVID-19, y que 1,4 millones de trabajadores solicitaron unirse al programa de la tarjeta de pre-empleo para recibir capacitaci\u00f3n y subsidios econ\u00f3micos.<\/p><p>El asombroso aumento del desempleo plantea un gran desaf\u00edo para el sistema de protecci\u00f3n social de Indonesia. Seg\u00fan el Informe Mundial de Protecci\u00f3n Social 2017-2019 de la OIT, el porcentaje del gasto en protecci\u00f3n social del pa\u00eds (excluida la salud) con respecto al PIB ha disminuido gradualmente desde el a\u00f1o 2000.<br \/>&nbsp;<br \/>Kusmawan recomienda al gobierno que proporcione ayudas mensuales en efectivo para los trabajadores, en lugar de hacer que asistan a capacitaciones bajo el programa de la tarjeta de pre-empleo. A su vez, afirma que las necesidades m\u00e1s cr\u00edticas en este momento corresponden a obtener alimentos, ropa y refugio:<\/p><blockquote><p>&ldquo;El gobierno debe monitorear estrictamente los ceses y los despidos, y los empleadores est\u00e1n moralmente obligados a otorgar todas las prestaciones por despido establecidas en las leyes laborales. Las marcas en el sector textil, de prendas de vestir, calzado y cuero tambi\u00e9n deber\u00edan establecer un fondo de responsabilidad social corporativa para ayudar a los trabajadores&rdquo;.<\/p><\/blockquote><p>El presidente de la Confederaci\u00f3n de Sindicatos de Indonesia (KPSI) y la Federaci\u00f3n Sindical de Trabajadores Metal\u00fargicos de Indonesia (FSPMI), Said Iqbal, insta a la Agencia de Seguridad Social de los Trabajadores (BPJS) a establecer un fondo especial a partir de los intereses de dep\u00f3sito del fondo de trabajadores para comprar mascarillas y desinfectantes para manos.<\/p><blockquote><p>&ldquo;Debe distribuirse equipo de protecci\u00f3n personal a todos los trabajadores indonesios de forma gratuita&rdquo;.<\/p><\/blockquote><p>Iqbal tambi\u00e9n pidi\u00f3 al gobierno y a los empleadores que detengan los despidos para proteger el bienestar de los trabajadores. Sugiri\u00f3 que las empresas detengan la producci\u00f3n y proporcionen el 100 por ciento de licencia paga a los trabajadores como un medio para reducir el costo operativo.<\/p><blockquote><p>&ldquo;Apoyamos la solicitud de un 100 % de licencias pagas para los trabajadores indonesios. Los gobiernos del sudeste asi\u00e1tico deben tomar medidas para fortalecer los sistemas de protecci\u00f3n social durante este per\u00edodo sin precedentes&rdquo;,<\/p><\/blockquote><p>expres\u00f3 la secretaria regional de IndustriALL, Annie Adviento.<\/p>","protected":false},"featured_media":0,"template":"","issues":[362,425],"companies":[],"regions":[167],"sectors":[],"article_tags":[],"class_list":["post-158681","article","type-article","status-publish","hentry","issues-covid-19","issues-workers-rights","regions-indonesia"],"acf":[],"yoast_head":"<!-- This site is optimized with the Yoast SEO Premium plugin v27.1 (Yoast SEO v27.1) - https:\/\/yoast.com\/product\/yoast-seo-premium-wordpress\/ -->\n<title>Fortalecer la protecci\u00f3n social en Indonesia - industriall-union<\/title>\n<meta name=\"description\" content=\"A mediados de abril, el Ministerio de Coordinaci\u00f3n de Asuntos Econ\u00f3micos de Indonesia revel\u00f3 que 2,8 millones de trabajadores hab\u00edan perdido sus empleos\" \/>\n<meta name=\"robots\" content=\"index, follow, max-snippet:-1, max-image-preview:large, max-video-preview:-1\" \/>\n<link rel=\"canonical\" href=\"https:\/\/admin.industriall-union.org\/es\/fortalecer-la-proteccion-social-en-indonesia\/\" \/>\n<meta property=\"og:locale\" content=\"es_ES\" \/>\n<meta property=\"og:type\" content=\"article\" \/>\n<meta property=\"og:title\" content=\"Fortalecer la protecci\u00f3n social en Indonesia\" \/>\n<meta property=\"og:description\" content=\"A mediados de abril, el Ministerio de Coordinaci\u00f3n de Asuntos Econ\u00f3micos de Indonesia revel\u00f3 que 2,8 millones de trabajadores hab\u00edan perdido sus empleos\" \/>\n<meta property=\"og:url\" content=\"https:\/\/admin.industriall-union.org\/es\/fortalecer-la-proteccion-social-en-indonesia\/\" \/>\n<meta property=\"og:site_name\" content=\"industriall-union\" \/>\n<meta property=\"article:modified_time\" content=\"2025-01-31T04:08:19+00:00\" \/>\n<meta name=\"twitter:card\" content=\"summary_large_image\" \/>\n<meta name=\"twitter:label1\" content=\"Est. reading time\" \/>\n\t<meta name=\"twitter:data1\" content=\"2 minutes\" \/>\n<script type=\"application\/ld+json\" class=\"yoast-schema-graph\">{\"@context\":\"https:\/\/schema.org\",\"@graph\":[{\"@type\":\"WebPage\",\"@id\":\"https:\/\/admin.industriall-union.org\/es\/fortalecer-la-proteccion-social-en-indonesia\/\",\"url\":\"https:\/\/admin.industriall-union.org\/es\/fortalecer-la-proteccion-social-en-indonesia\/\",\"name\":\"Fortalecer la protecci\u00f3n social en Indonesia - industriall-union\",\"isPartOf\":{\"@id\":\"https:\/\/admin.industriall-union.org\/#website\"},\"datePublished\":\"2020-05-07T09:22:03+00:00\",\"dateModified\":\"2025-01-31T04:08:19+00:00\",\"description\":\"A mediados de abril, el Ministerio de Coordinaci\u00f3n de Asuntos Econ\u00f3micos de Indonesia revel\u00f3 que 2,8 millones de trabajadores hab\u00edan perdido sus empleos\",\"breadcrumb\":{\"@id\":\"https:\/\/admin.industriall-union.org\/es\/fortalecer-la-proteccion-social-en-indonesia\/#breadcrumb\"},\"inLanguage\":\"es-ES\",\"potentialAction\":[{\"@type\":\"ReadAction\",\"target\":[\"https:\/\/admin.industriall-union.org\/es\/fortalecer-la-proteccion-social-en-indonesia\/\"]}]},{\"@type\":\"BreadcrumbList\",\"@id\":\"https:\/\/admin.industriall-union.org\/es\/fortalecer-la-proteccion-social-en-indonesia\/#breadcrumb\",\"itemListElement\":[{\"@type\":\"ListItem\",\"position\":1,\"name\":\"Home\",\"item\":\"https:\/\/admin.industriall-union.org\/\"},{\"@type\":\"ListItem\",\"position\":2,\"name\":\"Articles\",\"item\":\"https:\/\/admin.industriall-union.org\/article\/\"},{\"@type\":\"ListItem\",\"position\":3,\"name\":\"Fortalecer la protecci\u00f3n social en Indonesia\"}]},{\"@type\":\"WebSite\",\"@id\":\"https:\/\/admin.industriall-union.org\/#website\",\"url\":\"https:\/\/admin.industriall-union.org\/\",\"name\":\"industriall-union\",\"description\":\"\",\"potentialAction\":[{\"@type\":\"SearchAction\",\"target\":{\"@type\":\"EntryPoint\",\"urlTemplate\":\"https:\/\/admin.industriall-union.org\/?s={search_term_string}\"},\"query-input\":{\"@type\":\"PropertyValueSpecification\",\"valueRequired\":true,\"valueName\":\"search_term_string\"}}],\"inLanguage\":\"es-ES\"}]}<\/script>\n<!-- \/ Yoast SEO Premium plugin. -->","yoast_head_json":{"title":"Fortalecer la protecci\u00f3n social en Indonesia - industriall-union","description":"A mediados de abril, el Ministerio de Coordinaci\u00f3n de Asuntos Econ\u00f3micos de Indonesia revel\u00f3 que 2,8 millones de trabajadores hab\u00edan perdido sus empleos","robots":{"index":"index","follow":"follow","max-snippet":"max-snippet:-1","max-image-preview":"max-image-preview:large","max-video-preview":"max-video-preview:-1"},"canonical":"https:\/\/admin.industriall-union.org\/es\/fortalecer-la-proteccion-social-en-indonesia\/","og_locale":"es_ES","og_type":"article","og_title":"Fortalecer la protecci\u00f3n social en Indonesia","og_description":"A mediados de abril, el Ministerio de Coordinaci\u00f3n de Asuntos Econ\u00f3micos de Indonesia revel\u00f3 que 2,8 millones de trabajadores hab\u00edan perdido sus empleos","og_url":"https:\/\/admin.industriall-union.org\/es\/fortalecer-la-proteccion-social-en-indonesia\/","og_site_name":"industriall-union","article_modified_time":"2025-01-31T04:08:19+00:00","twitter_card":"summary_large_image","twitter_misc":{"Est. reading time":"2 minutes"},"schema":{"@context":"https:\/\/schema.org","@graph":[{"@type":"WebPage","@id":"https:\/\/admin.industriall-union.org\/es\/fortalecer-la-proteccion-social-en-indonesia\/","url":"https:\/\/admin.industriall-union.org\/es\/fortalecer-la-proteccion-social-en-indonesia\/","name":"Fortalecer la protecci\u00f3n social en Indonesia - industriall-union","isPartOf":{"@id":"https:\/\/admin.industriall-union.org\/#website"},"datePublished":"2020-05-07T09:22:03+00:00","dateModified":"2025-01-31T04:08:19+00:00","description":"A mediados de abril, el Ministerio de Coordinaci\u00f3n de Asuntos Econ\u00f3micos de Indonesia revel\u00f3 que 2,8 millones de trabajadores hab\u00edan perdido sus empleos","breadcrumb":{"@id":"https:\/\/admin.industriall-union.org\/es\/fortalecer-la-proteccion-social-en-indonesia\/#breadcrumb"},"inLanguage":"es-ES","potentialAction":[{"@type":"ReadAction","target":["https:\/\/admin.industriall-union.org\/es\/fortalecer-la-proteccion-social-en-indonesia\/"]}]},{"@type":"BreadcrumbList","@id":"https:\/\/admin.industriall-union.org\/es\/fortalecer-la-proteccion-social-en-indonesia\/#breadcrumb","itemListElement":[{"@type":"ListItem","position":1,"name":"Home","item":"https:\/\/admin.industriall-union.org\/"},{"@type":"ListItem","position":2,"name":"Articles","item":"https:\/\/admin.industriall-union.org\/article\/"},{"@type":"ListItem","position":3,"name":"Fortalecer la protecci\u00f3n social en Indonesia"}]},{"@type":"WebSite","@id":"https:\/\/admin.industriall-union.org\/#website","url":"https:\/\/admin.industriall-union.org\/","name":"industriall-union","description":"","potentialAction":[{"@type":"SearchAction","target":{"@type":"EntryPoint","urlTemplate":"https:\/\/admin.industriall-union.org\/?s={search_term_string}"},"query-input":{"@type":"PropertyValueSpecification","valueRequired":true,"valueName":"search_term_string"}}],"inLanguage":"es-ES"}]}},"_links":{"self":[{"href":"https:\/\/admin.industriall-union.org\/es\/wp-json\/wp\/v2\/article\/158681","targetHints":{"allow":["GET"]}}],"collection":[{"href":"https:\/\/admin.industriall-union.org\/es\/wp-json\/wp\/v2\/article"}],"about":[{"href":"https:\/\/admin.industriall-union.org\/es\/wp-json\/wp\/v2\/types\/article"}],"wp:attachment":[{"href":"https:\/\/admin.industriall-union.org\/es\/wp-json\/wp\/v2\/media?parent=158681"}],"wp:term":[{"taxonomy":"issues","embeddable":true,"href":"https:\/\/admin.industriall-union.org\/es\/wp-json\/wp\/v2\/issues?post=158681"},{"taxonomy":"companies","embeddable":true,"href":"https:\/\/admin.industriall-union.org\/es\/wp-json\/wp\/v2\/companies?post=158681"},{"taxonomy":"regions","embeddable":true,"href":"https:\/\/admin.industriall-union.org\/es\/wp-json\/wp\/v2\/regions?post=158681"},{"taxonomy":"sectors","embeddable":true,"href":"https:\/\/admin.industriall-union.org\/es\/wp-json\/wp\/v2\/sectors?post=158681"},{"taxonomy":"article_tags","embeddable":true,"href":"https:\/\/admin.industriall-union.org\/es\/wp-json\/wp\/v2\/article_tags?post=158681"}],"curies":[{"name":"wp","href":"https:\/\/api.w.org\/{rel}","templated":true}]}}