{"id":158354,"date":"2020-06-23T08:49:21","date_gmt":"2020-06-23T08:49:21","guid":{"rendered":"https:\/\/admin.industriall-union.org\/canada-finaliza-el-cierre-patronal-para-los-trabajadores-de-una-refineria\/"},"modified":"2025-01-30T15:43:20","modified_gmt":"2025-01-30T15:43:20","slug":"canada-finaliza-el-cierre-patronal-para-los-trabajadores-de-una-refineria","status":"publish","type":"article","link":"https:\/\/admin.industriall-union.org\/es\/canada-finaliza-el-cierre-patronal-para-los-trabajadores-de-una-refineria\/","title":{"rendered":"Canad\u00e1: finaliza el cierre patronal para los trabajadores de una refiner\u00eda"},"content":{"rendered":"<p>La <a href=\"http:\/\/www.industriall-union.org\/unifor-maintains-refinery-blockade-as-lockout-approaches-second-month\">disputa inici\u00f3<\/a> cuando Federated Co-operatives Limited (FCL) cerr\u00f3 las puertas a 730 trabajadores despu\u00e9s de que el sindicato se negara a aceptar una rebaja sustancial del plan de pensiones. Durante esta amarga lucha, 14 miembros sindicales fueron arrestados en una l\u00ednea de piquete realizada de forma l\u00edcita.<\/p><p>Despu\u00e9s de seis meses, los miembros sindicales ahora han ratificado un convenio tentativo con Co-op Refinery.<\/p><p>El nuevo convenio colectivo mantiene el plan de pensiones de beneficios definido y la empresa igual\u00f3 el plan de ahorros para empleados para los trabajadores existentes. Las mejoras salariales en el nuevo convenio colectivo igualan el Patr\u00f3n Nacional.<\/p><blockquote><p>&ldquo;Se ha permitido a las corporaciones poderosas actuar con impunidad por demasiado tiempo, al ejercer su poder sobre los trabajadores para sacar ganancias mientras erosionan los salarios, pensiones y beneficios&rdquo;,<\/p><\/blockquote><p>declar\u00f3 Jerry Dias, presidente de Unifor National.<\/p><blockquote><p>&ldquo;Los miembros de Unifor se pronunciaron contra esta agresi\u00f3n y Co-op los dej\u00f3 a la intemperie. En esta lucha, demostramos que los trabajadores de Canad\u00e1 est\u00e1n unidos y luchar\u00e1n para defender los buenos empleos&rdquo;.<\/p><\/blockquote><p>Durante esta disputa, IndustriALL Global Union se puso en contacto con el Gobierno Provincial de Saskatchewan para asegurar la implementaci\u00f3n de las recomendaciones de mediadores. Los afiliados de IndustriALL recurrieron a las redes sociales para extender su apoyo y solidaridad a los miembros sindicales implicados en el cierre patronal.<\/p><blockquote><p>&ldquo;Felicitamos a todos los miembros de Unifor Canada Local 594 y de Unifor en toda Canad\u00e1 por una victoria por la que lucharon firmemente durante mucho tiempo. La valent\u00eda que demostraron en las l\u00edneas de piquete que duraron tanto tiempo, en invierno y en \u00e9pocas de pandemia, incluso combatiendo el acoso de la empresa y la polic\u00eda local, es una inspiraci\u00f3n para los sindicatos en todo el mundo&rdquo;,<\/p><\/blockquote><p>declar\u00f3 Valter Sanches, secretario general de IndustriALL.<\/p>","protected":false},"featured_media":0,"template":"","issues":[398,425],"companies":[],"regions":[309],"sectors":[483],"article_tags":[],"class_list":["post-158354","article","type-article","status-publish","hentry","issues-union-win","issues-workers-rights","regions-canada","sectors-energy-oil-gas-electricity-and-nuclear"],"acf":[],"yoast_head":"<!-- This site is optimized with the Yoast SEO Premium plugin v27.1 (Yoast SEO v27.1) - https:\/\/yoast.com\/product\/yoast-seo-premium-wordpress\/ -->\n<title>Canad\u00e1: finaliza el cierre patronal para los trabajadores de una refiner\u00eda - industriall-union<\/title>\n<meta name=\"description\" content=\"La disputa inici\u00f3 cuando Federated Co-operatives Limited (FCL) cerr\u00f3 las puertas a 730 trabajadores despu\u00e9s de que el sindicato se negara a aceptar una\" \/>\n<meta name=\"robots\" content=\"index, follow, max-snippet:-1, max-image-preview:large, max-video-preview:-1\" \/>\n<link rel=\"canonical\" href=\"https:\/\/admin.industriall-union.org\/es\/canada-finaliza-el-cierre-patronal-para-los-trabajadores-de-una-refineria\/\" \/>\n<meta property=\"og:locale\" content=\"es_ES\" \/>\n<meta property=\"og:type\" content=\"article\" \/>\n<meta property=\"og:title\" content=\"Canad\u00e1: finaliza el cierre patronal para los trabajadores de una refiner\u00eda\" \/>\n<meta property=\"og:description\" content=\"La disputa inici\u00f3 cuando Federated Co-operatives Limited (FCL) cerr\u00f3 las puertas a 730 trabajadores despu\u00e9s de que el sindicato se negara a aceptar una\" \/>\n<meta property=\"og:url\" content=\"https:\/\/admin.industriall-union.org\/es\/canada-finaliza-el-cierre-patronal-para-los-trabajadores-de-una-refineria\/\" \/>\n<meta property=\"og:site_name\" content=\"industriall-union\" \/>\n<meta property=\"article:modified_time\" content=\"2025-01-30T15:43:20+00:00\" \/>\n<meta name=\"twitter:card\" content=\"summary_large_image\" \/>\n<meta name=\"twitter:label1\" content=\"Est. reading time\" \/>\n\t<meta name=\"twitter:data1\" content=\"2 minutes\" \/>\n<script type=\"application\/ld+json\" class=\"yoast-schema-graph\">{\"@context\":\"https:\/\/schema.org\",\"@graph\":[{\"@type\":\"WebPage\",\"@id\":\"https:\/\/admin.industriall-union.org\/es\/canada-finaliza-el-cierre-patronal-para-los-trabajadores-de-una-refineria\/\",\"url\":\"https:\/\/admin.industriall-union.org\/es\/canada-finaliza-el-cierre-patronal-para-los-trabajadores-de-una-refineria\/\",\"name\":\"Canad\u00e1: finaliza el cierre patronal para los trabajadores de una refiner\u00eda - industriall-union\",\"isPartOf\":{\"@id\":\"https:\/\/admin.industriall-union.org\/#website\"},\"datePublished\":\"2020-06-23T08:49:21+00:00\",\"dateModified\":\"2025-01-30T15:43:20+00:00\",\"description\":\"La disputa inici\u00f3 cuando Federated Co-operatives Limited (FCL) cerr\u00f3 las puertas a 730 trabajadores despu\u00e9s de que el sindicato se negara a aceptar una\",\"breadcrumb\":{\"@id\":\"https:\/\/admin.industriall-union.org\/es\/canada-finaliza-el-cierre-patronal-para-los-trabajadores-de-una-refineria\/#breadcrumb\"},\"inLanguage\":\"es-ES\",\"potentialAction\":[{\"@type\":\"ReadAction\",\"target\":[\"https:\/\/admin.industriall-union.org\/es\/canada-finaliza-el-cierre-patronal-para-los-trabajadores-de-una-refineria\/\"]}]},{\"@type\":\"BreadcrumbList\",\"@id\":\"https:\/\/admin.industriall-union.org\/es\/canada-finaliza-el-cierre-patronal-para-los-trabajadores-de-una-refineria\/#breadcrumb\",\"itemListElement\":[{\"@type\":\"ListItem\",\"position\":1,\"name\":\"Home\",\"item\":\"https:\/\/admin.industriall-union.org\/\"},{\"@type\":\"ListItem\",\"position\":2,\"name\":\"Articles\",\"item\":\"https:\/\/admin.industriall-union.org\/article\/\"},{\"@type\":\"ListItem\",\"position\":3,\"name\":\"Canad\u00e1: finaliza el cierre patronal para los trabajadores de una refiner\u00eda\"}]},{\"@type\":\"WebSite\",\"@id\":\"https:\/\/admin.industriall-union.org\/#website\",\"url\":\"https:\/\/admin.industriall-union.org\/\",\"name\":\"industriall-union\",\"description\":\"\",\"potentialAction\":[{\"@type\":\"SearchAction\",\"target\":{\"@type\":\"EntryPoint\",\"urlTemplate\":\"https:\/\/admin.industriall-union.org\/?s={search_term_string}\"},\"query-input\":{\"@type\":\"PropertyValueSpecification\",\"valueRequired\":true,\"valueName\":\"search_term_string\"}}],\"inLanguage\":\"es-ES\"}]}<\/script>\n<!-- \/ Yoast SEO Premium plugin. -->","yoast_head_json":{"title":"Canad\u00e1: finaliza el cierre patronal para los trabajadores de una refiner\u00eda - industriall-union","description":"La disputa inici\u00f3 cuando Federated Co-operatives Limited (FCL) cerr\u00f3 las puertas a 730 trabajadores despu\u00e9s de que el sindicato se negara a aceptar una","robots":{"index":"index","follow":"follow","max-snippet":"max-snippet:-1","max-image-preview":"max-image-preview:large","max-video-preview":"max-video-preview:-1"},"canonical":"https:\/\/admin.industriall-union.org\/es\/canada-finaliza-el-cierre-patronal-para-los-trabajadores-de-una-refineria\/","og_locale":"es_ES","og_type":"article","og_title":"Canad\u00e1: finaliza el cierre patronal para los trabajadores de una refiner\u00eda","og_description":"La disputa inici\u00f3 cuando Federated Co-operatives Limited (FCL) cerr\u00f3 las puertas a 730 trabajadores despu\u00e9s de que el sindicato se negara a aceptar una","og_url":"https:\/\/admin.industriall-union.org\/es\/canada-finaliza-el-cierre-patronal-para-los-trabajadores-de-una-refineria\/","og_site_name":"industriall-union","article_modified_time":"2025-01-30T15:43:20+00:00","twitter_card":"summary_large_image","twitter_misc":{"Est. reading time":"2 minutes"},"schema":{"@context":"https:\/\/schema.org","@graph":[{"@type":"WebPage","@id":"https:\/\/admin.industriall-union.org\/es\/canada-finaliza-el-cierre-patronal-para-los-trabajadores-de-una-refineria\/","url":"https:\/\/admin.industriall-union.org\/es\/canada-finaliza-el-cierre-patronal-para-los-trabajadores-de-una-refineria\/","name":"Canad\u00e1: finaliza el cierre patronal para los trabajadores de una refiner\u00eda - industriall-union","isPartOf":{"@id":"https:\/\/admin.industriall-union.org\/#website"},"datePublished":"2020-06-23T08:49:21+00:00","dateModified":"2025-01-30T15:43:20+00:00","description":"La disputa inici\u00f3 cuando Federated Co-operatives Limited (FCL) cerr\u00f3 las puertas a 730 trabajadores despu\u00e9s de que el sindicato se negara a aceptar una","breadcrumb":{"@id":"https:\/\/admin.industriall-union.org\/es\/canada-finaliza-el-cierre-patronal-para-los-trabajadores-de-una-refineria\/#breadcrumb"},"inLanguage":"es-ES","potentialAction":[{"@type":"ReadAction","target":["https:\/\/admin.industriall-union.org\/es\/canada-finaliza-el-cierre-patronal-para-los-trabajadores-de-una-refineria\/"]}]},{"@type":"BreadcrumbList","@id":"https:\/\/admin.industriall-union.org\/es\/canada-finaliza-el-cierre-patronal-para-los-trabajadores-de-una-refineria\/#breadcrumb","itemListElement":[{"@type":"ListItem","position":1,"name":"Home","item":"https:\/\/admin.industriall-union.org\/"},{"@type":"ListItem","position":2,"name":"Articles","item":"https:\/\/admin.industriall-union.org\/article\/"},{"@type":"ListItem","position":3,"name":"Canad\u00e1: finaliza el cierre patronal para los trabajadores de una refiner\u00eda"}]},{"@type":"WebSite","@id":"https:\/\/admin.industriall-union.org\/#website","url":"https:\/\/admin.industriall-union.org\/","name":"industriall-union","description":"","potentialAction":[{"@type":"SearchAction","target":{"@type":"EntryPoint","urlTemplate":"https:\/\/admin.industriall-union.org\/?s={search_term_string}"},"query-input":{"@type":"PropertyValueSpecification","valueRequired":true,"valueName":"search_term_string"}}],"inLanguage":"es-ES"}]}},"_links":{"self":[{"href":"https:\/\/admin.industriall-union.org\/es\/wp-json\/wp\/v2\/article\/158354","targetHints":{"allow":["GET"]}}],"collection":[{"href":"https:\/\/admin.industriall-union.org\/es\/wp-json\/wp\/v2\/article"}],"about":[{"href":"https:\/\/admin.industriall-union.org\/es\/wp-json\/wp\/v2\/types\/article"}],"wp:attachment":[{"href":"https:\/\/admin.industriall-union.org\/es\/wp-json\/wp\/v2\/media?parent=158354"}],"wp:term":[{"taxonomy":"issues","embeddable":true,"href":"https:\/\/admin.industriall-union.org\/es\/wp-json\/wp\/v2\/issues?post=158354"},{"taxonomy":"companies","embeddable":true,"href":"https:\/\/admin.industriall-union.org\/es\/wp-json\/wp\/v2\/companies?post=158354"},{"taxonomy":"regions","embeddable":true,"href":"https:\/\/admin.industriall-union.org\/es\/wp-json\/wp\/v2\/regions?post=158354"},{"taxonomy":"sectors","embeddable":true,"href":"https:\/\/admin.industriall-union.org\/es\/wp-json\/wp\/v2\/sectors?post=158354"},{"taxonomy":"article_tags","embeddable":true,"href":"https:\/\/admin.industriall-union.org\/es\/wp-json\/wp\/v2\/article_tags?post=158354"}],"curies":[{"name":"wp","href":"https:\/\/api.w.org\/{rel}","templated":true}]}}