{"id":158243,"date":"2020-07-06T14:05:47","date_gmt":"2020-07-06T14:05:47","guid":{"rendered":"https:\/\/admin.industriall-union.org\/los-sindicatos-del-sector-quimico-y-farmaceutico-enfrentan-juntos-la-crisis-de-la-covid-19\/"},"modified":"2025-01-30T13:53:43","modified_gmt":"2025-01-30T13:53:43","slug":"los-sindicatos-del-sector-quimico-y-farmaceutico-enfrentan-juntos-la-crisis-de-la-covid-19","status":"publish","type":"article","link":"https:\/\/admin.industriall-union.org\/es\/los-sindicatos-del-sector-quimico-y-farmaceutico-enfrentan-juntos-la-crisis-de-la-covid-19\/","title":{"rendered":"Los sindicatos del sector qu\u00edmico y farmac\u00e9utico enfrentan juntos la crisis de la COVID-19"},"content":{"rendered":"<p>Reunidos en junio para coordinar las respuestas sindicales internacionales, 175 dirigentes sindicales del sector en 40 pa\u00edses evaluaron el impacto de la pandemia en los sindicatos de este rubro, intercambiaron buenas pr\u00e1cticas para la negociaci\u00f3n de convenios especiales y planificaron actividades futuras.<\/p><p>Los copresidentes del sector qu\u00edmico y farmac\u00e9utico de IndustriALL, junto con el presidente del grupo de sindicatos farmac\u00e9uticos, subrayaron la importancia de la unidad y de un fuerte papel de los trabajadores en la gesti\u00f3n de la respuesta a la crisis.<\/p><p>Iris Wolf explic\u00f3 el papel desempe\u00f1ado por el IG BCE en la reacci\u00f3n ante la pandemia en Alemania. El sindicato lleg\u00f3 a un convenio con la asociaci\u00f3n de empleadores BAVC para adaptar las condiciones de trabajo y empleo de 1,1 millones de personas en el sector durante el resto de 2020. El IG BCE tambi\u00e9n est\u00e1 llevando a cabo seminarios web de informaci\u00f3n integral para sus miembros y representantes del comit\u00e9 de empresa.<\/p><p>Sergio Luiz Leite, presidente de Fequimfar, Brasil, explic\u00f3 que los ataques contra la democracia y los derechos sindicales del presidente del pa\u00eds, Bolsonaro, contin\u00faan a pesar de la pandemia. Los sindicatos brasile\u00f1os en el sector est\u00e1n oponiendo resistencia a estos ataques, haciendo campa\u00f1as y trabajando para renovar los convenios colectivos con un mayor enfoque en la salud y la seguridad.<\/p><p>Masato Shinohara, de UA ZENSEN en Jap\u00f3n, explic\u00f3 que, aunque la industria qu\u00edmica y farmac\u00e9utica se ha visto menos afectada que otros rubros, tales como la hosteler\u00eda y el turismo, tampoco ha salido ilesa. Shinohara-san subray\u00f3 la importancia de la solidaridad de los trabajadores para proteger las condiciones y los derechos laborales en este momento.<\/p><p>El secretario general adjunto de IndustriALL, Kemal \u00d6zkan, present\u00f3 un an\u00e1lisis de los efectos de las crisis mundiales en la salud, la econom\u00eda y la producci\u00f3n, que afectan en mayor medida a determinados grupos sociales, tales como las mujeres:<\/p><blockquote><p>&ldquo;Si bien vemos que la clase multimillonaria aumenta su fortuna en un 20 porciento durante la pandemia, debemos enfocar nuestras exigencias en los gobiernos para apoyar una recuperaci\u00f3n que valore a los trabajadores y sus comunidades. Especialmente en el hemisferio sur, donde los ingresos y la protecci\u00f3n social son inaceptablemente bajos&rdquo;.<\/p><\/blockquote><p>En la reuni\u00f3n se evaluaron los numerosos y significativos logros de los sindicatos en el sector qu\u00edmico al llegar a convenios espec\u00edficos para la pandemia con los empleadores, tanto a nivel de empresa como de industria. Tambi\u00e9n se analiz\u00f3 la implementaci\u00f3n del plan de acci\u00f3n del sector, adoptado hace un a\u00f1o en la conferencia mundial de Estambul.<\/p><p>Hubo excelentes intervenciones por parte de dirigentes sindicales de Austria, Bangladesh, B\u00e9lgica, Brasil, Finlandia, Alemania, Indonesia, Italia, Jap\u00f3n, Marruecos, Nigeria, Am\u00e9rica del Norte, Rusia, Senegal, Espa\u00f1a, Tailandia, Turqu\u00eda, Reino Unido y otros pa\u00edses. Uno de los muchos ejemplos de sindicatos que dieron un paso adelante para cumplir con la sociedad provino de Espa\u00f1a, donde los sindicatos reaccionaron r\u00e1pidamente para llegar a un convenio nacional con los empleadores para preservar los empleos y hacer que el trabajo sea m\u00e1s seguro.<\/p><p>La carrera por encontrar una vacuna en el sector farmac\u00e9utico est\u00e1 avanzando hacia la etapa de pruebas en humanos, con miembros de afiliados de IndustriALL a la vanguardia de ese esfuerzo. Muchos de los lugares de trabajo de los miembros han cambiado su producci\u00f3n a equipos de protecci\u00f3n personal y productos qu\u00edmicos, tales como desinfectantes, para combatir el virus.<\/p><p>El director del sector de IndustriALL, Tom Grinter, expres\u00f3:<\/p><blockquote><p>&ldquo;Las discusiones enriquecedoras en esta reuni\u00f3n aportaron muchos ejemplos inspiradores de las campa\u00f1as y negociaciones impulsadas por nuestros sindicatos para enfrentar juntos el virus. A pesar de las limitaciones, avanzaremos m\u00e1s unidos y listos para progresar en nuestro plan de acci\u00f3n&rdquo;.<\/p><\/blockquote>","protected":false},"featured_media":0,"template":"","issues":[362,425],"companies":[],"regions":[],"sectors":[476],"article_tags":[],"class_list":["post-158243","article","type-article","status-publish","hentry","issues-covid-19","issues-workers-rights","sectors-chemical-pharmaceutical-bio-science"],"acf":[],"yoast_head":"<!-- This site is optimized with the Yoast SEO Premium plugin v27.1 (Yoast SEO v27.1) - https:\/\/yoast.com\/product\/yoast-seo-premium-wordpress\/ -->\n<title>Los sindicatos del sector qu\u00edmico y farmac\u00e9utico enfrentan juntos la crisis de la COVID-19 - industriall-union<\/title>\n<meta name=\"description\" content=\"Reunidos en junio para coordinar las respuestas sindicales internacionales, 175 dirigentes sindicales del sector en 40 pa\u00edses evaluaron el impacto de la\" \/>\n<meta name=\"robots\" content=\"index, follow, max-snippet:-1, max-image-preview:large, max-video-preview:-1\" \/>\n<link rel=\"canonical\" href=\"https:\/\/admin.industriall-union.org\/es\/los-sindicatos-del-sector-quimico-y-farmaceutico-enfrentan-juntos-la-crisis-de-la-covid-19\/\" \/>\n<meta property=\"og:locale\" content=\"es_ES\" \/>\n<meta property=\"og:type\" content=\"article\" \/>\n<meta property=\"og:title\" content=\"Los sindicatos del sector qu\u00edmico y farmac\u00e9utico enfrentan juntos la crisis de la COVID-19\" \/>\n<meta property=\"og:description\" content=\"Reunidos en junio para coordinar las respuestas sindicales internacionales, 175 dirigentes sindicales del sector en 40 pa\u00edses evaluaron el impacto de la\" \/>\n<meta property=\"og:url\" content=\"https:\/\/admin.industriall-union.org\/es\/los-sindicatos-del-sector-quimico-y-farmaceutico-enfrentan-juntos-la-crisis-de-la-covid-19\/\" \/>\n<meta property=\"og:site_name\" content=\"industriall-union\" \/>\n<meta property=\"article:modified_time\" content=\"2025-01-30T13:53:43+00:00\" \/>\n<meta name=\"twitter:card\" content=\"summary_large_image\" \/>\n<meta name=\"twitter:label1\" content=\"Est. reading time\" \/>\n\t<meta name=\"twitter:data1\" content=\"3 minutes\" \/>\n<script type=\"application\/ld+json\" class=\"yoast-schema-graph\">{\"@context\":\"https:\/\/schema.org\",\"@graph\":[{\"@type\":\"WebPage\",\"@id\":\"https:\/\/admin.industriall-union.org\/es\/los-sindicatos-del-sector-quimico-y-farmaceutico-enfrentan-juntos-la-crisis-de-la-covid-19\/\",\"url\":\"https:\/\/admin.industriall-union.org\/es\/los-sindicatos-del-sector-quimico-y-farmaceutico-enfrentan-juntos-la-crisis-de-la-covid-19\/\",\"name\":\"Los sindicatos del sector qu\u00edmico y farmac\u00e9utico enfrentan juntos la crisis de la COVID-19 - industriall-union\",\"isPartOf\":{\"@id\":\"https:\/\/admin.industriall-union.org\/#website\"},\"datePublished\":\"2020-07-06T14:05:47+00:00\",\"dateModified\":\"2025-01-30T13:53:43+00:00\",\"description\":\"Reunidos en junio para coordinar las respuestas sindicales internacionales, 175 dirigentes sindicales del sector en 40 pa\u00edses evaluaron el impacto de la\",\"breadcrumb\":{\"@id\":\"https:\/\/admin.industriall-union.org\/es\/los-sindicatos-del-sector-quimico-y-farmaceutico-enfrentan-juntos-la-crisis-de-la-covid-19\/#breadcrumb\"},\"inLanguage\":\"es-ES\",\"potentialAction\":[{\"@type\":\"ReadAction\",\"target\":[\"https:\/\/admin.industriall-union.org\/es\/los-sindicatos-del-sector-quimico-y-farmaceutico-enfrentan-juntos-la-crisis-de-la-covid-19\/\"]}]},{\"@type\":\"BreadcrumbList\",\"@id\":\"https:\/\/admin.industriall-union.org\/es\/los-sindicatos-del-sector-quimico-y-farmaceutico-enfrentan-juntos-la-crisis-de-la-covid-19\/#breadcrumb\",\"itemListElement\":[{\"@type\":\"ListItem\",\"position\":1,\"name\":\"Home\",\"item\":\"https:\/\/admin.industriall-union.org\/\"},{\"@type\":\"ListItem\",\"position\":2,\"name\":\"Articles\",\"item\":\"https:\/\/admin.industriall-union.org\/article\/\"},{\"@type\":\"ListItem\",\"position\":3,\"name\":\"Los sindicatos del sector qu\u00edmico y farmac\u00e9utico enfrentan juntos la crisis de la COVID-19\"}]},{\"@type\":\"WebSite\",\"@id\":\"https:\/\/admin.industriall-union.org\/#website\",\"url\":\"https:\/\/admin.industriall-union.org\/\",\"name\":\"industriall-union\",\"description\":\"\",\"potentialAction\":[{\"@type\":\"SearchAction\",\"target\":{\"@type\":\"EntryPoint\",\"urlTemplate\":\"https:\/\/admin.industriall-union.org\/?s={search_term_string}\"},\"query-input\":{\"@type\":\"PropertyValueSpecification\",\"valueRequired\":true,\"valueName\":\"search_term_string\"}}],\"inLanguage\":\"es-ES\"}]}<\/script>\n<!-- \/ Yoast SEO Premium plugin. -->","yoast_head_json":{"title":"Los sindicatos del sector qu\u00edmico y farmac\u00e9utico enfrentan juntos la crisis de la COVID-19 - industriall-union","description":"Reunidos en junio para coordinar las respuestas sindicales internacionales, 175 dirigentes sindicales del sector en 40 pa\u00edses evaluaron el impacto de la","robots":{"index":"index","follow":"follow","max-snippet":"max-snippet:-1","max-image-preview":"max-image-preview:large","max-video-preview":"max-video-preview:-1"},"canonical":"https:\/\/admin.industriall-union.org\/es\/los-sindicatos-del-sector-quimico-y-farmaceutico-enfrentan-juntos-la-crisis-de-la-covid-19\/","og_locale":"es_ES","og_type":"article","og_title":"Los sindicatos del sector qu\u00edmico y farmac\u00e9utico enfrentan juntos la crisis de la COVID-19","og_description":"Reunidos en junio para coordinar las respuestas sindicales internacionales, 175 dirigentes sindicales del sector en 40 pa\u00edses evaluaron el impacto de la","og_url":"https:\/\/admin.industriall-union.org\/es\/los-sindicatos-del-sector-quimico-y-farmaceutico-enfrentan-juntos-la-crisis-de-la-covid-19\/","og_site_name":"industriall-union","article_modified_time":"2025-01-30T13:53:43+00:00","twitter_card":"summary_large_image","twitter_misc":{"Est. reading time":"3 minutes"},"schema":{"@context":"https:\/\/schema.org","@graph":[{"@type":"WebPage","@id":"https:\/\/admin.industriall-union.org\/es\/los-sindicatos-del-sector-quimico-y-farmaceutico-enfrentan-juntos-la-crisis-de-la-covid-19\/","url":"https:\/\/admin.industriall-union.org\/es\/los-sindicatos-del-sector-quimico-y-farmaceutico-enfrentan-juntos-la-crisis-de-la-covid-19\/","name":"Los sindicatos del sector qu\u00edmico y farmac\u00e9utico enfrentan juntos la crisis de la COVID-19 - industriall-union","isPartOf":{"@id":"https:\/\/admin.industriall-union.org\/#website"},"datePublished":"2020-07-06T14:05:47+00:00","dateModified":"2025-01-30T13:53:43+00:00","description":"Reunidos en junio para coordinar las respuestas sindicales internacionales, 175 dirigentes sindicales del sector en 40 pa\u00edses evaluaron el impacto de la","breadcrumb":{"@id":"https:\/\/admin.industriall-union.org\/es\/los-sindicatos-del-sector-quimico-y-farmaceutico-enfrentan-juntos-la-crisis-de-la-covid-19\/#breadcrumb"},"inLanguage":"es-ES","potentialAction":[{"@type":"ReadAction","target":["https:\/\/admin.industriall-union.org\/es\/los-sindicatos-del-sector-quimico-y-farmaceutico-enfrentan-juntos-la-crisis-de-la-covid-19\/"]}]},{"@type":"BreadcrumbList","@id":"https:\/\/admin.industriall-union.org\/es\/los-sindicatos-del-sector-quimico-y-farmaceutico-enfrentan-juntos-la-crisis-de-la-covid-19\/#breadcrumb","itemListElement":[{"@type":"ListItem","position":1,"name":"Home","item":"https:\/\/admin.industriall-union.org\/"},{"@type":"ListItem","position":2,"name":"Articles","item":"https:\/\/admin.industriall-union.org\/article\/"},{"@type":"ListItem","position":3,"name":"Los sindicatos del sector qu\u00edmico y farmac\u00e9utico enfrentan juntos la crisis de la COVID-19"}]},{"@type":"WebSite","@id":"https:\/\/admin.industriall-union.org\/#website","url":"https:\/\/admin.industriall-union.org\/","name":"industriall-union","description":"","potentialAction":[{"@type":"SearchAction","target":{"@type":"EntryPoint","urlTemplate":"https:\/\/admin.industriall-union.org\/?s={search_term_string}"},"query-input":{"@type":"PropertyValueSpecification","valueRequired":true,"valueName":"search_term_string"}}],"inLanguage":"es-ES"}]}},"_links":{"self":[{"href":"https:\/\/admin.industriall-union.org\/es\/wp-json\/wp\/v2\/article\/158243","targetHints":{"allow":["GET"]}}],"collection":[{"href":"https:\/\/admin.industriall-union.org\/es\/wp-json\/wp\/v2\/article"}],"about":[{"href":"https:\/\/admin.industriall-union.org\/es\/wp-json\/wp\/v2\/types\/article"}],"wp:attachment":[{"href":"https:\/\/admin.industriall-union.org\/es\/wp-json\/wp\/v2\/media?parent=158243"}],"wp:term":[{"taxonomy":"issues","embeddable":true,"href":"https:\/\/admin.industriall-union.org\/es\/wp-json\/wp\/v2\/issues?post=158243"},{"taxonomy":"companies","embeddable":true,"href":"https:\/\/admin.industriall-union.org\/es\/wp-json\/wp\/v2\/companies?post=158243"},{"taxonomy":"regions","embeddable":true,"href":"https:\/\/admin.industriall-union.org\/es\/wp-json\/wp\/v2\/regions?post=158243"},{"taxonomy":"sectors","embeddable":true,"href":"https:\/\/admin.industriall-union.org\/es\/wp-json\/wp\/v2\/sectors?post=158243"},{"taxonomy":"article_tags","embeddable":true,"href":"https:\/\/admin.industriall-union.org\/es\/wp-json\/wp\/v2\/article_tags?post=158243"}],"curies":[{"name":"wp","href":"https:\/\/api.w.org\/{rel}","templated":true}]}}