{"id":158193,"date":"2020-07-23T14:05:40","date_gmt":"2020-07-23T14:05:40","guid":{"rendered":"https:\/\/admin.industriall-union.org\/mauricio-los-empleadores-usan-la-covid-19-para-retroceder-en-materia-de-leyes-laborales\/"},"modified":"2025-01-30T12:53:05","modified_gmt":"2025-01-30T12:53:05","slug":"mauricio-los-empleadores-usan-la-covid-19-para-retroceder-en-materia-de-leyes-laborales","status":"publish","type":"article","link":"https:\/\/admin.industriall-union.org\/es\/mauricio-los-empleadores-usan-la-covid-19-para-retroceder-en-materia-de-leyes-laborales\/","title":{"rendered":"Mauricio: los empleadores usan la COVID-19 para retroceder en materia de leyes laborales"},"content":{"rendered":"<p>Los sindicatos de Mauricio, incluida la Confederaci\u00f3n de Trabajadores de los Sectores P\u00fablico y Privado (CTSP), afiliada a IndustriALL, <a href=\"http:\/\/www.industriall-union.org\/workers-rights-act-amendments-a-victory-for-mauritius-unions\">celebraron las nuevas modificaciones a la legislaci\u00f3n laboral<\/a> como una victoria importante despu\u00e9s de 16 a\u00f1os de presi\u00f3n sostenida sobre el gobierno. Las nuevas leyes significaron un gran avance en la protecci\u00f3n de los trabajadores en todas las industrias, incluidos los trabajadores migrantes y precarios.<\/p><p>No obstante, poco despu\u00e9s de la aprobaci\u00f3n de las nuevas leyes, la pandemia mundial de COVID-19 oblig\u00f3 al pa\u00eds a permanecer confinado. Las modificaciones a la legislaci\u00f3n laboral habr\u00edan sido un enorme beneficio para los trabajadores durante la pandemia, <a href=\"http:\/\/www.industriall-union.org\/protecting-workers-rights-during-lockdown-in-mauritius\">pero los empleadores no tardaron en presionar al gobierno para que retrocediera<\/a>.<\/p><blockquote><p>&ldquo;La CTSP sinceramente cre\u00eda que, ante la COVID-19, no retomar\u00edamos la actividad igual que siempre y que todos, sin excepci\u00f3n, cambiar\u00edan de opini\u00f3n y realmente comprender\u00edan que tenemos que colaborar y presionar por una nueva normalidad&rdquo;.<\/p><\/blockquote><blockquote><p>&ldquo;Los empleadores de las empresas m\u00e1s grandes de Mauricio aprovecharon este momento para presionar al gobierno para que la ley obtenida con tanto esfuerzo se modifique para su propio beneficio&rdquo;,<\/p><\/blockquote><p>expres\u00f3 Reeaz Chutto, presidente de la CTSP.<\/p><p>En mayo de 2020, el gobierno modific\u00f3 las cl\u00e1usulas de la nueva Ley de Derechos de los Trabajadores en beneficio de los empleadores. Los sindicatos lucharon arduamente para mantener intacta la mayor parte posible de la ley original, pero solo lograron impedir una de las modificaciones.<\/p><p>La disposici\u00f3n que los sindicatos lograron mantener fue la relacionada con el Fondo de Indemnizaci\u00f3n por Despido Transferible, que protege a los trabajadores despedidos, incluidos los trabajadores precarios. Seg\u00fan esta norma, todos los empleadores deben contribuir al fondo para cada trabajador, independientemente del tipo de contrato, y las personas que pierden sus empleos pueden obtener dinero de este fondo.<\/p><p>El primer ministro, Pravin Jugnauth, afirm\u00f3 a los sindicatos que se devolver\u00edan las modificaciones a los trabajadores para 2024. Por su parte, los sindicatos dejaron en claro que no se quedar\u00edan esperando de brazos cruzados, sino que continuar\u00e1n su lucha para que se restablezcan todas las modificaciones en beneficio de los trabajadores.<\/p><p>La CTSP ha observado un aumento en la afiliaci\u00f3n sindical desde el comienzo de la pandemia. Los empleadores est\u00e1n a la ofensiva, empleando t\u00e1cticas para intimidar y amenazar a los trabajadores y socavar sus condiciones. Mientras tanto, estos \u00faltimos buscan el apoyo de los sindicatos para preservar sus condiciones laborales anteriores.<\/p><p>La CTSP ha afiliado a m\u00e1s de 250 trabajadores migrantes de los sectores textil y de la confecci\u00f3n, marisquero y de la construcci\u00f3n. Estas personas provienen principalmente de Madagascar, India y Bangladesh.<\/p><blockquote><p>&ldquo;Muchos migrantes no han cobrado sus salarios durante m\u00e1s de tres meses, y la CTSP se encuentra actualmente en negociaciones con el ministro de Trabajo para establecer una ventanilla de reasignaci\u00f3n para ellos.&nbsp;Tambi\u00e9n estamos abogando por la creaci\u00f3n de una oficina que sea un centro \u00fanico, en la que sus voces sean escuchadas sin que tengan que acudir a muchos ministerios y departamentos para plantear sus problemas&rdquo;,<\/p><\/blockquote><p>expres\u00f3 Jane Ragoo, secretaria general de la CTSP.<\/p><blockquote><p>&ldquo;IndustriALL felicita a la CTSP por su resiliencia en estos tiempos dif\u00edciles. El sindicato luch\u00f3 duramente para lograr esta legislaci\u00f3n. Sin embargo, el Gobierno, bajo la presi\u00f3n de los empleadores, ahora ha dado pasos hacia atr\u00e1s de manera lamentable. Los sindicatos est\u00e1n aumentando su cantidad de miembros gracias a su defensa de los trabajadores. Este es el momento en que los trabajadores reconocen lo valioso que es ser parte de un sindicato que lucha&rdquo;,<\/p><\/blockquote><p>expres\u00f3 el secretario general de IndustriALL Global Union, Valter Sanches.<\/p><p><\/p>","protected":false},"featured_media":0,"template":"","issues":[362],"companies":[],"regions":[339,311],"sectors":[],"article_tags":[513],"class_list":["post-158193","article","type-article","status-publish","hentry","issues-covid-19","regions-mauritius","regions-sub-saharan-africa","article_tags-labour-laws"],"acf":[],"yoast_head":"<!-- This site is optimized with the Yoast SEO Premium plugin v27.1 (Yoast SEO v27.1) - https:\/\/yoast.com\/product\/yoast-seo-premium-wordpress\/ -->\n<title>Mauricio: los empleadores usan la COVID-19 para retroceder en materia de leyes laborales - industriall-union<\/title>\n<meta name=\"description\" content=\"Los sindicatos de Mauricio, incluida la Confederaci\u00f3n de Trabajadores de los Sectores P\u00fablico y Privado (CTSP), afiliada a IndustriALL, celebraron las\" \/>\n<meta name=\"robots\" content=\"index, follow, max-snippet:-1, max-image-preview:large, max-video-preview:-1\" \/>\n<link rel=\"canonical\" href=\"https:\/\/admin.industriall-union.org\/es\/mauricio-los-empleadores-usan-la-covid-19-para-retroceder-en-materia-de-leyes-laborales\/\" \/>\n<meta property=\"og:locale\" content=\"es_ES\" \/>\n<meta property=\"og:type\" content=\"article\" \/>\n<meta property=\"og:title\" content=\"Mauricio: los empleadores usan la COVID-19 para retroceder en materia de leyes laborales\" \/>\n<meta property=\"og:description\" content=\"Los sindicatos de Mauricio, incluida la Confederaci\u00f3n de Trabajadores de los Sectores P\u00fablico y Privado (CTSP), afiliada a IndustriALL, celebraron las\" \/>\n<meta property=\"og:url\" content=\"https:\/\/admin.industriall-union.org\/es\/mauricio-los-empleadores-usan-la-covid-19-para-retroceder-en-materia-de-leyes-laborales\/\" \/>\n<meta property=\"og:site_name\" content=\"industriall-union\" \/>\n<meta property=\"article:modified_time\" content=\"2025-01-30T12:53:05+00:00\" \/>\n<meta name=\"twitter:card\" content=\"summary_large_image\" \/>\n<meta name=\"twitter:label1\" content=\"Est. reading time\" \/>\n\t<meta name=\"twitter:data1\" content=\"3 minutes\" \/>\n<script type=\"application\/ld+json\" class=\"yoast-schema-graph\">{\"@context\":\"https:\/\/schema.org\",\"@graph\":[{\"@type\":\"WebPage\",\"@id\":\"https:\/\/admin.industriall-union.org\/es\/mauricio-los-empleadores-usan-la-covid-19-para-retroceder-en-materia-de-leyes-laborales\/\",\"url\":\"https:\/\/admin.industriall-union.org\/es\/mauricio-los-empleadores-usan-la-covid-19-para-retroceder-en-materia-de-leyes-laborales\/\",\"name\":\"Mauricio: los empleadores usan la COVID-19 para retroceder en materia de leyes laborales - industriall-union\",\"isPartOf\":{\"@id\":\"https:\/\/admin.industriall-union.org\/#website\"},\"datePublished\":\"2020-07-23T14:05:40+00:00\",\"dateModified\":\"2025-01-30T12:53:05+00:00\",\"description\":\"Los sindicatos de Mauricio, incluida la Confederaci\u00f3n de Trabajadores de los Sectores P\u00fablico y Privado (CTSP), afiliada a IndustriALL, celebraron las\",\"breadcrumb\":{\"@id\":\"https:\/\/admin.industriall-union.org\/es\/mauricio-los-empleadores-usan-la-covid-19-para-retroceder-en-materia-de-leyes-laborales\/#breadcrumb\"},\"inLanguage\":\"es-ES\",\"potentialAction\":[{\"@type\":\"ReadAction\",\"target\":[\"https:\/\/admin.industriall-union.org\/es\/mauricio-los-empleadores-usan-la-covid-19-para-retroceder-en-materia-de-leyes-laborales\/\"]}]},{\"@type\":\"BreadcrumbList\",\"@id\":\"https:\/\/admin.industriall-union.org\/es\/mauricio-los-empleadores-usan-la-covid-19-para-retroceder-en-materia-de-leyes-laborales\/#breadcrumb\",\"itemListElement\":[{\"@type\":\"ListItem\",\"position\":1,\"name\":\"Home\",\"item\":\"https:\/\/admin.industriall-union.org\/\"},{\"@type\":\"ListItem\",\"position\":2,\"name\":\"Articles\",\"item\":\"https:\/\/admin.industriall-union.org\/article\/\"},{\"@type\":\"ListItem\",\"position\":3,\"name\":\"Mauricio: los empleadores usan la COVID-19 para retroceder en materia de leyes laborales\"}]},{\"@type\":\"WebSite\",\"@id\":\"https:\/\/admin.industriall-union.org\/#website\",\"url\":\"https:\/\/admin.industriall-union.org\/\",\"name\":\"industriall-union\",\"description\":\"\",\"potentialAction\":[{\"@type\":\"SearchAction\",\"target\":{\"@type\":\"EntryPoint\",\"urlTemplate\":\"https:\/\/admin.industriall-union.org\/?s={search_term_string}\"},\"query-input\":{\"@type\":\"PropertyValueSpecification\",\"valueRequired\":true,\"valueName\":\"search_term_string\"}}],\"inLanguage\":\"es-ES\"}]}<\/script>\n<!-- \/ Yoast SEO Premium plugin. -->","yoast_head_json":{"title":"Mauricio: los empleadores usan la COVID-19 para retroceder en materia de leyes laborales - industriall-union","description":"Los sindicatos de Mauricio, incluida la Confederaci\u00f3n de Trabajadores de los Sectores P\u00fablico y Privado (CTSP), afiliada a IndustriALL, celebraron las","robots":{"index":"index","follow":"follow","max-snippet":"max-snippet:-1","max-image-preview":"max-image-preview:large","max-video-preview":"max-video-preview:-1"},"canonical":"https:\/\/admin.industriall-union.org\/es\/mauricio-los-empleadores-usan-la-covid-19-para-retroceder-en-materia-de-leyes-laborales\/","og_locale":"es_ES","og_type":"article","og_title":"Mauricio: los empleadores usan la COVID-19 para retroceder en materia de leyes laborales","og_description":"Los sindicatos de Mauricio, incluida la Confederaci\u00f3n de Trabajadores de los Sectores P\u00fablico y Privado (CTSP), afiliada a IndustriALL, celebraron las","og_url":"https:\/\/admin.industriall-union.org\/es\/mauricio-los-empleadores-usan-la-covid-19-para-retroceder-en-materia-de-leyes-laborales\/","og_site_name":"industriall-union","article_modified_time":"2025-01-30T12:53:05+00:00","twitter_card":"summary_large_image","twitter_misc":{"Est. reading time":"3 minutes"},"schema":{"@context":"https:\/\/schema.org","@graph":[{"@type":"WebPage","@id":"https:\/\/admin.industriall-union.org\/es\/mauricio-los-empleadores-usan-la-covid-19-para-retroceder-en-materia-de-leyes-laborales\/","url":"https:\/\/admin.industriall-union.org\/es\/mauricio-los-empleadores-usan-la-covid-19-para-retroceder-en-materia-de-leyes-laborales\/","name":"Mauricio: los empleadores usan la COVID-19 para retroceder en materia de leyes laborales - industriall-union","isPartOf":{"@id":"https:\/\/admin.industriall-union.org\/#website"},"datePublished":"2020-07-23T14:05:40+00:00","dateModified":"2025-01-30T12:53:05+00:00","description":"Los sindicatos de Mauricio, incluida la Confederaci\u00f3n de Trabajadores de los Sectores P\u00fablico y Privado (CTSP), afiliada a IndustriALL, celebraron las","breadcrumb":{"@id":"https:\/\/admin.industriall-union.org\/es\/mauricio-los-empleadores-usan-la-covid-19-para-retroceder-en-materia-de-leyes-laborales\/#breadcrumb"},"inLanguage":"es-ES","potentialAction":[{"@type":"ReadAction","target":["https:\/\/admin.industriall-union.org\/es\/mauricio-los-empleadores-usan-la-covid-19-para-retroceder-en-materia-de-leyes-laborales\/"]}]},{"@type":"BreadcrumbList","@id":"https:\/\/admin.industriall-union.org\/es\/mauricio-los-empleadores-usan-la-covid-19-para-retroceder-en-materia-de-leyes-laborales\/#breadcrumb","itemListElement":[{"@type":"ListItem","position":1,"name":"Home","item":"https:\/\/admin.industriall-union.org\/"},{"@type":"ListItem","position":2,"name":"Articles","item":"https:\/\/admin.industriall-union.org\/article\/"},{"@type":"ListItem","position":3,"name":"Mauricio: los empleadores usan la COVID-19 para retroceder en materia de leyes laborales"}]},{"@type":"WebSite","@id":"https:\/\/admin.industriall-union.org\/#website","url":"https:\/\/admin.industriall-union.org\/","name":"industriall-union","description":"","potentialAction":[{"@type":"SearchAction","target":{"@type":"EntryPoint","urlTemplate":"https:\/\/admin.industriall-union.org\/?s={search_term_string}"},"query-input":{"@type":"PropertyValueSpecification","valueRequired":true,"valueName":"search_term_string"}}],"inLanguage":"es-ES"}]}},"_links":{"self":[{"href":"https:\/\/admin.industriall-union.org\/es\/wp-json\/wp\/v2\/article\/158193","targetHints":{"allow":["GET"]}}],"collection":[{"href":"https:\/\/admin.industriall-union.org\/es\/wp-json\/wp\/v2\/article"}],"about":[{"href":"https:\/\/admin.industriall-union.org\/es\/wp-json\/wp\/v2\/types\/article"}],"wp:attachment":[{"href":"https:\/\/admin.industriall-union.org\/es\/wp-json\/wp\/v2\/media?parent=158193"}],"wp:term":[{"taxonomy":"issues","embeddable":true,"href":"https:\/\/admin.industriall-union.org\/es\/wp-json\/wp\/v2\/issues?post=158193"},{"taxonomy":"companies","embeddable":true,"href":"https:\/\/admin.industriall-union.org\/es\/wp-json\/wp\/v2\/companies?post=158193"},{"taxonomy":"regions","embeddable":true,"href":"https:\/\/admin.industriall-union.org\/es\/wp-json\/wp\/v2\/regions?post=158193"},{"taxonomy":"sectors","embeddable":true,"href":"https:\/\/admin.industriall-union.org\/es\/wp-json\/wp\/v2\/sectors?post=158193"},{"taxonomy":"article_tags","embeddable":true,"href":"https:\/\/admin.industriall-union.org\/es\/wp-json\/wp\/v2\/article_tags?post=158193"}],"curies":[{"name":"wp","href":"https:\/\/api.w.org\/{rel}","templated":true}]}}