{"id":158083,"date":"2020-08-20T15:50:02","date_gmt":"2020-08-20T15:50:02","guid":{"rendered":"https:\/\/admin.industriall-union.org\/ante-la-desconfianza-de-la-gente-lukashenko-intenta-callar-a-los-trabajadores\/"},"modified":"2025-01-30T11:08:19","modified_gmt":"2025-01-30T11:08:19","slug":"ante-la-desconfianza-de-la-gente-lukashenko-intenta-callar-a-los-trabajadores","status":"publish","type":"article","link":"https:\/\/admin.industriall-union.org\/es\/ante-la-desconfianza-de-la-gente-lukashenko-intenta-callar-a-los-trabajadores\/","title":{"rendered":"Ante la desconfianza de la gente, Lukashenko intenta callar a los trabajadores"},"content":{"rendered":"<p>A pesar de la <a href=\"http:\/\/www.industriall-union.org\/repression-in-belarus-must-end-demands-industriall\">violenta represi\u00f3n<\/a>, las autoridades no lograron detener las manifestaciones. Ahora est\u00e1n enfocando sus herramientas represivas en los trabajadores en huelga. Mientras muchas de las 7000 personas detenidas desde que las protestas envolvieron a Bielorrusia el 9 de agosto permanecen en prisi\u00f3n, IndustriALL ha recibido informes alarmantes de que las autoridades est\u00e1n usando sus herramientas de opresi\u00f3n contra<a href=\"http:\/\/www.industriall-union.org\/workers-in-belarus-down-tools-to-protest-oppression\"> trabajadores que tomaron medidas de huelga <\/a>para exigir un cambio.&nbsp;<\/p><p>A las 11 de esta ma\u00f1ana, Dmitri Kudelevich, miembro del comit\u00e9 de huelga de Belaruskaliy, fue denunciado como desaparecido por sus colegas. Otro huelguista, Maxim Filanovich, tambi\u00e9n fue denunciado como desaparecido, pero m\u00e1s tarde pudo comunicarse telef\u00f3nicamente con sus colegas. Los sindicatos temen que contin\u00faen las denuncias de l\u00edderes y activistas secuestrados.<\/p><p>Ayer, la Comisi\u00f3n Europea anunci\u00f3 una <a href=\"https:\/\/ec.europa.eu\/commission\/presscorner\/detail\/en\/statement_20_1500\">serie de medidas<\/a><a href=\"https:\/\/ec.europa.eu\/commission\/presscorner\/detail\/en\/statement_20_1500\"> <\/a>para apoyar a la poblaci\u00f3n de Bielorrusia. Los sindicatos independientes del pa\u00eds creen que esto es \u00fatil, pero no suficiente para permitir que la gente reconstruya la democracia. Se necesita una mayor participaci\u00f3n de la comunidad internacional, que debe centrarse en los problemas de los trabajadores. El Gobierno est\u00e1 utilizando contratos a corto plazo como una herramienta para la represi\u00f3n pol\u00edtica, y cualquier condena a la opresi\u00f3n en Bielorrusia debe contener un compromiso con los derechos de los trabajadores.<\/p><p>IndustriALL, sus predecesores y afiliados han seguido de cerca la situaci\u00f3n de los derechos sindicales en Bielorrusia desde el 2000, cuando se present\u00f3 una denuncia de varios sindicatos a la Organizaci\u00f3n Internacional del Trabajo. El motivo de la denuncia fueron las violaciones sistem\u00e1ticas y repetidas de los derechos de los trabajadores, incluso a trav\u00e9s de un sistema de contratos a corto plazo utilizados para castigar a trabajadores y activistas. Los contratos a corto plazo llevaron a que miles de activistas sindicales perdieran sus trabajos por organizar o unirse a sindicatos independientes.<\/p><p>Otra raz\u00f3n fueron las leyes draconianas que regulan la creaci\u00f3n de sindicatos independientes y la declaraci\u00f3n de huelgas, que han dado como resultado el desmantelamiento casi total de los sindicatos independientes y democr\u00e1ticos.<\/p><p>En un contexto de continuo declive econ\u00f3mico debido a la incapacidad del Gobierno para implementar una estrategia econ\u00f3mica viable y atraer inversi\u00f3n extranjera, y en ausencia de un sistema de consulta dentro de la sociedad, precisamente el papel de los sindicatos, Lukashenko introdujo impuestos a los desempleados. Esto transfiri\u00f3 la responsabilidad del fracaso del Gobierno a los hombros de los m\u00e1s vulnerables, lo que provoc\u00f3 una ola de protestas en 2017-2018.<\/p><p>Finalmente, Lukashenko manej\u00f3 mal la COVID-19. Su respuesta incluy\u00f3 la negaci\u00f3n y medidas de protecci\u00f3n insuficientes, dejando a la poblaci\u00f3n sola para hacer frente a la pandemia.<\/p><p>Esta fue la gota que colm\u00f3 el vaso para que la gente reaccionara con fuerza ante los resultados electorales falsificados.<\/p><p>Los sindicatos temen que Lukashenko vuelva a utilizar su maquinaria administrativa de represi\u00f3n para aplastar a quienes se oponen a \u00e9l. Ya ha comenzado: los trabajadores en huelga han comenzado a recibir notificaciones de despido.<\/p><p>Los sindicatos bielorrusos est\u00e1n pidiendo apoyo internacional. Manifiestan que los trabajadores son los primeros en la l\u00ednea de represi\u00f3n, especialmente los m\u00e1s activos y valientes que organizan huelgas.<\/p><p>Los secretarios generales de IndustriALL Global Union e IndustriAll Europe, Valter Sanches y Luc Triangle, emitieron una declaraci\u00f3n que expresa:<\/p><blockquote><p>&ldquo;Nuestras organizaciones exhortan al Gobierno de Bielorrusia a que detenga de inmediato la violencia, la persecuci\u00f3n y los arrestos, y libere a todos los l\u00edderes sindicales, activistas y representantes de la sociedad civil encarcelados&rdquo;.<\/p><\/blockquote><p>IndustriALL Global Union, que unifica los intereses colectivos de m\u00e1s de 50 millones de trabajadores industriales en 143 pa\u00edses, insta a sus afiliados y a los trabajadores del mundo a solidarizarse con los trabajadores de Bielorrusia.<\/p>","protected":false},"featured_media":0,"template":"","issues":[],"companies":[],"regions":[207,202],"sectors":[],"article_tags":[],"class_list":["post-158083","article","type-article","status-publish","hentry","regions-belarus","regions-europe"],"acf":[],"yoast_head":"<!-- This site is optimized with the Yoast SEO Premium plugin v27.1 (Yoast SEO v27.1) - https:\/\/yoast.com\/product\/yoast-seo-premium-wordpress\/ -->\n<title>Ante la desconfianza de la gente, Lukashenko intenta callar a los trabajadores - industriall-union<\/title>\n<meta name=\"description\" content=\"A pesar de la violenta represi\u00f3n, las autoridades no lograron detener las manifestaciones. Ahora est\u00e1n enfocando sus herramientas represivas en los\" \/>\n<meta name=\"robots\" content=\"index, follow, max-snippet:-1, max-image-preview:large, max-video-preview:-1\" \/>\n<link rel=\"canonical\" href=\"https:\/\/admin.industriall-union.org\/es\/ante-la-desconfianza-de-la-gente-lukashenko-intenta-callar-a-los-trabajadores\/\" \/>\n<meta property=\"og:locale\" content=\"es_ES\" \/>\n<meta property=\"og:type\" content=\"article\" \/>\n<meta property=\"og:title\" content=\"Ante la desconfianza de la gente, Lukashenko intenta callar a los trabajadores\" \/>\n<meta property=\"og:description\" content=\"A pesar de la violenta represi\u00f3n, las autoridades no lograron detener las manifestaciones. Ahora est\u00e1n enfocando sus herramientas represivas en los\" \/>\n<meta property=\"og:url\" content=\"https:\/\/admin.industriall-union.org\/es\/ante-la-desconfianza-de-la-gente-lukashenko-intenta-callar-a-los-trabajadores\/\" \/>\n<meta property=\"og:site_name\" content=\"industriall-union\" \/>\n<meta property=\"article:modified_time\" content=\"2025-01-30T11:08:19+00:00\" \/>\n<meta name=\"twitter:card\" content=\"summary_large_image\" \/>\n<meta name=\"twitter:label1\" content=\"Est. reading time\" \/>\n\t<meta name=\"twitter:data1\" content=\"3 minutes\" \/>\n<script type=\"application\/ld+json\" class=\"yoast-schema-graph\">{\"@context\":\"https:\/\/schema.org\",\"@graph\":[{\"@type\":\"WebPage\",\"@id\":\"https:\/\/admin.industriall-union.org\/es\/ante-la-desconfianza-de-la-gente-lukashenko-intenta-callar-a-los-trabajadores\/\",\"url\":\"https:\/\/admin.industriall-union.org\/es\/ante-la-desconfianza-de-la-gente-lukashenko-intenta-callar-a-los-trabajadores\/\",\"name\":\"Ante la desconfianza de la gente, Lukashenko intenta callar a los trabajadores - industriall-union\",\"isPartOf\":{\"@id\":\"https:\/\/admin.industriall-union.org\/#website\"},\"datePublished\":\"2020-08-20T15:50:02+00:00\",\"dateModified\":\"2025-01-30T11:08:19+00:00\",\"description\":\"A pesar de la violenta represi\u00f3n, las autoridades no lograron detener las manifestaciones. Ahora est\u00e1n enfocando sus herramientas represivas en los\",\"breadcrumb\":{\"@id\":\"https:\/\/admin.industriall-union.org\/es\/ante-la-desconfianza-de-la-gente-lukashenko-intenta-callar-a-los-trabajadores\/#breadcrumb\"},\"inLanguage\":\"es-ES\",\"potentialAction\":[{\"@type\":\"ReadAction\",\"target\":[\"https:\/\/admin.industriall-union.org\/es\/ante-la-desconfianza-de-la-gente-lukashenko-intenta-callar-a-los-trabajadores\/\"]}]},{\"@type\":\"BreadcrumbList\",\"@id\":\"https:\/\/admin.industriall-union.org\/es\/ante-la-desconfianza-de-la-gente-lukashenko-intenta-callar-a-los-trabajadores\/#breadcrumb\",\"itemListElement\":[{\"@type\":\"ListItem\",\"position\":1,\"name\":\"Home\",\"item\":\"https:\/\/admin.industriall-union.org\/\"},{\"@type\":\"ListItem\",\"position\":2,\"name\":\"Articles\",\"item\":\"https:\/\/admin.industriall-union.org\/article\/\"},{\"@type\":\"ListItem\",\"position\":3,\"name\":\"Ante la desconfianza de la gente, Lukashenko intenta callar a los trabajadores\"}]},{\"@type\":\"WebSite\",\"@id\":\"https:\/\/admin.industriall-union.org\/#website\",\"url\":\"https:\/\/admin.industriall-union.org\/\",\"name\":\"industriall-union\",\"description\":\"\",\"potentialAction\":[{\"@type\":\"SearchAction\",\"target\":{\"@type\":\"EntryPoint\",\"urlTemplate\":\"https:\/\/admin.industriall-union.org\/?s={search_term_string}\"},\"query-input\":{\"@type\":\"PropertyValueSpecification\",\"valueRequired\":true,\"valueName\":\"search_term_string\"}}],\"inLanguage\":\"es-ES\"}]}<\/script>\n<!-- \/ Yoast SEO Premium plugin. -->","yoast_head_json":{"title":"Ante la desconfianza de la gente, Lukashenko intenta callar a los trabajadores - industriall-union","description":"A pesar de la violenta represi\u00f3n, las autoridades no lograron detener las manifestaciones. Ahora est\u00e1n enfocando sus herramientas represivas en los","robots":{"index":"index","follow":"follow","max-snippet":"max-snippet:-1","max-image-preview":"max-image-preview:large","max-video-preview":"max-video-preview:-1"},"canonical":"https:\/\/admin.industriall-union.org\/es\/ante-la-desconfianza-de-la-gente-lukashenko-intenta-callar-a-los-trabajadores\/","og_locale":"es_ES","og_type":"article","og_title":"Ante la desconfianza de la gente, Lukashenko intenta callar a los trabajadores","og_description":"A pesar de la violenta represi\u00f3n, las autoridades no lograron detener las manifestaciones. Ahora est\u00e1n enfocando sus herramientas represivas en los","og_url":"https:\/\/admin.industriall-union.org\/es\/ante-la-desconfianza-de-la-gente-lukashenko-intenta-callar-a-los-trabajadores\/","og_site_name":"industriall-union","article_modified_time":"2025-01-30T11:08:19+00:00","twitter_card":"summary_large_image","twitter_misc":{"Est. reading time":"3 minutes"},"schema":{"@context":"https:\/\/schema.org","@graph":[{"@type":"WebPage","@id":"https:\/\/admin.industriall-union.org\/es\/ante-la-desconfianza-de-la-gente-lukashenko-intenta-callar-a-los-trabajadores\/","url":"https:\/\/admin.industriall-union.org\/es\/ante-la-desconfianza-de-la-gente-lukashenko-intenta-callar-a-los-trabajadores\/","name":"Ante la desconfianza de la gente, Lukashenko intenta callar a los trabajadores - industriall-union","isPartOf":{"@id":"https:\/\/admin.industriall-union.org\/#website"},"datePublished":"2020-08-20T15:50:02+00:00","dateModified":"2025-01-30T11:08:19+00:00","description":"A pesar de la violenta represi\u00f3n, las autoridades no lograron detener las manifestaciones. Ahora est\u00e1n enfocando sus herramientas represivas en los","breadcrumb":{"@id":"https:\/\/admin.industriall-union.org\/es\/ante-la-desconfianza-de-la-gente-lukashenko-intenta-callar-a-los-trabajadores\/#breadcrumb"},"inLanguage":"es-ES","potentialAction":[{"@type":"ReadAction","target":["https:\/\/admin.industriall-union.org\/es\/ante-la-desconfianza-de-la-gente-lukashenko-intenta-callar-a-los-trabajadores\/"]}]},{"@type":"BreadcrumbList","@id":"https:\/\/admin.industriall-union.org\/es\/ante-la-desconfianza-de-la-gente-lukashenko-intenta-callar-a-los-trabajadores\/#breadcrumb","itemListElement":[{"@type":"ListItem","position":1,"name":"Home","item":"https:\/\/admin.industriall-union.org\/"},{"@type":"ListItem","position":2,"name":"Articles","item":"https:\/\/admin.industriall-union.org\/article\/"},{"@type":"ListItem","position":3,"name":"Ante la desconfianza de la gente, Lukashenko intenta callar a los trabajadores"}]},{"@type":"WebSite","@id":"https:\/\/admin.industriall-union.org\/#website","url":"https:\/\/admin.industriall-union.org\/","name":"industriall-union","description":"","potentialAction":[{"@type":"SearchAction","target":{"@type":"EntryPoint","urlTemplate":"https:\/\/admin.industriall-union.org\/?s={search_term_string}"},"query-input":{"@type":"PropertyValueSpecification","valueRequired":true,"valueName":"search_term_string"}}],"inLanguage":"es-ES"}]}},"_links":{"self":[{"href":"https:\/\/admin.industriall-union.org\/es\/wp-json\/wp\/v2\/article\/158083","targetHints":{"allow":["GET"]}}],"collection":[{"href":"https:\/\/admin.industriall-union.org\/es\/wp-json\/wp\/v2\/article"}],"about":[{"href":"https:\/\/admin.industriall-union.org\/es\/wp-json\/wp\/v2\/types\/article"}],"wp:attachment":[{"href":"https:\/\/admin.industriall-union.org\/es\/wp-json\/wp\/v2\/media?parent=158083"}],"wp:term":[{"taxonomy":"issues","embeddable":true,"href":"https:\/\/admin.industriall-union.org\/es\/wp-json\/wp\/v2\/issues?post=158083"},{"taxonomy":"companies","embeddable":true,"href":"https:\/\/admin.industriall-union.org\/es\/wp-json\/wp\/v2\/companies?post=158083"},{"taxonomy":"regions","embeddable":true,"href":"https:\/\/admin.industriall-union.org\/es\/wp-json\/wp\/v2\/regions?post=158083"},{"taxonomy":"sectors","embeddable":true,"href":"https:\/\/admin.industriall-union.org\/es\/wp-json\/wp\/v2\/sectors?post=158083"},{"taxonomy":"article_tags","embeddable":true,"href":"https:\/\/admin.industriall-union.org\/es\/wp-json\/wp\/v2\/article_tags?post=158083"}],"curies":[{"name":"wp","href":"https:\/\/api.w.org\/{rel}","templated":true}]}}