{"id":158044,"date":"2020-08-27T13:08:01","date_gmt":"2020-08-27T13:08:01","guid":{"rendered":"https:\/\/admin.industriall-union.org\/los-trabajadores-de-la-confeccion-de-haiti-luchan-por-su-sustento\/"},"modified":"2025-01-30T10:49:57","modified_gmt":"2025-01-30T10:49:57","slug":"los-trabajadores-de-la-confeccion-de-haiti-luchan-por-su-sustento","status":"publish","type":"article","link":"https:\/\/admin.industriall-union.org\/es\/los-trabajadores-de-la-confeccion-de-haiti-luchan-por-su-sustento\/","title":{"rendered":"Los trabajadores de la confecci\u00f3n de Hait\u00ed luchan por su sustento"},"content":{"rendered":"<p>El problema persistente del incumplimiento de los pagos de aportes a la seguridad social en la industria ha llegado recientemente a un punto cr\u00edtico, con consecuencias desastrosas.<\/p><p>Dos trabajadores de f\u00e1bricas del Palm Apparel Group murieron despu\u00e9s de que se les negara atenci\u00f3n m\u00e9dica. Seg\u00fan se informa, esto se debi\u00f3 a que su empleador no habr\u00eda pagado sus aportes a la seguridad social a tiempo. Sandra Ren\u00e9 muri\u00f3 de complicaciones durante su embarazo, mientras que Lionel Pierre perdi\u00f3 la vida despu\u00e9s de que se le negara el tratamiento de di\u00e1lisis. Los trabajadores de ambas f\u00e1bricas se declararon en huelga a modo de protesta.<\/p><p>Los empleadores tambi\u00e9n est\u00e1n reprimiendo a los dirigentes sindicales de GOSTTRA, quienes est\u00e1n intentando defender los intereses de sus miembros.<\/p><ul><li>En Premium Apparel, 43 miembros y dirigentes sindicales fueron despedidos despu\u00e9s de protestar contra la decisi\u00f3n de la empresa de enviarlos a casa en la mitad del d\u00eda.<\/li><li>En Horizon, la dirigente sindical Sandra Emilion fue despedida despu\u00e9s de presentar una queja contra los objetivos de producci\u00f3n excesivamente altos.<\/li><li>En MBI, la dirigente sindical Sonia Saintvil fue despedida injustamente despu\u00e9s de rechazar una oferta de ascenso a condici\u00f3n de que dejara el sindicato.<\/li><\/ul><p>Aproximadamente un tercio de los 57.000 trabajadores de la industria de la confecci\u00f3n del pa\u00eds est\u00e1n actualmente suspendidos o despedidos y a\u00fan no han recibido ninguna compensaci\u00f3n del Gobierno a pesar de promesas anteriores. El resto est\u00e1 trabajando en un horario reducido en f\u00e1bricas inseguras que carecen incluso de las medidas m\u00e1s b\u00e1sicas para ayudar a prevenir la propagaci\u00f3n del coronavirus.<\/p><p>Al mismo tiempo, el precio de los alimentos b\u00e1sicos ha aumentado considerablemente:&nbsp;el precio del arroz y los frijoles ha aumentado casi un 135 porciento, mientras que el gas propano ha aumentado en un 50 porciento. Adem\u00e1s, Hait\u00ed fue duramente golpeado por el reciente hurac\u00e1n Laura y necesita apoyo humanitario.<\/p><p>Valter Sanches, el secretario general de IndustriALL Global Union, declar\u00f3:<\/p><blockquote><p>&ldquo;Hait\u00ed se encuentra entre los veinte pa\u00edses m\u00e1s pobres del mundo. Impulsar a la industria de la confecci\u00f3n a trav\u00e9s del acceso preferencial a los mercados estadounidenses deber\u00eda haber puesto en marcha una econom\u00eda doblegada. En cambio, el pa\u00eds ha seguido un curso de desregulaci\u00f3n y supresi\u00f3n de los costos de mano de obra con el fin de seguir siendo atractivo en las precarias cadenas mundiales de suministro&rdquo;.<\/p><\/blockquote><blockquote><p>&ldquo;El Gobierno, con el apoyo de marcas y minoristas, ahora necesita tomar medidas urgentes para proteger a los trabajadores que se enfrentan a terribles dificultades durante esta pandemia&rdquo;.<\/p><\/blockquote><p>Hait\u00ed es uno de los ocho pa\u00edses prioritarios para el llamado a la acci\u00f3n de la OIT<a href=\"http:\/\/admin.industriall-union.org\/global-action-to-support-the-garment-industry\"> para apoyar la industria de la confecci\u00f3n<\/a>, aunque hasta ahora se han logrado pocos avances.&nbsp;<\/p><p>IndustriALL se contact\u00f3 con los empleadores interesados y ha pedido al Ministerio de Trabajo, as\u00ed como a marcas y minoristas, entre ellos Gildan, F&amp;T Apparel, Wal-Mart y Fruit of the Loom, que intervengan para ayudar a resolver los conflictos.<\/p><p><em>Trabajadores de la confecci\u00f3n trabajando en la secci\u00f3n de costura de una f\u00e1brica de ropa en Hait\u00ed. Foto: Marcel Crozet\/OIT<\/em><\/p>","protected":false},"featured_media":0,"template":"","issues":[362,425],"companies":[],"regions":[272],"sectors":[464],"article_tags":[],"class_list":["post-158044","article","type-article","status-publish","hentry","issues-covid-19","issues-workers-rights","regions-haiti","sectors-textile-leather-garment-shoes-and-textile-services"],"acf":[],"yoast_head":"<!-- This site is optimized with the Yoast SEO Premium plugin v27.1 (Yoast SEO v27.1) - https:\/\/yoast.com\/product\/yoast-seo-premium-wordpress\/ -->\n<title>Los trabajadores de la confecci\u00f3n de Hait\u00ed luchan por su sustento - industriall-union<\/title>\n<meta name=\"description\" content=\"El problema persistente del incumplimiento de los pagos de aportes a la seguridad social en la industria ha llegado recientemente a un punto cr\u00edtico, con\" \/>\n<meta name=\"robots\" content=\"index, follow, max-snippet:-1, max-image-preview:large, max-video-preview:-1\" \/>\n<link rel=\"canonical\" href=\"https:\/\/admin.industriall-union.org\/es\/los-trabajadores-de-la-confeccion-de-haiti-luchan-por-su-sustento\/\" \/>\n<meta property=\"og:locale\" content=\"es_ES\" \/>\n<meta property=\"og:type\" content=\"article\" \/>\n<meta property=\"og:title\" content=\"Los trabajadores de la confecci\u00f3n de Hait\u00ed luchan por su sustento\" \/>\n<meta property=\"og:description\" content=\"El problema persistente del incumplimiento de los pagos de aportes a la seguridad social en la industria ha llegado recientemente a un punto cr\u00edtico, con\" \/>\n<meta property=\"og:url\" content=\"https:\/\/admin.industriall-union.org\/es\/los-trabajadores-de-la-confeccion-de-haiti-luchan-por-su-sustento\/\" \/>\n<meta property=\"og:site_name\" content=\"industriall-union\" \/>\n<meta property=\"article:modified_time\" content=\"2025-01-30T10:49:57+00:00\" \/>\n<meta name=\"twitter:card\" content=\"summary_large_image\" \/>\n<meta name=\"twitter:label1\" content=\"Est. reading time\" \/>\n\t<meta name=\"twitter:data1\" content=\"3 minutes\" \/>\n<script type=\"application\/ld+json\" class=\"yoast-schema-graph\">{\"@context\":\"https:\/\/schema.org\",\"@graph\":[{\"@type\":\"WebPage\",\"@id\":\"https:\/\/admin.industriall-union.org\/es\/los-trabajadores-de-la-confeccion-de-haiti-luchan-por-su-sustento\/\",\"url\":\"https:\/\/admin.industriall-union.org\/es\/los-trabajadores-de-la-confeccion-de-haiti-luchan-por-su-sustento\/\",\"name\":\"Los trabajadores de la confecci\u00f3n de Hait\u00ed luchan por su sustento - industriall-union\",\"isPartOf\":{\"@id\":\"https:\/\/admin.industriall-union.org\/#website\"},\"datePublished\":\"2020-08-27T13:08:01+00:00\",\"dateModified\":\"2025-01-30T10:49:57+00:00\",\"description\":\"El problema persistente del incumplimiento de los pagos de aportes a la seguridad social en la industria ha llegado recientemente a un punto cr\u00edtico, con\",\"breadcrumb\":{\"@id\":\"https:\/\/admin.industriall-union.org\/es\/los-trabajadores-de-la-confeccion-de-haiti-luchan-por-su-sustento\/#breadcrumb\"},\"inLanguage\":\"es-ES\",\"potentialAction\":[{\"@type\":\"ReadAction\",\"target\":[\"https:\/\/admin.industriall-union.org\/es\/los-trabajadores-de-la-confeccion-de-haiti-luchan-por-su-sustento\/\"]}]},{\"@type\":\"BreadcrumbList\",\"@id\":\"https:\/\/admin.industriall-union.org\/es\/los-trabajadores-de-la-confeccion-de-haiti-luchan-por-su-sustento\/#breadcrumb\",\"itemListElement\":[{\"@type\":\"ListItem\",\"position\":1,\"name\":\"Home\",\"item\":\"https:\/\/admin.industriall-union.org\/\"},{\"@type\":\"ListItem\",\"position\":2,\"name\":\"Articles\",\"item\":\"https:\/\/admin.industriall-union.org\/article\/\"},{\"@type\":\"ListItem\",\"position\":3,\"name\":\"Los trabajadores de la confecci\u00f3n de Hait\u00ed luchan por su sustento\"}]},{\"@type\":\"WebSite\",\"@id\":\"https:\/\/admin.industriall-union.org\/#website\",\"url\":\"https:\/\/admin.industriall-union.org\/\",\"name\":\"industriall-union\",\"description\":\"\",\"potentialAction\":[{\"@type\":\"SearchAction\",\"target\":{\"@type\":\"EntryPoint\",\"urlTemplate\":\"https:\/\/admin.industriall-union.org\/?s={search_term_string}\"},\"query-input\":{\"@type\":\"PropertyValueSpecification\",\"valueRequired\":true,\"valueName\":\"search_term_string\"}}],\"inLanguage\":\"es-ES\"}]}<\/script>\n<!-- \/ Yoast SEO Premium plugin. -->","yoast_head_json":{"title":"Los trabajadores de la confecci\u00f3n de Hait\u00ed luchan por su sustento - industriall-union","description":"El problema persistente del incumplimiento de los pagos de aportes a la seguridad social en la industria ha llegado recientemente a un punto cr\u00edtico, con","robots":{"index":"index","follow":"follow","max-snippet":"max-snippet:-1","max-image-preview":"max-image-preview:large","max-video-preview":"max-video-preview:-1"},"canonical":"https:\/\/admin.industriall-union.org\/es\/los-trabajadores-de-la-confeccion-de-haiti-luchan-por-su-sustento\/","og_locale":"es_ES","og_type":"article","og_title":"Los trabajadores de la confecci\u00f3n de Hait\u00ed luchan por su sustento","og_description":"El problema persistente del incumplimiento de los pagos de aportes a la seguridad social en la industria ha llegado recientemente a un punto cr\u00edtico, con","og_url":"https:\/\/admin.industriall-union.org\/es\/los-trabajadores-de-la-confeccion-de-haiti-luchan-por-su-sustento\/","og_site_name":"industriall-union","article_modified_time":"2025-01-30T10:49:57+00:00","twitter_card":"summary_large_image","twitter_misc":{"Est. reading time":"3 minutes"},"schema":{"@context":"https:\/\/schema.org","@graph":[{"@type":"WebPage","@id":"https:\/\/admin.industriall-union.org\/es\/los-trabajadores-de-la-confeccion-de-haiti-luchan-por-su-sustento\/","url":"https:\/\/admin.industriall-union.org\/es\/los-trabajadores-de-la-confeccion-de-haiti-luchan-por-su-sustento\/","name":"Los trabajadores de la confecci\u00f3n de Hait\u00ed luchan por su sustento - industriall-union","isPartOf":{"@id":"https:\/\/admin.industriall-union.org\/#website"},"datePublished":"2020-08-27T13:08:01+00:00","dateModified":"2025-01-30T10:49:57+00:00","description":"El problema persistente del incumplimiento de los pagos de aportes a la seguridad social en la industria ha llegado recientemente a un punto cr\u00edtico, con","breadcrumb":{"@id":"https:\/\/admin.industriall-union.org\/es\/los-trabajadores-de-la-confeccion-de-haiti-luchan-por-su-sustento\/#breadcrumb"},"inLanguage":"es-ES","potentialAction":[{"@type":"ReadAction","target":["https:\/\/admin.industriall-union.org\/es\/los-trabajadores-de-la-confeccion-de-haiti-luchan-por-su-sustento\/"]}]},{"@type":"BreadcrumbList","@id":"https:\/\/admin.industriall-union.org\/es\/los-trabajadores-de-la-confeccion-de-haiti-luchan-por-su-sustento\/#breadcrumb","itemListElement":[{"@type":"ListItem","position":1,"name":"Home","item":"https:\/\/admin.industriall-union.org\/"},{"@type":"ListItem","position":2,"name":"Articles","item":"https:\/\/admin.industriall-union.org\/article\/"},{"@type":"ListItem","position":3,"name":"Los trabajadores de la confecci\u00f3n de Hait\u00ed luchan por su sustento"}]},{"@type":"WebSite","@id":"https:\/\/admin.industriall-union.org\/#website","url":"https:\/\/admin.industriall-union.org\/","name":"industriall-union","description":"","potentialAction":[{"@type":"SearchAction","target":{"@type":"EntryPoint","urlTemplate":"https:\/\/admin.industriall-union.org\/?s={search_term_string}"},"query-input":{"@type":"PropertyValueSpecification","valueRequired":true,"valueName":"search_term_string"}}],"inLanguage":"es-ES"}]}},"_links":{"self":[{"href":"https:\/\/admin.industriall-union.org\/es\/wp-json\/wp\/v2\/article\/158044","targetHints":{"allow":["GET"]}}],"collection":[{"href":"https:\/\/admin.industriall-union.org\/es\/wp-json\/wp\/v2\/article"}],"about":[{"href":"https:\/\/admin.industriall-union.org\/es\/wp-json\/wp\/v2\/types\/article"}],"wp:attachment":[{"href":"https:\/\/admin.industriall-union.org\/es\/wp-json\/wp\/v2\/media?parent=158044"}],"wp:term":[{"taxonomy":"issues","embeddable":true,"href":"https:\/\/admin.industriall-union.org\/es\/wp-json\/wp\/v2\/issues?post=158044"},{"taxonomy":"companies","embeddable":true,"href":"https:\/\/admin.industriall-union.org\/es\/wp-json\/wp\/v2\/companies?post=158044"},{"taxonomy":"regions","embeddable":true,"href":"https:\/\/admin.industriall-union.org\/es\/wp-json\/wp\/v2\/regions?post=158044"},{"taxonomy":"sectors","embeddable":true,"href":"https:\/\/admin.industriall-union.org\/es\/wp-json\/wp\/v2\/sectors?post=158044"},{"taxonomy":"article_tags","embeddable":true,"href":"https:\/\/admin.industriall-union.org\/es\/wp-json\/wp\/v2\/article_tags?post=158044"}],"curies":[{"name":"wp","href":"https:\/\/api.w.org\/{rel}","templated":true}]}}