{"id":157788,"date":"2020-09-30T05:56:35","date_gmt":"2020-09-30T05:56:35","guid":{"rendered":"https:\/\/admin.industriall-union.org\/huelga-nacional-en-indonesia-para-detener-la-controversial-ley-general\/"},"modified":"2025-01-30T09:34:22","modified_gmt":"2025-01-30T09:34:22","slug":"huelga-nacional-en-indonesia-para-detener-la-controversial-ley-general","status":"publish","type":"article","link":"https:\/\/admin.industriall-union.org\/es\/huelga-nacional-en-indonesia-para-detener-la-controversial-ley-general\/","title":{"rendered":"Huelga nacional en Indonesia para detener la controversial ley general"},"content":{"rendered":"<p>El 28 de septiembre, en una conferencia de prensa, los dirigentes sindicales de la Confederaci\u00f3n Sindical de Indonesia (KSPI), la Confederaci\u00f3n de Sindicatos de Todos los Trabajadores de Indonesia (KSPSI AGN), KSPSI Yorrys y el Movimiento Nacional por el Bienestar (GEKANAS), exhortaron al parlamento y al Gobierno a no aprobar el proyecto de la ley general el 8 de octubre.<\/p><p>El presidente de la KSPI, Said Iqbal, declar\u00f3:<\/p><blockquote><p>&ldquo;5 millones de miembros sindicales de 30 provincias y 300 ciudades o distritos detendr\u00e1n la producci\u00f3n y se unir\u00e1n a la huelga nacional pac\u00edfica durante tres d\u00edas. A partir del 29 de septiembre, realizaremos manifestaciones continuas en frente del parlamento y el Ministerio de Coordinaci\u00f3n de Asuntos Econ\u00f3micos&rdquo;.<\/p><p>&ldquo;No tenemos intenciones de empeorar la situaci\u00f3n de la COVID-19, pero nos vemos forzados a tomar medidas p\u00fablicamente dado que el Gobierno no acept\u00f3 los reclamos de los trabajadores en el debate sobre el proyecto de la ley general&rdquo;.<\/p><\/blockquote><p>Decepcionados por las propuestas del Gobierno, los sindicatos sostienen que, si el proyecto de la ley general se implementa, la disposici\u00f3n sobre subcontrataci\u00f3n se flexibilizar\u00e1 sin restricciones con respecto a la duraci\u00f3n de los contratos y el tipo de ocupaciones. El trabajo por contrato vitalicio se volver\u00e1 una posibilidad.<\/p><p>Los sindicatos criticaron los intentos del Gobierno de modificar las normas con respecto al salario m\u00ednimo y la indemnizaci\u00f3n por despido, que reducen ligeramente las tasas, pero introducen cl\u00e1usulas acerca de la formaci\u00f3n.<\/p><blockquote><p>&ldquo;No hay nada de malo con la formaci\u00f3n de los trabajadores. De hecho, estamos de acuerdo con el Gobierno en revisar las normas para facilitar la inversi\u00f3n, pero los derechos y los beneficios de los trabajadores protegidos en la Ley sobre Recursos Humanos de 2003 no deben reducirse. Los sindicatos est\u00e1n preocupados por las disposiciones que hacen muy f\u00e1cil la contrataci\u00f3n y los despidos, y la licencia por vacaciones de los trabajadores tambi\u00e9n se ver\u00e1 afectada&rdquo;.<\/p><p>&ldquo;Estas propuestas afectar\u00e1n el bienestar de los trabajadores indonesios&rdquo;,<\/p><\/blockquote><p>expres\u00f3 Iqbal.<\/p><p>La secretaria regional de IndustriALL para el sudeste asi\u00e1tico, Annie Adviento, afirm\u00f3:<\/p><blockquote><p>&ldquo;IndustriALL expresa su solidaridad con nuestros afiliados que luchan contra el proyecto de la ley general. Exhortamos al Gobierno a retirar inmediatamente el conjunto de disposiciones en materia de recursos humanos del controversial proyecto de ley. El Gobierno deber\u00eda, en cambio, enfocarse en luchar contra la COVID-19 y evitar despidos masivos en el pa\u00eds&rdquo;.<\/p><\/blockquote>","protected":false},"featured_media":0,"template":"","issues":[362,425],"companies":[],"regions":[167],"sectors":[],"article_tags":[],"class_list":["post-157788","article","type-article","status-publish","hentry","issues-covid-19","issues-workers-rights","regions-indonesia"],"acf":[],"yoast_head":"<!-- This site is optimized with the Yoast SEO Premium plugin v27.1 (Yoast SEO v27.1) - https:\/\/yoast.com\/product\/yoast-seo-premium-wordpress\/ -->\n<title>Huelga nacional en Indonesia para detener la controversial ley general - industriall-union<\/title>\n<meta name=\"description\" content=\"El 28 de septiembre, en una conferencia de prensa, los dirigentes sindicales de la Confederaci\u00f3n Sindical de Indonesia (KSPI), la Confederaci\u00f3n de\" \/>\n<meta name=\"robots\" content=\"index, follow, max-snippet:-1, max-image-preview:large, max-video-preview:-1\" \/>\n<link rel=\"canonical\" href=\"https:\/\/admin.industriall-union.org\/es\/huelga-nacional-en-indonesia-para-detener-la-controversial-ley-general\/\" \/>\n<meta property=\"og:locale\" content=\"es_ES\" \/>\n<meta property=\"og:type\" content=\"article\" \/>\n<meta property=\"og:title\" content=\"Huelga nacional en Indonesia para detener la controversial ley general\" \/>\n<meta property=\"og:description\" content=\"El 28 de septiembre, en una conferencia de prensa, los dirigentes sindicales de la Confederaci\u00f3n Sindical de Indonesia (KSPI), la Confederaci\u00f3n de\" \/>\n<meta property=\"og:url\" content=\"https:\/\/admin.industriall-union.org\/es\/huelga-nacional-en-indonesia-para-detener-la-controversial-ley-general\/\" \/>\n<meta property=\"og:site_name\" content=\"industriall-union\" \/>\n<meta property=\"article:modified_time\" content=\"2025-01-30T09:34:22+00:00\" \/>\n<meta name=\"twitter:card\" content=\"summary_large_image\" \/>\n<meta name=\"twitter:label1\" content=\"Est. reading time\" \/>\n\t<meta name=\"twitter:data1\" content=\"2 minutes\" \/>\n<script type=\"application\/ld+json\" class=\"yoast-schema-graph\">{\"@context\":\"https:\/\/schema.org\",\"@graph\":[{\"@type\":\"WebPage\",\"@id\":\"https:\/\/admin.industriall-union.org\/es\/huelga-nacional-en-indonesia-para-detener-la-controversial-ley-general\/\",\"url\":\"https:\/\/admin.industriall-union.org\/es\/huelga-nacional-en-indonesia-para-detener-la-controversial-ley-general\/\",\"name\":\"Huelga nacional en Indonesia para detener la controversial ley general - industriall-union\",\"isPartOf\":{\"@id\":\"https:\/\/admin.industriall-union.org\/es\/#website\"},\"datePublished\":\"2020-09-30T05:56:35+00:00\",\"dateModified\":\"2025-01-30T09:34:22+00:00\",\"description\":\"El 28 de septiembre, en una conferencia de prensa, los dirigentes sindicales de la Confederaci\u00f3n Sindical de Indonesia (KSPI), la Confederaci\u00f3n de\",\"breadcrumb\":{\"@id\":\"https:\/\/admin.industriall-union.org\/es\/huelga-nacional-en-indonesia-para-detener-la-controversial-ley-general\/#breadcrumb\"},\"inLanguage\":\"es-ES\",\"potentialAction\":[{\"@type\":\"ReadAction\",\"target\":[\"https:\/\/admin.industriall-union.org\/es\/huelga-nacional-en-indonesia-para-detener-la-controversial-ley-general\/\"]}]},{\"@type\":\"BreadcrumbList\",\"@id\":\"https:\/\/admin.industriall-union.org\/es\/huelga-nacional-en-indonesia-para-detener-la-controversial-ley-general\/#breadcrumb\",\"itemListElement\":[{\"@type\":\"ListItem\",\"position\":1,\"name\":\"Home\",\"item\":\"https:\/\/admin.industriall-union.org\/es\/\"},{\"@type\":\"ListItem\",\"position\":2,\"name\":\"Articles\",\"item\":\"https:\/\/admin.industriall-union.org\/es\/article\/\"},{\"@type\":\"ListItem\",\"position\":3,\"name\":\"Huelga nacional en Indonesia para detener la controversial ley general\"}]},{\"@type\":\"WebSite\",\"@id\":\"https:\/\/admin.industriall-union.org\/es\/#website\",\"url\":\"https:\/\/admin.industriall-union.org\/es\/\",\"name\":\"industriall-union\",\"description\":\"\",\"potentialAction\":[{\"@type\":\"SearchAction\",\"target\":{\"@type\":\"EntryPoint\",\"urlTemplate\":\"https:\/\/admin.industriall-union.org\/es\/?s={search_term_string}\"},\"query-input\":{\"@type\":\"PropertyValueSpecification\",\"valueRequired\":true,\"valueName\":\"search_term_string\"}}],\"inLanguage\":\"es-ES\"}]}<\/script>\n<!-- \/ Yoast SEO Premium plugin. -->","yoast_head_json":{"title":"Huelga nacional en Indonesia para detener la controversial ley general - industriall-union","description":"El 28 de septiembre, en una conferencia de prensa, los dirigentes sindicales de la Confederaci\u00f3n Sindical de Indonesia (KSPI), la Confederaci\u00f3n de","robots":{"index":"index","follow":"follow","max-snippet":"max-snippet:-1","max-image-preview":"max-image-preview:large","max-video-preview":"max-video-preview:-1"},"canonical":"https:\/\/admin.industriall-union.org\/es\/huelga-nacional-en-indonesia-para-detener-la-controversial-ley-general\/","og_locale":"es_ES","og_type":"article","og_title":"Huelga nacional en Indonesia para detener la controversial ley general","og_description":"El 28 de septiembre, en una conferencia de prensa, los dirigentes sindicales de la Confederaci\u00f3n Sindical de Indonesia (KSPI), la Confederaci\u00f3n de","og_url":"https:\/\/admin.industriall-union.org\/es\/huelga-nacional-en-indonesia-para-detener-la-controversial-ley-general\/","og_site_name":"industriall-union","article_modified_time":"2025-01-30T09:34:22+00:00","twitter_card":"summary_large_image","twitter_misc":{"Est. reading time":"2 minutes"},"schema":{"@context":"https:\/\/schema.org","@graph":[{"@type":"WebPage","@id":"https:\/\/admin.industriall-union.org\/es\/huelga-nacional-en-indonesia-para-detener-la-controversial-ley-general\/","url":"https:\/\/admin.industriall-union.org\/es\/huelga-nacional-en-indonesia-para-detener-la-controversial-ley-general\/","name":"Huelga nacional en Indonesia para detener la controversial ley general - industriall-union","isPartOf":{"@id":"https:\/\/admin.industriall-union.org\/es\/#website"},"datePublished":"2020-09-30T05:56:35+00:00","dateModified":"2025-01-30T09:34:22+00:00","description":"El 28 de septiembre, en una conferencia de prensa, los dirigentes sindicales de la Confederaci\u00f3n Sindical de Indonesia (KSPI), la Confederaci\u00f3n de","breadcrumb":{"@id":"https:\/\/admin.industriall-union.org\/es\/huelga-nacional-en-indonesia-para-detener-la-controversial-ley-general\/#breadcrumb"},"inLanguage":"es-ES","potentialAction":[{"@type":"ReadAction","target":["https:\/\/admin.industriall-union.org\/es\/huelga-nacional-en-indonesia-para-detener-la-controversial-ley-general\/"]}]},{"@type":"BreadcrumbList","@id":"https:\/\/admin.industriall-union.org\/es\/huelga-nacional-en-indonesia-para-detener-la-controversial-ley-general\/#breadcrumb","itemListElement":[{"@type":"ListItem","position":1,"name":"Home","item":"https:\/\/admin.industriall-union.org\/es\/"},{"@type":"ListItem","position":2,"name":"Articles","item":"https:\/\/admin.industriall-union.org\/es\/article\/"},{"@type":"ListItem","position":3,"name":"Huelga nacional en Indonesia para detener la controversial ley general"}]},{"@type":"WebSite","@id":"https:\/\/admin.industriall-union.org\/es\/#website","url":"https:\/\/admin.industriall-union.org\/es\/","name":"industriall-union","description":"","potentialAction":[{"@type":"SearchAction","target":{"@type":"EntryPoint","urlTemplate":"https:\/\/admin.industriall-union.org\/es\/?s={search_term_string}"},"query-input":{"@type":"PropertyValueSpecification","valueRequired":true,"valueName":"search_term_string"}}],"inLanguage":"es-ES"}]}},"_links":{"self":[{"href":"https:\/\/admin.industriall-union.org\/es\/wp-json\/wp\/v2\/article\/157788","targetHints":{"allow":["GET"]}}],"collection":[{"href":"https:\/\/admin.industriall-union.org\/es\/wp-json\/wp\/v2\/article"}],"about":[{"href":"https:\/\/admin.industriall-union.org\/es\/wp-json\/wp\/v2\/types\/article"}],"wp:attachment":[{"href":"https:\/\/admin.industriall-union.org\/es\/wp-json\/wp\/v2\/media?parent=157788"}],"wp:term":[{"taxonomy":"issues","embeddable":true,"href":"https:\/\/admin.industriall-union.org\/es\/wp-json\/wp\/v2\/issues?post=157788"},{"taxonomy":"companies","embeddable":true,"href":"https:\/\/admin.industriall-union.org\/es\/wp-json\/wp\/v2\/companies?post=157788"},{"taxonomy":"regions","embeddable":true,"href":"https:\/\/admin.industriall-union.org\/es\/wp-json\/wp\/v2\/regions?post=157788"},{"taxonomy":"sectors","embeddable":true,"href":"https:\/\/admin.industriall-union.org\/es\/wp-json\/wp\/v2\/sectors?post=157788"},{"taxonomy":"article_tags","embeddable":true,"href":"https:\/\/admin.industriall-union.org\/es\/wp-json\/wp\/v2\/article_tags?post=157788"}],"curies":[{"name":"wp","href":"https:\/\/api.w.org\/{rel}","templated":true}]}}