{"id":157786,"date":"2020-09-30T07:00:41","date_gmt":"2020-09-30T07:00:41","guid":{"rendered":"https:\/\/admin.industriall-union.org\/los-sindicatos-alemanes-se-enfrentan-a-continental\/"},"modified":"2025-01-30T09:31:21","modified_gmt":"2025-01-30T09:31:21","slug":"los-sindicatos-alemanes-se-enfrentan-a-continental","status":"publish","type":"article","link":"https:\/\/admin.industriall-union.org\/es\/los-sindicatos-alemanes-se-enfrentan-a-continental\/","title":{"rendered":"Los sindicatos alemanes se enfrentan a Continental"},"content":{"rendered":"<p>Continental expres\u00f3 que los recortes anunciados responden a una combinaci\u00f3n de la baja producci\u00f3n de veh\u00edculos y la crisis econ\u00f3mica causada por la pandemia. En total, Continental planea recortar 13.000 puestos de trabajo en Alemania, lo que se suma a un total mundial de 30.000 empleos a &ldquo;modificar, reubicar o despedir&rdquo;.<\/p><p>Los sindicatos alemanes IG BCE e IG Metall expresaron que las razones del anuncio sorpresa no son verdaderas y que esto se trata de &ldquo;recortar por recortar&rdquo;.<\/p><p>En respuesta al anuncio de Continental de cerrar su f\u00e1brica en Aquisgr\u00e1n para finales de 2021, miles se manifestaron en la ciudad el 23 de septiembre, usando mascarillas y manteniendo distancias seguras.<\/p><figure class=\"imageArticle imageMedium\"><img decoding=\"async\" alt=\"\" src=\"\/wp-content\/uploads\/images\/2020\/GERMANY\/Continental\/screenshot_2020-09-29_at_17.25.21.png\" style=\"width: 600px;height: 338px\" \/><figcaption class=\"imageContent\">&nbsp;<\/figcaption><\/figure><p>El 29 de septiembre, 2000 personas se manifestaron en frente al edificio donde se reuni\u00f3 la junta de supervisi\u00f3n de Continental en Hannover.<\/p><figure class=\"imageArticle imageMedium imageOverlay\"><img decoding=\"async\" alt=\"\" src=\"\/wp-content\/uploads\/images\/2020\/GERMANY\/Continental\/screenshot_2020-09-29_at_15.57.17.png\" style=\"width: 600px;height: 399px\" \/><figcaption class=\"imageContent\">&nbsp;<\/figcaption><\/figure><p>El presidente de IG BCE, Michael Vassiliadis, se dirigi\u00f3 a los manifestantes:<\/p><blockquote><p>&ldquo;Este es un ejemplo de una empresa alemana que decide abandonar el camino de la solidaridad y la responsabilidad social que nos ha guiado hasta ahora en esta crisis, sin tomar en cuenta el futuro de las personas y las comunidades afectadas. Los propietarios deben terminar con este ataque al personal y allanar el camino hacia alternativas inteligentes&rdquo;.<\/p><\/blockquote><p>El presidente de IndustriALL e IG Metall, J\u00f6rg Hofmann, expres\u00f3:<\/p><blockquote><p>&ldquo;Es indecente que una empresa reciba un apoyo financiado por impuestos mientras se aprovecha de la crisis para reubicar el trabajo a pa\u00edses de salarios bajos. Cuanto m\u00e1s se prolongue la crisis, m\u00e1s presi\u00f3n habr\u00e1 sobre el empleo. Sin embargo, las empresas deber\u00edan invertir en investigaci\u00f3n y desarrollo para poder adaptarse a la descarbonizaci\u00f3n y la digitalizaci\u00f3n&rdquo;.<\/p><\/blockquote><p>El comit\u00e9 de empresa de Continental emiti\u00f3 una petici\u00f3n para exigir que los despidos anunciados se suspendan hasta que se finalicen las negociaciones con los sindicatos. Los sindicatos reiteran que la estabilidad laboral y las perspectivas sostenibles para todos los empleados siguen siendo su prioridad principal, por lo que piden tener voz y voto en la toma de las decisiones venideras.<\/p><section class=\"boxTurquoise\"><h3>&ldquo;Como representantes de los empleados, hemos demostrado repetidamente nuestra voluntad de encontrar soluciones y creatividad en beneficio de los intereses tanto de los empleados como de la empresa&rdquo;, expres\u00f3 el comit\u00e9 de empresa.<\/h3><\/section><p>El secretario general adjunto de IndustriALL, Kemal \u00d6zkan, declar\u00f3 que el sindicato mundial comparte la indignaci\u00f3n de sus dos afiliados alemanes:<\/p><blockquote><p>&ldquo;El anuncio de Continental de cerrar la f\u00e1brica de Aquisgr\u00e1n y recortar 30.000 puestos de trabajo a nivel mundial, incluidos los 13.000 en Alemania, es una traici\u00f3n. El Estado alem\u00e1n est\u00e1 proporcionando un apoyo significativo a las empresas durante la crisis de la COVID, por lo que es absolutamente inaceptable que las empresas aprovechen la oportunidad para reubicar puestos de trabajo a pa\u00edses de salarios bajos&rdquo;.<\/p><\/blockquote>","protected":false},"featured_media":0,"template":"","issues":[362,425],"companies":[],"regions":[219],"sectors":[473],"article_tags":[],"class_list":["post-157786","article","type-article","status-publish","hentry","issues-covid-19","issues-workers-rights","regions-germany","sectors-rubber"],"acf":[],"yoast_head":"<!-- This site is optimized with the Yoast SEO Premium plugin v27.1 (Yoast SEO v27.1) - https:\/\/yoast.com\/product\/yoast-seo-premium-wordpress\/ -->\n<title>Los sindicatos alemanes se enfrentan a Continental - industriall-union<\/title>\n<meta name=\"description\" content=\"Continental expres\u00f3 que los recortes anunciados responden a una combinaci\u00f3n de la baja producci\u00f3n de veh\u00edculos y la crisis econ\u00f3mica causada por la\" \/>\n<meta name=\"robots\" content=\"index, follow, max-snippet:-1, max-image-preview:large, max-video-preview:-1\" \/>\n<link rel=\"canonical\" href=\"https:\/\/admin.industriall-union.org\/es\/los-sindicatos-alemanes-se-enfrentan-a-continental\/\" \/>\n<meta property=\"og:locale\" content=\"es_ES\" \/>\n<meta property=\"og:type\" content=\"article\" \/>\n<meta property=\"og:title\" content=\"Los sindicatos alemanes se enfrentan a Continental\" \/>\n<meta property=\"og:description\" content=\"Continental expres\u00f3 que los recortes anunciados responden a una combinaci\u00f3n de la baja producci\u00f3n de veh\u00edculos y la crisis econ\u00f3mica causada por la\" \/>\n<meta property=\"og:url\" content=\"https:\/\/admin.industriall-union.org\/es\/los-sindicatos-alemanes-se-enfrentan-a-continental\/\" \/>\n<meta property=\"og:site_name\" content=\"industriall-union\" \/>\n<meta property=\"article:modified_time\" content=\"2025-01-30T09:31:21+00:00\" \/>\n<meta name=\"twitter:card\" content=\"summary_large_image\" \/>\n<meta name=\"twitter:label1\" content=\"Est. reading time\" \/>\n\t<meta name=\"twitter:data1\" content=\"2 minutes\" \/>\n<script type=\"application\/ld+json\" class=\"yoast-schema-graph\">{\"@context\":\"https:\/\/schema.org\",\"@graph\":[{\"@type\":\"WebPage\",\"@id\":\"https:\/\/admin.industriall-union.org\/es\/los-sindicatos-alemanes-se-enfrentan-a-continental\/\",\"url\":\"https:\/\/admin.industriall-union.org\/es\/los-sindicatos-alemanes-se-enfrentan-a-continental\/\",\"name\":\"Los sindicatos alemanes se enfrentan a Continental - industriall-union\",\"isPartOf\":{\"@id\":\"https:\/\/admin.industriall-union.org\/#website\"},\"datePublished\":\"2020-09-30T07:00:41+00:00\",\"dateModified\":\"2025-01-30T09:31:21+00:00\",\"description\":\"Continental expres\u00f3 que los recortes anunciados responden a una combinaci\u00f3n de la baja producci\u00f3n de veh\u00edculos y la crisis econ\u00f3mica causada por la\",\"breadcrumb\":{\"@id\":\"https:\/\/admin.industriall-union.org\/es\/los-sindicatos-alemanes-se-enfrentan-a-continental\/#breadcrumb\"},\"inLanguage\":\"es-ES\",\"potentialAction\":[{\"@type\":\"ReadAction\",\"target\":[\"https:\/\/admin.industriall-union.org\/es\/los-sindicatos-alemanes-se-enfrentan-a-continental\/\"]}]},{\"@type\":\"BreadcrumbList\",\"@id\":\"https:\/\/admin.industriall-union.org\/es\/los-sindicatos-alemanes-se-enfrentan-a-continental\/#breadcrumb\",\"itemListElement\":[{\"@type\":\"ListItem\",\"position\":1,\"name\":\"Home\",\"item\":\"https:\/\/admin.industriall-union.org\/\"},{\"@type\":\"ListItem\",\"position\":2,\"name\":\"Articles\",\"item\":\"https:\/\/admin.industriall-union.org\/article\/\"},{\"@type\":\"ListItem\",\"position\":3,\"name\":\"Los sindicatos alemanes se enfrentan a Continental\"}]},{\"@type\":\"WebSite\",\"@id\":\"https:\/\/admin.industriall-union.org\/#website\",\"url\":\"https:\/\/admin.industriall-union.org\/\",\"name\":\"industriall-union\",\"description\":\"\",\"potentialAction\":[{\"@type\":\"SearchAction\",\"target\":{\"@type\":\"EntryPoint\",\"urlTemplate\":\"https:\/\/admin.industriall-union.org\/?s={search_term_string}\"},\"query-input\":{\"@type\":\"PropertyValueSpecification\",\"valueRequired\":true,\"valueName\":\"search_term_string\"}}],\"inLanguage\":\"es-ES\"}]}<\/script>\n<!-- \/ Yoast SEO Premium plugin. -->","yoast_head_json":{"title":"Los sindicatos alemanes se enfrentan a Continental - industriall-union","description":"Continental expres\u00f3 que los recortes anunciados responden a una combinaci\u00f3n de la baja producci\u00f3n de veh\u00edculos y la crisis econ\u00f3mica causada por la","robots":{"index":"index","follow":"follow","max-snippet":"max-snippet:-1","max-image-preview":"max-image-preview:large","max-video-preview":"max-video-preview:-1"},"canonical":"https:\/\/admin.industriall-union.org\/es\/los-sindicatos-alemanes-se-enfrentan-a-continental\/","og_locale":"es_ES","og_type":"article","og_title":"Los sindicatos alemanes se enfrentan a Continental","og_description":"Continental expres\u00f3 que los recortes anunciados responden a una combinaci\u00f3n de la baja producci\u00f3n de veh\u00edculos y la crisis econ\u00f3mica causada por la","og_url":"https:\/\/admin.industriall-union.org\/es\/los-sindicatos-alemanes-se-enfrentan-a-continental\/","og_site_name":"industriall-union","article_modified_time":"2025-01-30T09:31:21+00:00","twitter_card":"summary_large_image","twitter_misc":{"Est. reading time":"2 minutes"},"schema":{"@context":"https:\/\/schema.org","@graph":[{"@type":"WebPage","@id":"https:\/\/admin.industriall-union.org\/es\/los-sindicatos-alemanes-se-enfrentan-a-continental\/","url":"https:\/\/admin.industriall-union.org\/es\/los-sindicatos-alemanes-se-enfrentan-a-continental\/","name":"Los sindicatos alemanes se enfrentan a Continental - industriall-union","isPartOf":{"@id":"https:\/\/admin.industriall-union.org\/#website"},"datePublished":"2020-09-30T07:00:41+00:00","dateModified":"2025-01-30T09:31:21+00:00","description":"Continental expres\u00f3 que los recortes anunciados responden a una combinaci\u00f3n de la baja producci\u00f3n de veh\u00edculos y la crisis econ\u00f3mica causada por la","breadcrumb":{"@id":"https:\/\/admin.industriall-union.org\/es\/los-sindicatos-alemanes-se-enfrentan-a-continental\/#breadcrumb"},"inLanguage":"es-ES","potentialAction":[{"@type":"ReadAction","target":["https:\/\/admin.industriall-union.org\/es\/los-sindicatos-alemanes-se-enfrentan-a-continental\/"]}]},{"@type":"BreadcrumbList","@id":"https:\/\/admin.industriall-union.org\/es\/los-sindicatos-alemanes-se-enfrentan-a-continental\/#breadcrumb","itemListElement":[{"@type":"ListItem","position":1,"name":"Home","item":"https:\/\/admin.industriall-union.org\/"},{"@type":"ListItem","position":2,"name":"Articles","item":"https:\/\/admin.industriall-union.org\/article\/"},{"@type":"ListItem","position":3,"name":"Los sindicatos alemanes se enfrentan a Continental"}]},{"@type":"WebSite","@id":"https:\/\/admin.industriall-union.org\/#website","url":"https:\/\/admin.industriall-union.org\/","name":"industriall-union","description":"","potentialAction":[{"@type":"SearchAction","target":{"@type":"EntryPoint","urlTemplate":"https:\/\/admin.industriall-union.org\/?s={search_term_string}"},"query-input":{"@type":"PropertyValueSpecification","valueRequired":true,"valueName":"search_term_string"}}],"inLanguage":"es-ES"}]}},"_links":{"self":[{"href":"https:\/\/admin.industriall-union.org\/es\/wp-json\/wp\/v2\/article\/157786","targetHints":{"allow":["GET"]}}],"collection":[{"href":"https:\/\/admin.industriall-union.org\/es\/wp-json\/wp\/v2\/article"}],"about":[{"href":"https:\/\/admin.industriall-union.org\/es\/wp-json\/wp\/v2\/types\/article"}],"wp:attachment":[{"href":"https:\/\/admin.industriall-union.org\/es\/wp-json\/wp\/v2\/media?parent=157786"}],"wp:term":[{"taxonomy":"issues","embeddable":true,"href":"https:\/\/admin.industriall-union.org\/es\/wp-json\/wp\/v2\/issues?post=157786"},{"taxonomy":"companies","embeddable":true,"href":"https:\/\/admin.industriall-union.org\/es\/wp-json\/wp\/v2\/companies?post=157786"},{"taxonomy":"regions","embeddable":true,"href":"https:\/\/admin.industriall-union.org\/es\/wp-json\/wp\/v2\/regions?post=157786"},{"taxonomy":"sectors","embeddable":true,"href":"https:\/\/admin.industriall-union.org\/es\/wp-json\/wp\/v2\/sectors?post=157786"},{"taxonomy":"article_tags","embeddable":true,"href":"https:\/\/admin.industriall-union.org\/es\/wp-json\/wp\/v2\/article_tags?post=157786"}],"curies":[{"name":"wp","href":"https:\/\/api.w.org\/{rel}","templated":true}]}}