{"id":157766,"date":"2020-10-08T11:24:23","date_gmt":"2020-10-08T11:24:23","guid":{"rendered":"https:\/\/admin.industriall-union.org\/las-federaciones-sindicales-de-sudafrica-se-unen-para-realizar-una-huelga-nacional\/"},"modified":"2025-01-30T09:08:02","modified_gmt":"2025-01-30T09:08:02","slug":"las-federaciones-sindicales-de-sudafrica-se-unen-para-realizar-una-huelga-nacional","status":"publish","type":"article","link":"https:\/\/admin.industriall-union.org\/es\/las-federaciones-sindicales-de-sudafrica-se-unen-para-realizar-una-huelga-nacional\/","title":{"rendered":"Las federaciones sindicales de Sud\u00e1frica se unen para realizar una huelga nacional"},"content":{"rendered":"<p>La huelga nacional del 7 de octubre, que coincidi\u00f3 con la Jornada Mundial por el Trabajo Decente, fue convocada por el Congreso de Sindicatos Sudafricanos (COSATU) con el apoyo de otras federaciones principales: la Federaci\u00f3n de Sindicatos de Sud\u00e1frica (FEDUSA), la Federaci\u00f3n Sudafricana de Sindicatos (SAFTU) y el Consejo Nacional de Sindicatos (NACTU).<\/p><p>Los <a href=\"http:\/\/www.industriall-union.org\/affiliates\/south-africa\">cinco afiliados en Sud\u00e1frica<\/a> de IndustriALL Global Union pertenecen a tres de estas federaciones. En conjunto, la suma de los miembros de las federaciones representa a millones de trabajadores. Los sindicatos afirman que la ley debe utilizarse para hacer frente a la corrupci\u00f3n a trav\u00e9s del procesamiento judicial y que deben establecerse estrategias anticorrupci\u00f3n.<\/p><p>Asimismo, exigen que se ponga fin a la violencia de g\u00e9nero y que el gobierno ratifique el Convenio 190 sobre la lucha contra la violencia y el acoso en el trabajo y elabore un plan de implementaci\u00f3n. Tambi\u00e9n reclaman el cierre de la brecha salarial de g\u00e9nero.<\/p><p>En cuanto a la salud y la seguridad, los sindicatos piden que los empleadores cumplan las leyes laborales y no dejen la carga en manos de los trabajadores y sus familias.<\/p><p>Las peticiones presentadas por los sindicatos exigen al gobierno que tome medidas para evitar reducciones de personal, ya que durante el confinamiento por la COVID-19, que comenz\u00f3 en marzo, se perdieron m\u00e1s de dos millones de puestos de trabajo en el pa\u00eds. Estos despidos, que han sido significativos en sectores como la miner\u00eda, contribuyeron a los ya elevados niveles de desempleo. Seg\u00fan el departamento de estad\u00edsticas de Sud\u00e1frica, la tasa de desempleo ampliado, que incluye a las personas que han renunciado a buscar trabajo, es del 42 por ciento.<\/p><p>Los sindicatos afirman que se est\u00e1n atacando los convenios colectivos y exigen la modificaci\u00f3n de las leyes laborales para obligar a los empleadores a cumplir. Adem\u00e1s, los empleadores no promueven el di\u00e1logo social, sino que, por el contrario, ignoran la legislaci\u00f3n en materia de trabajo y los convenios existentes.<\/p><p>Joseph Montisetse, presidente del Sindicato Nacional de Mineros (NUM), afirm\u00f3 que los sindicatos estaban consternados ante &ldquo;la corrupci\u00f3n vinculada al Programa de asistencia temporal para empleadores y empleados del Fondo de Seguro de Desempleo, originalmente destinado a beneficiar a los trabajadores despedidos y tambi\u00e9n a los empleadores con problemas econ\u00f3micos debido a la COVID-19&rdquo;. Algunos empleadores solicitaron fondos de asistencia por la COVID-19 pero no les pagaron a los trabajadores y desde entonces han sido detenidos por fraude.<\/p><p>Irvin Jim, secretario general del Sindicato Nacional de Trabajadores Metal\u00fargicos de Sud\u00e1frica (NUMSA), declar\u00f3: &ldquo;Los empleadores no desperdiciaron la crisis impuesta por la COVID-19 y el confinamiento, que utilizaron para vulnerar los salarios de los trabajadores al imponer, de manera unilateral, recortes salariales del 20-25 por ciento sin consultar con el sindicato&rdquo;. Pero los sindicatos se est\u00e1n defendiendo.<\/p><p>Como parte de la huelga nacional, el Sindicato Sudafricano de Trabajadores de la Industria Textil y de la Confecci\u00f3n (SACTWU) hizo un piquete frente a las oficinas del comerciante minorista de ropa Cape Union Mart, en Johannesburgo, para exigir que respetara los convenios colectivos firmados y dejara de utilizar amenazas e intimidaciones para obligar a los trabajadores a firmar nuevos contratos inferiores a los existentes.<\/p><p>Andr\u00e9 Kriel, secretario general del SACTWU, expres\u00f3:&nbsp;<\/p><blockquote><p>&ldquo;La huelga del COSATU es significativa porque es unificadora. Confirma concretamente que todos los trabajadores sudafricanos, independientemente de su afiliaci\u00f3n a la federaci\u00f3n sindical, tienen claros los problemas fundamentales comunes que deben combatir en las circunstancias actuales: la corrupci\u00f3n en el sector p\u00fablico y privado, la p\u00e9rdida de puestos de trabajo, los ataques a la negociaci\u00f3n colectiva y la violencia de g\u00e9nero&rdquo;.<\/p><\/blockquote><p>El secretario general de IndustriALL Global Union, Valter Sanches, expres\u00f3:<\/p><blockquote><p>&ldquo;Nos solidarizamos con los millones de trabajadores sudafricanos que luchan por sus empleos, contra la violencia de g\u00e9nero y por la protecci\u00f3n de la negociaci\u00f3n colectiva. Estas son cuestiones ubicadas en el centro de las actividades sindicales, y no se debe permitir que los empleadores destruyan lo que el sindicato ha conseguido a trav\u00e9s de a\u00f1os de lucha&rdquo;.<\/p><\/blockquote>","protected":false},"featured_media":0,"template":"","issues":[397],"companies":[],"regions":[350,311],"sectors":[],"article_tags":[535],"class_list":["post-157766","article","type-article","status-publish","hentry","issues-women","regions-south-africa","regions-sub-saharan-africa","article_tags-world-day-for-decent-work-wddw"],"acf":[],"yoast_head":"<!-- This site is optimized with the Yoast SEO Premium plugin v27.1 (Yoast SEO v27.1) - https:\/\/yoast.com\/product\/yoast-seo-premium-wordpress\/ -->\n<title>Las federaciones sindicales de Sud\u00e1frica se unen para realizar una huelga nacional - industriall-union<\/title>\n<meta name=\"description\" content=\"La huelga nacional del 7 de octubre, que coincidi\u00f3 con la Jornada Mundial por el Trabajo Decente, fue convocada por el Congreso de Sindicatos Sudafricanos\" \/>\n<meta name=\"robots\" content=\"index, follow, max-snippet:-1, max-image-preview:large, max-video-preview:-1\" \/>\n<link rel=\"canonical\" href=\"https:\/\/admin.industriall-union.org\/es\/las-federaciones-sindicales-de-sudafrica-se-unen-para-realizar-una-huelga-nacional\/\" \/>\n<meta property=\"og:locale\" content=\"es_ES\" \/>\n<meta property=\"og:type\" content=\"article\" \/>\n<meta property=\"og:title\" content=\"Las federaciones sindicales de Sud\u00e1frica se unen para realizar una huelga nacional\" \/>\n<meta property=\"og:description\" content=\"La huelga nacional del 7 de octubre, que coincidi\u00f3 con la Jornada Mundial por el Trabajo Decente, fue convocada por el Congreso de Sindicatos Sudafricanos\" \/>\n<meta property=\"og:url\" content=\"https:\/\/admin.industriall-union.org\/es\/las-federaciones-sindicales-de-sudafrica-se-unen-para-realizar-una-huelga-nacional\/\" \/>\n<meta property=\"og:site_name\" content=\"industriall-union\" \/>\n<meta property=\"article:modified_time\" content=\"2025-01-30T09:08:02+00:00\" \/>\n<meta name=\"twitter:card\" content=\"summary_large_image\" \/>\n<meta name=\"twitter:label1\" content=\"Est. reading time\" \/>\n\t<meta name=\"twitter:data1\" content=\"4 minutes\" \/>\n<script type=\"application\/ld+json\" class=\"yoast-schema-graph\">{\"@context\":\"https:\/\/schema.org\",\"@graph\":[{\"@type\":\"WebPage\",\"@id\":\"https:\/\/admin.industriall-union.org\/es\/las-federaciones-sindicales-de-sudafrica-se-unen-para-realizar-una-huelga-nacional\/\",\"url\":\"https:\/\/admin.industriall-union.org\/es\/las-federaciones-sindicales-de-sudafrica-se-unen-para-realizar-una-huelga-nacional\/\",\"name\":\"Las federaciones sindicales de Sud\u00e1frica se unen para realizar una huelga nacional - industriall-union\",\"isPartOf\":{\"@id\":\"https:\/\/admin.industriall-union.org\/#website\"},\"datePublished\":\"2020-10-08T11:24:23+00:00\",\"dateModified\":\"2025-01-30T09:08:02+00:00\",\"description\":\"La huelga nacional del 7 de octubre, que coincidi\u00f3 con la Jornada Mundial por el Trabajo Decente, fue convocada por el Congreso de Sindicatos Sudafricanos\",\"breadcrumb\":{\"@id\":\"https:\/\/admin.industriall-union.org\/es\/las-federaciones-sindicales-de-sudafrica-se-unen-para-realizar-una-huelga-nacional\/#breadcrumb\"},\"inLanguage\":\"es-ES\",\"potentialAction\":[{\"@type\":\"ReadAction\",\"target\":[\"https:\/\/admin.industriall-union.org\/es\/las-federaciones-sindicales-de-sudafrica-se-unen-para-realizar-una-huelga-nacional\/\"]}]},{\"@type\":\"BreadcrumbList\",\"@id\":\"https:\/\/admin.industriall-union.org\/es\/las-federaciones-sindicales-de-sudafrica-se-unen-para-realizar-una-huelga-nacional\/#breadcrumb\",\"itemListElement\":[{\"@type\":\"ListItem\",\"position\":1,\"name\":\"Home\",\"item\":\"https:\/\/admin.industriall-union.org\/\"},{\"@type\":\"ListItem\",\"position\":2,\"name\":\"Articles\",\"item\":\"https:\/\/admin.industriall-union.org\/article\/\"},{\"@type\":\"ListItem\",\"position\":3,\"name\":\"Las federaciones sindicales de Sud\u00e1frica se unen para realizar una huelga nacional\"}]},{\"@type\":\"WebSite\",\"@id\":\"https:\/\/admin.industriall-union.org\/#website\",\"url\":\"https:\/\/admin.industriall-union.org\/\",\"name\":\"industriall-union\",\"description\":\"\",\"potentialAction\":[{\"@type\":\"SearchAction\",\"target\":{\"@type\":\"EntryPoint\",\"urlTemplate\":\"https:\/\/admin.industriall-union.org\/?s={search_term_string}\"},\"query-input\":{\"@type\":\"PropertyValueSpecification\",\"valueRequired\":true,\"valueName\":\"search_term_string\"}}],\"inLanguage\":\"es-ES\"}]}<\/script>\n<!-- \/ Yoast SEO Premium plugin. -->","yoast_head_json":{"title":"Las federaciones sindicales de Sud\u00e1frica se unen para realizar una huelga nacional - industriall-union","description":"La huelga nacional del 7 de octubre, que coincidi\u00f3 con la Jornada Mundial por el Trabajo Decente, fue convocada por el Congreso de Sindicatos Sudafricanos","robots":{"index":"index","follow":"follow","max-snippet":"max-snippet:-1","max-image-preview":"max-image-preview:large","max-video-preview":"max-video-preview:-1"},"canonical":"https:\/\/admin.industriall-union.org\/es\/las-federaciones-sindicales-de-sudafrica-se-unen-para-realizar-una-huelga-nacional\/","og_locale":"es_ES","og_type":"article","og_title":"Las federaciones sindicales de Sud\u00e1frica se unen para realizar una huelga nacional","og_description":"La huelga nacional del 7 de octubre, que coincidi\u00f3 con la Jornada Mundial por el Trabajo Decente, fue convocada por el Congreso de Sindicatos Sudafricanos","og_url":"https:\/\/admin.industriall-union.org\/es\/las-federaciones-sindicales-de-sudafrica-se-unen-para-realizar-una-huelga-nacional\/","og_site_name":"industriall-union","article_modified_time":"2025-01-30T09:08:02+00:00","twitter_card":"summary_large_image","twitter_misc":{"Est. reading time":"4 minutes"},"schema":{"@context":"https:\/\/schema.org","@graph":[{"@type":"WebPage","@id":"https:\/\/admin.industriall-union.org\/es\/las-federaciones-sindicales-de-sudafrica-se-unen-para-realizar-una-huelga-nacional\/","url":"https:\/\/admin.industriall-union.org\/es\/las-federaciones-sindicales-de-sudafrica-se-unen-para-realizar-una-huelga-nacional\/","name":"Las federaciones sindicales de Sud\u00e1frica se unen para realizar una huelga nacional - industriall-union","isPartOf":{"@id":"https:\/\/admin.industriall-union.org\/#website"},"datePublished":"2020-10-08T11:24:23+00:00","dateModified":"2025-01-30T09:08:02+00:00","description":"La huelga nacional del 7 de octubre, que coincidi\u00f3 con la Jornada Mundial por el Trabajo Decente, fue convocada por el Congreso de Sindicatos Sudafricanos","breadcrumb":{"@id":"https:\/\/admin.industriall-union.org\/es\/las-federaciones-sindicales-de-sudafrica-se-unen-para-realizar-una-huelga-nacional\/#breadcrumb"},"inLanguage":"es-ES","potentialAction":[{"@type":"ReadAction","target":["https:\/\/admin.industriall-union.org\/es\/las-federaciones-sindicales-de-sudafrica-se-unen-para-realizar-una-huelga-nacional\/"]}]},{"@type":"BreadcrumbList","@id":"https:\/\/admin.industriall-union.org\/es\/las-federaciones-sindicales-de-sudafrica-se-unen-para-realizar-una-huelga-nacional\/#breadcrumb","itemListElement":[{"@type":"ListItem","position":1,"name":"Home","item":"https:\/\/admin.industriall-union.org\/"},{"@type":"ListItem","position":2,"name":"Articles","item":"https:\/\/admin.industriall-union.org\/article\/"},{"@type":"ListItem","position":3,"name":"Las federaciones sindicales de Sud\u00e1frica se unen para realizar una huelga nacional"}]},{"@type":"WebSite","@id":"https:\/\/admin.industriall-union.org\/#website","url":"https:\/\/admin.industriall-union.org\/","name":"industriall-union","description":"","potentialAction":[{"@type":"SearchAction","target":{"@type":"EntryPoint","urlTemplate":"https:\/\/admin.industriall-union.org\/?s={search_term_string}"},"query-input":{"@type":"PropertyValueSpecification","valueRequired":true,"valueName":"search_term_string"}}],"inLanguage":"es-ES"}]}},"_links":{"self":[{"href":"https:\/\/admin.industriall-union.org\/es\/wp-json\/wp\/v2\/article\/157766","targetHints":{"allow":["GET"]}}],"collection":[{"href":"https:\/\/admin.industriall-union.org\/es\/wp-json\/wp\/v2\/article"}],"about":[{"href":"https:\/\/admin.industriall-union.org\/es\/wp-json\/wp\/v2\/types\/article"}],"wp:attachment":[{"href":"https:\/\/admin.industriall-union.org\/es\/wp-json\/wp\/v2\/media?parent=157766"}],"wp:term":[{"taxonomy":"issues","embeddable":true,"href":"https:\/\/admin.industriall-union.org\/es\/wp-json\/wp\/v2\/issues?post=157766"},{"taxonomy":"companies","embeddable":true,"href":"https:\/\/admin.industriall-union.org\/es\/wp-json\/wp\/v2\/companies?post=157766"},{"taxonomy":"regions","embeddable":true,"href":"https:\/\/admin.industriall-union.org\/es\/wp-json\/wp\/v2\/regions?post=157766"},{"taxonomy":"sectors","embeddable":true,"href":"https:\/\/admin.industriall-union.org\/es\/wp-json\/wp\/v2\/sectors?post=157766"},{"taxonomy":"article_tags","embeddable":true,"href":"https:\/\/admin.industriall-union.org\/es\/wp-json\/wp\/v2\/article_tags?post=157766"}],"curies":[{"name":"wp","href":"https:\/\/api.w.org\/{rel}","templated":true}]}}