{"id":157759,"date":"2020-10-09T10:39:18","date_gmt":"2020-10-09T10:39:18","guid":{"rendered":"https:\/\/admin.industriall-union.org\/manifestaciones-en-indonesia-por-la-aprobacion-de-la-ley-general\/"},"modified":"2025-01-30T09:03:28","modified_gmt":"2025-01-30T09:03:28","slug":"manifestaciones-en-indonesia-por-la-aprobacion-de-la-ley-general","status":"publish","type":"article","link":"https:\/\/admin.industriall-union.org\/es\/manifestaciones-en-indonesia-por-la-aprobacion-de-la-ley-general\/","title":{"rendered":"Manifestaciones en Indonesia por la aprobaci\u00f3n de la ley general"},"content":{"rendered":"<p>Los trabajadores corearon el lema &ldquo;Vivan los trabajadores&rdquo; y salieron de las f\u00e1bricas. Desplegaron pancartas con los mensajes &ldquo;Descanse en paz, Parlamento&rdquo;, &ldquo;La ley general mata el futuro de nuestros nietos&rdquo; y &ldquo;Termin\u00f3 la colonizaci\u00f3n pero empez\u00f3 la colonizaci\u00f3n de los trabajadores&rdquo;.<\/p><figure class=\"imageArticle imageMedium\"><img decoding=\"async\" alt=\"\" src=\"\/wp-content\/uploads\/images\/2020\/INDONESIA\/OMNIBUS_SYMPOSIUM_JAN\/50436518501_18696e0c40_o.jpg\" style=\"width: 600px;height: 400px\" \/><figcaption class=\"imageContent\">&nbsp;<\/figcaption><\/figure><p>La huelga nacional, realizada del 6 al 8 de octubre, fue organizada por la Confederaci\u00f3n de Sindicatos de Indonesia (KSPI), la Confederaci\u00f3n del Sindicato de Todos los Trabajadores de Indonesia (KSPSI AGN), la KSPSI Yorrys, la Confederaci\u00f3n Unida de Trabajadores de Indonesia (KPBI) y el Movimiento Nacional por el Bienestar (GEKANAS). Siete afiliados de IndustriALL Global Union movilizaron a sus miembros para unirse a la huelga.<\/p><p>El presidente de KSPI y la FSPMI, Said Iqbal, declar\u00f3:<\/p><blockquote><p>&ldquo;Dos millones de trabajadores afiliados a la KSPI se unir\u00e1n a la huelga nacional para rechazar la ley general. Reiteramos que la ley vulnera gravemente los derechos laborales. Eliminar\u00e1 el salario m\u00ednimo sectorial y municipal, disminuir\u00e1 la indemnizaci\u00f3n por despido y aumentar\u00e1 la flexibilidad laboral&rdquo;.<\/p><p>&ldquo;El gobierno no debe cambiar las medidas de protecci\u00f3n existentes en la Ley sobre Recursos Humanos de 2003, en particular las disposiciones relativas a despidos, sanciones penales contra empleadores y empleo de trabajadores extranjeros&rdquo;.<\/p><\/blockquote><p>La presidenta de la Confederaci\u00f3n General de Sindicatos de Indonesia (KSBSI), Elly Rosita Silaban, expres\u00f3:<\/p><blockquote><p>&ldquo;Las medidas tomadas por los trabajadores se deben a que el gobierno no entendi\u00f3 su situaci\u00f3n durante la pandemia. Adem\u00e1s, la nueva ley degrada los derechos de los trabajadores al eliminar la mayor parte de lo que reciben hoy en d\u00eda. Estas son cuestiones cruciales, especialmente en lo que respecta a los salarios, los contratos de trabajo, la subcontrataci\u00f3n y las indemnizaciones por despido. Nos oponemos a esta ley y esperamos que el presidente pueda derogarla. Hemos preparado una demanda para interponer un recurso de revisi\u00f3n judicial ante el tribunal constitucional sobre algunos art\u00edculos que contradicen la ley&rdquo;.<\/p><\/blockquote><p>En v\u00edsperas de la huelga nacional, el Consejo de Sindicatos Mundiales emiti\u00f3 <a href=\"\/wp-content\/uploads\/documents\/2020\/INDONESIA\/cgu_letter_indonesia_omnibuslaw.pdf\">una declaraci\u00f3n conjunta<\/a> en la que exhort\u00f3 al presidente indonesio, Joko Widodo, a derogar la ley general y renegociar con los sindicatos. A su vez, inst\u00f3 al gobierno a garantizar que ninguna legislaci\u00f3n futura disminuya los derechos y beneficios garantizados por la Ley sobre Recursos Humanos.<\/p><p>El secretario general de IndustriALL, Valter Sanches, expres\u00f3:<\/p><blockquote><p>&ldquo;Desde la \u00faltima crisis mundial, m\u00e1s de 27 pa\u00edses han impulsado alguna forma de reforma de la legislaci\u00f3n laboral bajo el falso objetivo de volverse m\u00e1s atractivos para la inversi\u00f3n extranjera con menores costos laborales. No obstante, en efecto, la mayor\u00eda de estas solo atrajeron el trabajo precario. No queremos que esto suceda en Indonesia&rdquo;.<\/p><p>&ldquo;IndustriALL los felicita por su iniciativa de realizar la huelga nacional. Nos solidarizamos con su acci\u00f3n. Les deseo el mayor de los \u00e9xitos&rdquo;.<\/p><\/blockquote><p>Se han recibido denuncias de detenciones y violencia policial contra los sindicalistas e IndustriAll las est\u00e1 investigando.<\/p>","protected":false},"featured_media":0,"template":"","issues":[425],"companies":[],"regions":[155,167],"sectors":[],"article_tags":[],"class_list":["post-157759","article","type-article","status-publish","hentry","issues-workers-rights","regions-asia-pacific","regions-indonesia"],"acf":[],"yoast_head":"<!-- This site is optimized with the Yoast SEO Premium plugin v27.1 (Yoast SEO v27.1) - https:\/\/yoast.com\/product\/yoast-seo-premium-wordpress\/ -->\n<title>Manifestaciones en Indonesia por la aprobaci\u00f3n de la ley general - industriall-union<\/title>\n<meta name=\"description\" content=\"Los trabajadores corearon el lema &ldquo;Vivan los trabajadores&rdquo; y salieron de las f\u00e1bricas. Desplegaron pancartas con los mensajes &ldquo;Descanse\" \/>\n<meta name=\"robots\" content=\"index, follow, max-snippet:-1, max-image-preview:large, max-video-preview:-1\" \/>\n<link rel=\"canonical\" href=\"https:\/\/admin.industriall-union.org\/es\/manifestaciones-en-indonesia-por-la-aprobacion-de-la-ley-general\/\" \/>\n<meta property=\"og:locale\" content=\"es_ES\" \/>\n<meta property=\"og:type\" content=\"article\" \/>\n<meta property=\"og:title\" content=\"Manifestaciones en Indonesia por la aprobaci\u00f3n de la ley general\" \/>\n<meta property=\"og:description\" content=\"Los trabajadores corearon el lema &ldquo;Vivan los trabajadores&rdquo; y salieron de las f\u00e1bricas. Desplegaron pancartas con los mensajes &ldquo;Descanse\" \/>\n<meta property=\"og:url\" content=\"https:\/\/admin.industriall-union.org\/es\/manifestaciones-en-indonesia-por-la-aprobacion-de-la-ley-general\/\" \/>\n<meta property=\"og:site_name\" content=\"industriall-union\" \/>\n<meta property=\"article:modified_time\" content=\"2025-01-30T09:03:28+00:00\" \/>\n<meta name=\"twitter:card\" content=\"summary_large_image\" \/>\n<meta name=\"twitter:label1\" content=\"Est. reading time\" \/>\n\t<meta name=\"twitter:data1\" content=\"3 minutes\" \/>\n<script type=\"application\/ld+json\" class=\"yoast-schema-graph\">{\"@context\":\"https:\/\/schema.org\",\"@graph\":[{\"@type\":\"WebPage\",\"@id\":\"https:\/\/admin.industriall-union.org\/es\/manifestaciones-en-indonesia-por-la-aprobacion-de-la-ley-general\/\",\"url\":\"https:\/\/admin.industriall-union.org\/es\/manifestaciones-en-indonesia-por-la-aprobacion-de-la-ley-general\/\",\"name\":\"Manifestaciones en Indonesia por la aprobaci\u00f3n de la ley general - industriall-union\",\"isPartOf\":{\"@id\":\"https:\/\/admin.industriall-union.org\/#website\"},\"datePublished\":\"2020-10-09T10:39:18+00:00\",\"dateModified\":\"2025-01-30T09:03:28+00:00\",\"description\":\"Los trabajadores corearon el lema &ldquo;Vivan los trabajadores&rdquo; y salieron de las f\u00e1bricas. Desplegaron pancartas con los mensajes &ldquo;Descanse\",\"breadcrumb\":{\"@id\":\"https:\/\/admin.industriall-union.org\/es\/manifestaciones-en-indonesia-por-la-aprobacion-de-la-ley-general\/#breadcrumb\"},\"inLanguage\":\"es-ES\",\"potentialAction\":[{\"@type\":\"ReadAction\",\"target\":[\"https:\/\/admin.industriall-union.org\/es\/manifestaciones-en-indonesia-por-la-aprobacion-de-la-ley-general\/\"]}]},{\"@type\":\"BreadcrumbList\",\"@id\":\"https:\/\/admin.industriall-union.org\/es\/manifestaciones-en-indonesia-por-la-aprobacion-de-la-ley-general\/#breadcrumb\",\"itemListElement\":[{\"@type\":\"ListItem\",\"position\":1,\"name\":\"Home\",\"item\":\"https:\/\/admin.industriall-union.org\/\"},{\"@type\":\"ListItem\",\"position\":2,\"name\":\"Articles\",\"item\":\"https:\/\/admin.industriall-union.org\/article\/\"},{\"@type\":\"ListItem\",\"position\":3,\"name\":\"Manifestaciones en Indonesia por la aprobaci\u00f3n de la ley general\"}]},{\"@type\":\"WebSite\",\"@id\":\"https:\/\/admin.industriall-union.org\/#website\",\"url\":\"https:\/\/admin.industriall-union.org\/\",\"name\":\"industriall-union\",\"description\":\"\",\"potentialAction\":[{\"@type\":\"SearchAction\",\"target\":{\"@type\":\"EntryPoint\",\"urlTemplate\":\"https:\/\/admin.industriall-union.org\/?s={search_term_string}\"},\"query-input\":{\"@type\":\"PropertyValueSpecification\",\"valueRequired\":true,\"valueName\":\"search_term_string\"}}],\"inLanguage\":\"es-ES\"}]}<\/script>\n<!-- \/ Yoast SEO Premium plugin. -->","yoast_head_json":{"title":"Manifestaciones en Indonesia por la aprobaci\u00f3n de la ley general - industriall-union","description":"Los trabajadores corearon el lema &ldquo;Vivan los trabajadores&rdquo; y salieron de las f\u00e1bricas. Desplegaron pancartas con los mensajes &ldquo;Descanse","robots":{"index":"index","follow":"follow","max-snippet":"max-snippet:-1","max-image-preview":"max-image-preview:large","max-video-preview":"max-video-preview:-1"},"canonical":"https:\/\/admin.industriall-union.org\/es\/manifestaciones-en-indonesia-por-la-aprobacion-de-la-ley-general\/","og_locale":"es_ES","og_type":"article","og_title":"Manifestaciones en Indonesia por la aprobaci\u00f3n de la ley general","og_description":"Los trabajadores corearon el lema &ldquo;Vivan los trabajadores&rdquo; y salieron de las f\u00e1bricas. Desplegaron pancartas con los mensajes &ldquo;Descanse","og_url":"https:\/\/admin.industriall-union.org\/es\/manifestaciones-en-indonesia-por-la-aprobacion-de-la-ley-general\/","og_site_name":"industriall-union","article_modified_time":"2025-01-30T09:03:28+00:00","twitter_card":"summary_large_image","twitter_misc":{"Est. reading time":"3 minutes"},"schema":{"@context":"https:\/\/schema.org","@graph":[{"@type":"WebPage","@id":"https:\/\/admin.industriall-union.org\/es\/manifestaciones-en-indonesia-por-la-aprobacion-de-la-ley-general\/","url":"https:\/\/admin.industriall-union.org\/es\/manifestaciones-en-indonesia-por-la-aprobacion-de-la-ley-general\/","name":"Manifestaciones en Indonesia por la aprobaci\u00f3n de la ley general - industriall-union","isPartOf":{"@id":"https:\/\/admin.industriall-union.org\/#website"},"datePublished":"2020-10-09T10:39:18+00:00","dateModified":"2025-01-30T09:03:28+00:00","description":"Los trabajadores corearon el lema &ldquo;Vivan los trabajadores&rdquo; y salieron de las f\u00e1bricas. Desplegaron pancartas con los mensajes &ldquo;Descanse","breadcrumb":{"@id":"https:\/\/admin.industriall-union.org\/es\/manifestaciones-en-indonesia-por-la-aprobacion-de-la-ley-general\/#breadcrumb"},"inLanguage":"es-ES","potentialAction":[{"@type":"ReadAction","target":["https:\/\/admin.industriall-union.org\/es\/manifestaciones-en-indonesia-por-la-aprobacion-de-la-ley-general\/"]}]},{"@type":"BreadcrumbList","@id":"https:\/\/admin.industriall-union.org\/es\/manifestaciones-en-indonesia-por-la-aprobacion-de-la-ley-general\/#breadcrumb","itemListElement":[{"@type":"ListItem","position":1,"name":"Home","item":"https:\/\/admin.industriall-union.org\/"},{"@type":"ListItem","position":2,"name":"Articles","item":"https:\/\/admin.industriall-union.org\/article\/"},{"@type":"ListItem","position":3,"name":"Manifestaciones en Indonesia por la aprobaci\u00f3n de la ley general"}]},{"@type":"WebSite","@id":"https:\/\/admin.industriall-union.org\/#website","url":"https:\/\/admin.industriall-union.org\/","name":"industriall-union","description":"","potentialAction":[{"@type":"SearchAction","target":{"@type":"EntryPoint","urlTemplate":"https:\/\/admin.industriall-union.org\/?s={search_term_string}"},"query-input":{"@type":"PropertyValueSpecification","valueRequired":true,"valueName":"search_term_string"}}],"inLanguage":"es-ES"}]}},"_links":{"self":[{"href":"https:\/\/admin.industriall-union.org\/es\/wp-json\/wp\/v2\/article\/157759","targetHints":{"allow":["GET"]}}],"collection":[{"href":"https:\/\/admin.industriall-union.org\/es\/wp-json\/wp\/v2\/article"}],"about":[{"href":"https:\/\/admin.industriall-union.org\/es\/wp-json\/wp\/v2\/types\/article"}],"wp:attachment":[{"href":"https:\/\/admin.industriall-union.org\/es\/wp-json\/wp\/v2\/media?parent=157759"}],"wp:term":[{"taxonomy":"issues","embeddable":true,"href":"https:\/\/admin.industriall-union.org\/es\/wp-json\/wp\/v2\/issues?post=157759"},{"taxonomy":"companies","embeddable":true,"href":"https:\/\/admin.industriall-union.org\/es\/wp-json\/wp\/v2\/companies?post=157759"},{"taxonomy":"regions","embeddable":true,"href":"https:\/\/admin.industriall-union.org\/es\/wp-json\/wp\/v2\/regions?post=157759"},{"taxonomy":"sectors","embeddable":true,"href":"https:\/\/admin.industriall-union.org\/es\/wp-json\/wp\/v2\/sectors?post=157759"},{"taxonomy":"article_tags","embeddable":true,"href":"https:\/\/admin.industriall-union.org\/es\/wp-json\/wp\/v2\/article_tags?post=157759"}],"curies":[{"name":"wp","href":"https:\/\/api.w.org\/{rel}","templated":true}]}}