{"id":157690,"date":"2020-10-15T15:14:19","date_gmt":"2020-10-15T15:14:19","guid":{"rendered":"https:\/\/admin.industriall-union.org\/organizaciones-sociales-de-colombia-marchan-en-apoyo-a-sintracarbon\/"},"modified":"2025-01-30T08:39:21","modified_gmt":"2025-01-30T08:39:21","slug":"organizaciones-sociales-de-colombia-marchan-en-apoyo-a-sintracarbon","status":"publish","type":"article","link":"https:\/\/admin.industriall-union.org\/es\/organizaciones-sociales-de-colombia-marchan-en-apoyo-a-sintracarbon\/","title":{"rendered":"Organizaciones sociales de Colombia marchan en apoyo a Sintracarb\u00f3n"},"content":{"rendered":"<p>Bajo el llamado &ldquo;Kato&rsquo;u Wajira&rdquo; (&ldquo;Despierta Guajira&rdquo; en lengua originaria) marcharon decenas de personas pac\u00edficamente por las calles de Riohacha de la capital de La Guajira el 9 de octubre. El objetivo fue mostrar el apoyo de la comunidad a la huelga del Sindicato nacional de los trabajadores de la industria del carb\u00f3n (Sintracarb\u00f3n, afiliado a IndustriALL Global Union). &nbsp;<\/p><blockquote><p>&ldquo;La marcha sirvi\u00f3 para que la comunidad y los trabajadores le expresaran, tanto a la empresa Cerrej\u00f3n como al gobernador de la Guajira (quien se mantiene silencioso frente al conflicto), que estamos en pie de lucha y dispuestos a negociar.<\/p><p>Siempre dijimos que tenemos voluntad de di\u00e1logo y que la huelga es simplemente una herramienta. El fin del sindicato es alcanzar un acuerdo que le brinde tranquilidad a la Guajira, a los trabajadores y que le permita a la empresa reactivar la producci\u00f3n&ldquo;<\/p><\/blockquote><p>dijo el presidente de Sintracarb\u00f3n, Igor D\u00edaz, en <a href=\"https:\/\/sintracarbon.org\/negociacion-colectiva-2020\/en-la-prensa-negociacion-colectiva-2020\/la-huelga-es-una-herramienta-el-fin-del-sindicato-es-el-acuerdo-igor-diaz\/?fbclid=IwAR0K49WzpGNfXUqTom50Q4cU9SKiLlBf-0uL8m4wq5-1JY8qayAjDpmTS4E\" target=\"_blank\">declaraciones<\/a> a RCN radio.<\/p><p>Los trabajadores se encuentran en huelga desde el 31 de agosto, fecha en que &nbsp;detuvieron las operaciones en la mina de carb\u00f3n de Cerrej\u00f3n (propiedad de las multinacionales Glencore, BHP y Anglo American).<\/p><p>Tomaron la medida para rechazar un cambio de turno de trabajo que agregar\u00eda 72 d\u00edas laborables por a\u00f1o, sin ning\u00fan aumento salarial. A su vez, rechazan la intenci\u00f3n de la compa\u00f1\u00eda de reducir los beneficios establecidos en el convenio colectivo de trabajo.<\/p><p>Hace una semana iniciaron una hoja de ruta propuesta por el Ministerio de trabajo, la cual incluy\u00f3 reuniones de la autoridad laboral con cada una de las partes involucradas. Si bien anunciaron que el pr\u00f3ximo paso ser\u00e1 una instancia tripartita, Sintracarb\u00f3n dice que hasta el momento no conoce cu\u00e1ndo se va a llevar a cabo.<\/p><p>&ldquo;Hasta el momento no ha sido posible sentarnos a la mesa con Cerrej\u00f3n porque se niega. No sabemos qu\u00e9 posici\u00f3n tiene respecto a encontrarnos presencialmente las tres partes. Esperamos que si tenga la voluntad para encontrar caminos para un acuerdo, que es lo que necesita todo en el pa\u00eds, especialmente la Guajira que tan afectada est\u00e1&rdquo;<\/p><p>agreg\u00f3 el dirigente de Sintracarb\u00f3n.<\/p><p>IndustriALL&nbsp;se comunic\u00f3 m\u00e1s de una vez con las tres multinacionales para exigir que asuman la responsabilidad por esta crisis. La organizaci\u00f3n sindical mundial tambi\u00e9n le escribi\u00f3 a los clientes de Cerrej\u00f3n y a inversionistas institucionales para ponerlos al tanto de la situaci\u00f3n.<\/p><p>Por su parte, el secretario regional de IndustriALL, Marino Vani, expres\u00f3:<\/p><p>&ldquo;Felicitamos tanto a los trabajadores como a la comunidad de la Guajira por estar al frente y a la vanguardia en la lucha por la defensa de la vida y de las futuras generaciones. Esta unidad es ejemplo de cooperaci\u00f3n y solidaridad con el pr\u00f3jimo. Hay que seguir en la unidad porque sin sacrificios no habr\u00e1n avances ni&nbsp;un futuro.<\/p><p>Esperamos y apelamos a que la empresa (que tanto gan\u00f3&nbsp;y sigue ganando por estas tierras de sus ancestros) revise sus expectativas de ganancias, no abuse de su poder econ\u00f3mico y haga su parte para que encontremos mediante el di\u00e1logo una soluci\u00f3n razonable, aceptable y digna para los trabajadores y la comunidad.<\/p><p>Solo con el di\u00e1logo y propuestas concretas se encontrar\u00e1 una salida y un camino para todos, sin dejar a nadie atr\u00e1s. La lucha contin\u00faa, estamos con ustedes. Fuerza, fe y coraje; solo juntos seremos dignos de un futuro&rdquo;.&nbsp; &nbsp; &nbsp;&nbsp;<\/p><p>Si a\u00fan no lo hiciste, por favor <a href=\"https:\/\/www.labourstartcampaigns.net\/show_campaign.cgi?c=4561&amp;fbclid=IwAR35RHqyyJ-RGwNTQPQztlQcoNn8FczDcwustELKVCnq40JK6aURo4Hsn_Q\" target=\"_blank\">firma aqu\u00ed<\/a> y comparte la campa\u00f1a de IndustriALL y LabourStart para mostrar tu apoyo a Sintracarb\u00f3n.<\/p><figure class=\"imageArticle imageMedium imageOverlay colorOverlay\"><figcaption class=\"imageContent\"><div class=\"imageTitle\"><h1>Si a\u00fan no lo hiciste po<\/h1><\/div><div class=\"imageCaption\"><p>Type yur caption<\/p><\/div><\/figcaption><\/figure>","protected":false},"featured_media":0,"template":"","issues":[424,425],"companies":[8,18,60],"regions":[264,254],"sectors":[495],"article_tags":[529],"class_list":["post-157690","article","type-article","status-publish","hentry","issues-violation","issues-workers-rights","companies-angloamerican","companies-bhp","companies-glencore","regions-colombia","regions-latin-america-and-the-caribbean","sectors-mining","article_tags-strike"],"acf":[],"yoast_head":"<!-- This site is optimized with the Yoast SEO Premium plugin v27.1 (Yoast SEO v27.1) - https:\/\/yoast.com\/product\/yoast-seo-premium-wordpress\/ -->\n<title>Organizaciones sociales de Colombia marchan en apoyo a Sintracarb\u00f3n - industriall-union<\/title>\n<meta name=\"description\" content=\"Bajo el llamado &ldquo;Kato&rsquo;u Wajira&rdquo; (&ldquo;Despierta Guajira&rdquo; en lengua originaria) marcharon decenas de personas pac\u00edficamente por\" \/>\n<meta name=\"robots\" content=\"index, follow, max-snippet:-1, max-image-preview:large, max-video-preview:-1\" \/>\n<link rel=\"canonical\" href=\"https:\/\/admin.industriall-union.org\/es\/organizaciones-sociales-de-colombia-marchan-en-apoyo-a-sintracarbon\/\" \/>\n<meta property=\"og:locale\" content=\"es_ES\" \/>\n<meta property=\"og:type\" content=\"article\" \/>\n<meta property=\"og:title\" content=\"Organizaciones sociales de Colombia marchan en apoyo a Sintracarb\u00f3n\" \/>\n<meta property=\"og:description\" content=\"Bajo el llamado &ldquo;Kato&rsquo;u Wajira&rdquo; (&ldquo;Despierta Guajira&rdquo; en lengua originaria) marcharon decenas de personas pac\u00edficamente por\" \/>\n<meta property=\"og:url\" content=\"https:\/\/admin.industriall-union.org\/es\/organizaciones-sociales-de-colombia-marchan-en-apoyo-a-sintracarbon\/\" \/>\n<meta property=\"og:site_name\" content=\"industriall-union\" \/>\n<meta property=\"article:modified_time\" content=\"2025-01-30T08:39:21+00:00\" \/>\n<meta name=\"twitter:card\" content=\"summary_large_image\" \/>\n<meta name=\"twitter:label1\" content=\"Est. reading time\" \/>\n\t<meta name=\"twitter:data1\" content=\"3 minutes\" \/>\n<script type=\"application\/ld+json\" class=\"yoast-schema-graph\">{\"@context\":\"https:\/\/schema.org\",\"@graph\":[{\"@type\":\"WebPage\",\"@id\":\"https:\/\/admin.industriall-union.org\/es\/organizaciones-sociales-de-colombia-marchan-en-apoyo-a-sintracarbon\/\",\"url\":\"https:\/\/admin.industriall-union.org\/es\/organizaciones-sociales-de-colombia-marchan-en-apoyo-a-sintracarbon\/\",\"name\":\"Organizaciones sociales de Colombia marchan en apoyo a Sintracarb\u00f3n - industriall-union\",\"isPartOf\":{\"@id\":\"https:\/\/admin.industriall-union.org\/#website\"},\"datePublished\":\"2020-10-15T15:14:19+00:00\",\"dateModified\":\"2025-01-30T08:39:21+00:00\",\"description\":\"Bajo el llamado &ldquo;Kato&rsquo;u Wajira&rdquo; (&ldquo;Despierta Guajira&rdquo; en lengua originaria) marcharon decenas de personas pac\u00edficamente por\",\"breadcrumb\":{\"@id\":\"https:\/\/admin.industriall-union.org\/es\/organizaciones-sociales-de-colombia-marchan-en-apoyo-a-sintracarbon\/#breadcrumb\"},\"inLanguage\":\"es-ES\",\"potentialAction\":[{\"@type\":\"ReadAction\",\"target\":[\"https:\/\/admin.industriall-union.org\/es\/organizaciones-sociales-de-colombia-marchan-en-apoyo-a-sintracarbon\/\"]}]},{\"@type\":\"BreadcrumbList\",\"@id\":\"https:\/\/admin.industriall-union.org\/es\/organizaciones-sociales-de-colombia-marchan-en-apoyo-a-sintracarbon\/#breadcrumb\",\"itemListElement\":[{\"@type\":\"ListItem\",\"position\":1,\"name\":\"Home\",\"item\":\"https:\/\/admin.industriall-union.org\/\"},{\"@type\":\"ListItem\",\"position\":2,\"name\":\"Articles\",\"item\":\"https:\/\/admin.industriall-union.org\/article\/\"},{\"@type\":\"ListItem\",\"position\":3,\"name\":\"Organizaciones sociales de Colombia marchan en apoyo a Sintracarb\u00f3n\"}]},{\"@type\":\"WebSite\",\"@id\":\"https:\/\/admin.industriall-union.org\/#website\",\"url\":\"https:\/\/admin.industriall-union.org\/\",\"name\":\"industriall-union\",\"description\":\"\",\"potentialAction\":[{\"@type\":\"SearchAction\",\"target\":{\"@type\":\"EntryPoint\",\"urlTemplate\":\"https:\/\/admin.industriall-union.org\/?s={search_term_string}\"},\"query-input\":{\"@type\":\"PropertyValueSpecification\",\"valueRequired\":true,\"valueName\":\"search_term_string\"}}],\"inLanguage\":\"es-ES\"}]}<\/script>\n<!-- \/ Yoast SEO Premium plugin. -->","yoast_head_json":{"title":"Organizaciones sociales de Colombia marchan en apoyo a Sintracarb\u00f3n - industriall-union","description":"Bajo el llamado &ldquo;Kato&rsquo;u Wajira&rdquo; (&ldquo;Despierta Guajira&rdquo; en lengua originaria) marcharon decenas de personas pac\u00edficamente por","robots":{"index":"index","follow":"follow","max-snippet":"max-snippet:-1","max-image-preview":"max-image-preview:large","max-video-preview":"max-video-preview:-1"},"canonical":"https:\/\/admin.industriall-union.org\/es\/organizaciones-sociales-de-colombia-marchan-en-apoyo-a-sintracarbon\/","og_locale":"es_ES","og_type":"article","og_title":"Organizaciones sociales de Colombia marchan en apoyo a Sintracarb\u00f3n","og_description":"Bajo el llamado &ldquo;Kato&rsquo;u Wajira&rdquo; (&ldquo;Despierta Guajira&rdquo; en lengua originaria) marcharon decenas de personas pac\u00edficamente por","og_url":"https:\/\/admin.industriall-union.org\/es\/organizaciones-sociales-de-colombia-marchan-en-apoyo-a-sintracarbon\/","og_site_name":"industriall-union","article_modified_time":"2025-01-30T08:39:21+00:00","twitter_card":"summary_large_image","twitter_misc":{"Est. reading time":"3 minutes"},"schema":{"@context":"https:\/\/schema.org","@graph":[{"@type":"WebPage","@id":"https:\/\/admin.industriall-union.org\/es\/organizaciones-sociales-de-colombia-marchan-en-apoyo-a-sintracarbon\/","url":"https:\/\/admin.industriall-union.org\/es\/organizaciones-sociales-de-colombia-marchan-en-apoyo-a-sintracarbon\/","name":"Organizaciones sociales de Colombia marchan en apoyo a Sintracarb\u00f3n - industriall-union","isPartOf":{"@id":"https:\/\/admin.industriall-union.org\/#website"},"datePublished":"2020-10-15T15:14:19+00:00","dateModified":"2025-01-30T08:39:21+00:00","description":"Bajo el llamado &ldquo;Kato&rsquo;u Wajira&rdquo; (&ldquo;Despierta Guajira&rdquo; en lengua originaria) marcharon decenas de personas pac\u00edficamente por","breadcrumb":{"@id":"https:\/\/admin.industriall-union.org\/es\/organizaciones-sociales-de-colombia-marchan-en-apoyo-a-sintracarbon\/#breadcrumb"},"inLanguage":"es-ES","potentialAction":[{"@type":"ReadAction","target":["https:\/\/admin.industriall-union.org\/es\/organizaciones-sociales-de-colombia-marchan-en-apoyo-a-sintracarbon\/"]}]},{"@type":"BreadcrumbList","@id":"https:\/\/admin.industriall-union.org\/es\/organizaciones-sociales-de-colombia-marchan-en-apoyo-a-sintracarbon\/#breadcrumb","itemListElement":[{"@type":"ListItem","position":1,"name":"Home","item":"https:\/\/admin.industriall-union.org\/"},{"@type":"ListItem","position":2,"name":"Articles","item":"https:\/\/admin.industriall-union.org\/article\/"},{"@type":"ListItem","position":3,"name":"Organizaciones sociales de Colombia marchan en apoyo a Sintracarb\u00f3n"}]},{"@type":"WebSite","@id":"https:\/\/admin.industriall-union.org\/#website","url":"https:\/\/admin.industriall-union.org\/","name":"industriall-union","description":"","potentialAction":[{"@type":"SearchAction","target":{"@type":"EntryPoint","urlTemplate":"https:\/\/admin.industriall-union.org\/?s={search_term_string}"},"query-input":{"@type":"PropertyValueSpecification","valueRequired":true,"valueName":"search_term_string"}}],"inLanguage":"es-ES"}]}},"_links":{"self":[{"href":"https:\/\/admin.industriall-union.org\/es\/wp-json\/wp\/v2\/article\/157690","targetHints":{"allow":["GET"]}}],"collection":[{"href":"https:\/\/admin.industriall-union.org\/es\/wp-json\/wp\/v2\/article"}],"about":[{"href":"https:\/\/admin.industriall-union.org\/es\/wp-json\/wp\/v2\/types\/article"}],"wp:attachment":[{"href":"https:\/\/admin.industriall-union.org\/es\/wp-json\/wp\/v2\/media?parent=157690"}],"wp:term":[{"taxonomy":"issues","embeddable":true,"href":"https:\/\/admin.industriall-union.org\/es\/wp-json\/wp\/v2\/issues?post=157690"},{"taxonomy":"companies","embeddable":true,"href":"https:\/\/admin.industriall-union.org\/es\/wp-json\/wp\/v2\/companies?post=157690"},{"taxonomy":"regions","embeddable":true,"href":"https:\/\/admin.industriall-union.org\/es\/wp-json\/wp\/v2\/regions?post=157690"},{"taxonomy":"sectors","embeddable":true,"href":"https:\/\/admin.industriall-union.org\/es\/wp-json\/wp\/v2\/sectors?post=157690"},{"taxonomy":"article_tags","embeddable":true,"href":"https:\/\/admin.industriall-union.org\/es\/wp-json\/wp\/v2\/article_tags?post=157690"}],"curies":[{"name":"wp","href":"https:\/\/api.w.org\/{rel}","templated":true}]}}