{"id":157678,"date":"2020-10-20T08:16:52","date_gmt":"2020-10-20T08:16:52","guid":{"rendered":"https:\/\/admin.industriall-union.org\/trabajadores-sufren-duras-medidas-de-contencion-contra-la-covid-19\/"},"modified":"2025-01-30T08:33:45","modified_gmt":"2025-01-30T08:33:45","slug":"trabajadores-sufren-duras-medidas-de-contencion-contra-la-covid-19","status":"publish","type":"article","link":"https:\/\/admin.industriall-union.org\/es\/trabajadores-sufren-duras-medidas-de-contencion-contra-la-covid-19\/","title":{"rendered":"Trabajadores sufren duras medidas de contenci\u00f3n contra la COVID-19"},"content":{"rendered":"<p>Seg\u00fan los informes, el 19 de octubre la cantidad total de casos de COVID-19 en Minuwangoda Brandix aument\u00f3 a 2122, incluyendo m\u00e1s de mil trabajadores de Brandix apparel limited, sus contactos cercanos y familiares.<\/p><p>Este grupo conforma casi la mitad de la cantidad total de casos de COVID en Sri Lanka y ha recibido atenci\u00f3n a nivel nacional.<\/p><p>Los sindicatos afirman que las fuerzas armadas, que administran los centros de cuarentena de COVID, entraron, sin previo aviso y durante la noche, a las habitaciones de hospedaje de los trabajadores de la confecci\u00f3n, pidi\u00e9ndoles que se trasladen inmediatamente a estos centros.<\/p><p>Anton Marcus, del Sindicato de Trabajadores de las Zonas Francas y de los Servicios Generales, expres\u00f3:<\/p><blockquote><p>&ldquo;Si las f\u00e1bricas hubieran formado comit\u00e9s de salud tal como lo decidi\u00f3 el equipo de trabajo tripartito, se habr\u00edan identificado los problemas de salud m\u00e1s temprano y esta crisis podr\u00eda haberse evitado. Es imperativo que se formen comit\u00e9s de salud inmediatamente en cada f\u00e1brica de indumentaria&rdquo;.<\/p><p>&ldquo;Las medidas de cuarentena forzosas deben detenerse y los trabajadores deben ser tratados con dignidad. Apelamos al gobierno para que proporcione seguridad laboral y de ingresos a los trabajadores, as\u00ed como salud y seguridad, asegur\u00e1ndose al mismo tiempo de que la crisis no da\u00f1e tambi\u00e9n al sector&rdquo;.<\/p><\/blockquote><p>A los trabajadores no se les dio tiempo para prepararse o recoger sus pertenencias. Los llevaron en conjunto, sin seguir ning\u00fan proceso de seguridad como el distanciamiento social, a los distantes centros de cuarentena. No se les dio oportunidad de avisar a alguien lo que estaba pasando.<\/p><p>El hecho de que el centro de cuarentena carec\u00eda de medidas de seguridad, instalaciones sanitarias b\u00e1sicas, personal de salud y acceso a alimentos de calidad signific\u00f3 una mayor posibilidad de infecci\u00f3n entre los trabajadores en cuarentena. Los familiares de los trabajadores en cuarentena no obtuvieron ninguna informaci\u00f3n: ni siquiera los funcionarios del gobierno local sab\u00edan nada.<\/p><p>Varios informes sugieren que los directores de la empresa insistieron en mantener la producci\u00f3n para alcanzar los objetivos establecidos y no lograron detener la crisis sanitaria en desarrollo entre los trabajadores.<\/p><p>Apoorva Kaiwar, secretaria regional de IndustriALL, expres\u00f3:<\/p><blockquote><p>&ldquo;Estamos muy preocupados por las duras medidas de cuarentena y su impacto sobre los trabajadores y sus familias. El gobierno de Sri Lanka deber\u00eda seguir las normas internacionales establecidas para controlar la pandemia respetando los derechos de los pacientes. El gobierno y el empleador deber\u00edan observar que la mayor\u00eda de los pacientes del grupo de Minuwangoda Brandix son trabajadoras y asegurarse de que se les proporcionen medidas de seguridad y salud apropiadas&rdquo;.<\/p><\/blockquote><p><em><strong>Cr\u00e9dito fotogr\u00e1fico:<\/strong> Trabajadores en Nordtext, Colombo, Sri Lanka. Banco de Desarrollo de Asia, Flickr<\/em><\/p>","protected":false},"featured_media":0,"template":"","issues":[362,424,425],"companies":[],"regions":[189],"sectors":[465],"article_tags":[],"class_list":["post-157678","article","type-article","status-publish","hentry","issues-covid-19","issues-violation","issues-workers-rights","regions-sri-lanka","sectors-garment"],"acf":[],"yoast_head":"<!-- This site is optimized with the Yoast SEO Premium plugin v27.1 (Yoast SEO v27.1) - https:\/\/yoast.com\/product\/yoast-seo-premium-wordpress\/ -->\n<title>Trabajadores sufren duras medidas de contenci\u00f3n contra la COVID-19 - industriall-union<\/title>\n<meta name=\"description\" content=\"Seg\u00fan los informes, el 19 de octubre la cantidad total de casos de COVID-19 en Minuwangoda Brandix aument\u00f3 a 2122, incluyendo m\u00e1s de mil trabajadores de\" \/>\n<meta name=\"robots\" content=\"index, follow, max-snippet:-1, max-image-preview:large, max-video-preview:-1\" \/>\n<link rel=\"canonical\" href=\"https:\/\/admin.industriall-union.org\/es\/trabajadores-sufren-duras-medidas-de-contencion-contra-la-covid-19\/\" \/>\n<meta property=\"og:locale\" content=\"es_ES\" \/>\n<meta property=\"og:type\" content=\"article\" \/>\n<meta property=\"og:title\" content=\"Trabajadores sufren duras medidas de contenci\u00f3n contra la COVID-19\" \/>\n<meta property=\"og:description\" content=\"Seg\u00fan los informes, el 19 de octubre la cantidad total de casos de COVID-19 en Minuwangoda Brandix aument\u00f3 a 2122, incluyendo m\u00e1s de mil trabajadores de\" \/>\n<meta property=\"og:url\" content=\"https:\/\/admin.industriall-union.org\/es\/trabajadores-sufren-duras-medidas-de-contencion-contra-la-covid-19\/\" \/>\n<meta property=\"og:site_name\" content=\"industriall-union\" \/>\n<meta property=\"article:modified_time\" content=\"2025-01-30T08:33:45+00:00\" \/>\n<meta name=\"twitter:card\" content=\"summary_large_image\" \/>\n<meta name=\"twitter:label1\" content=\"Est. reading time\" \/>\n\t<meta name=\"twitter:data1\" content=\"2 minutes\" \/>\n<script type=\"application\/ld+json\" class=\"yoast-schema-graph\">{\"@context\":\"https:\/\/schema.org\",\"@graph\":[{\"@type\":\"WebPage\",\"@id\":\"https:\/\/admin.industriall-union.org\/es\/trabajadores-sufren-duras-medidas-de-contencion-contra-la-covid-19\/\",\"url\":\"https:\/\/admin.industriall-union.org\/es\/trabajadores-sufren-duras-medidas-de-contencion-contra-la-covid-19\/\",\"name\":\"Trabajadores sufren duras medidas de contenci\u00f3n contra la COVID-19 - industriall-union\",\"isPartOf\":{\"@id\":\"https:\/\/admin.industriall-union.org\/#website\"},\"datePublished\":\"2020-10-20T08:16:52+00:00\",\"dateModified\":\"2025-01-30T08:33:45+00:00\",\"description\":\"Seg\u00fan los informes, el 19 de octubre la cantidad total de casos de COVID-19 en Minuwangoda Brandix aument\u00f3 a 2122, incluyendo m\u00e1s de mil trabajadores de\",\"breadcrumb\":{\"@id\":\"https:\/\/admin.industriall-union.org\/es\/trabajadores-sufren-duras-medidas-de-contencion-contra-la-covid-19\/#breadcrumb\"},\"inLanguage\":\"es-ES\",\"potentialAction\":[{\"@type\":\"ReadAction\",\"target\":[\"https:\/\/admin.industriall-union.org\/es\/trabajadores-sufren-duras-medidas-de-contencion-contra-la-covid-19\/\"]}]},{\"@type\":\"BreadcrumbList\",\"@id\":\"https:\/\/admin.industriall-union.org\/es\/trabajadores-sufren-duras-medidas-de-contencion-contra-la-covid-19\/#breadcrumb\",\"itemListElement\":[{\"@type\":\"ListItem\",\"position\":1,\"name\":\"Home\",\"item\":\"https:\/\/admin.industriall-union.org\/\"},{\"@type\":\"ListItem\",\"position\":2,\"name\":\"Articles\",\"item\":\"https:\/\/admin.industriall-union.org\/article\/\"},{\"@type\":\"ListItem\",\"position\":3,\"name\":\"Trabajadores sufren duras medidas de contenci\u00f3n contra la COVID-19\"}]},{\"@type\":\"WebSite\",\"@id\":\"https:\/\/admin.industriall-union.org\/#website\",\"url\":\"https:\/\/admin.industriall-union.org\/\",\"name\":\"industriall-union\",\"description\":\"\",\"potentialAction\":[{\"@type\":\"SearchAction\",\"target\":{\"@type\":\"EntryPoint\",\"urlTemplate\":\"https:\/\/admin.industriall-union.org\/?s={search_term_string}\"},\"query-input\":{\"@type\":\"PropertyValueSpecification\",\"valueRequired\":true,\"valueName\":\"search_term_string\"}}],\"inLanguage\":\"es-ES\"}]}<\/script>\n<!-- \/ Yoast SEO Premium plugin. -->","yoast_head_json":{"title":"Trabajadores sufren duras medidas de contenci\u00f3n contra la COVID-19 - industriall-union","description":"Seg\u00fan los informes, el 19 de octubre la cantidad total de casos de COVID-19 en Minuwangoda Brandix aument\u00f3 a 2122, incluyendo m\u00e1s de mil trabajadores de","robots":{"index":"index","follow":"follow","max-snippet":"max-snippet:-1","max-image-preview":"max-image-preview:large","max-video-preview":"max-video-preview:-1"},"canonical":"https:\/\/admin.industriall-union.org\/es\/trabajadores-sufren-duras-medidas-de-contencion-contra-la-covid-19\/","og_locale":"es_ES","og_type":"article","og_title":"Trabajadores sufren duras medidas de contenci\u00f3n contra la COVID-19","og_description":"Seg\u00fan los informes, el 19 de octubre la cantidad total de casos de COVID-19 en Minuwangoda Brandix aument\u00f3 a 2122, incluyendo m\u00e1s de mil trabajadores de","og_url":"https:\/\/admin.industriall-union.org\/es\/trabajadores-sufren-duras-medidas-de-contencion-contra-la-covid-19\/","og_site_name":"industriall-union","article_modified_time":"2025-01-30T08:33:45+00:00","twitter_card":"summary_large_image","twitter_misc":{"Est. reading time":"2 minutes"},"schema":{"@context":"https:\/\/schema.org","@graph":[{"@type":"WebPage","@id":"https:\/\/admin.industriall-union.org\/es\/trabajadores-sufren-duras-medidas-de-contencion-contra-la-covid-19\/","url":"https:\/\/admin.industriall-union.org\/es\/trabajadores-sufren-duras-medidas-de-contencion-contra-la-covid-19\/","name":"Trabajadores sufren duras medidas de contenci\u00f3n contra la COVID-19 - industriall-union","isPartOf":{"@id":"https:\/\/admin.industriall-union.org\/#website"},"datePublished":"2020-10-20T08:16:52+00:00","dateModified":"2025-01-30T08:33:45+00:00","description":"Seg\u00fan los informes, el 19 de octubre la cantidad total de casos de COVID-19 en Minuwangoda Brandix aument\u00f3 a 2122, incluyendo m\u00e1s de mil trabajadores de","breadcrumb":{"@id":"https:\/\/admin.industriall-union.org\/es\/trabajadores-sufren-duras-medidas-de-contencion-contra-la-covid-19\/#breadcrumb"},"inLanguage":"es-ES","potentialAction":[{"@type":"ReadAction","target":["https:\/\/admin.industriall-union.org\/es\/trabajadores-sufren-duras-medidas-de-contencion-contra-la-covid-19\/"]}]},{"@type":"BreadcrumbList","@id":"https:\/\/admin.industriall-union.org\/es\/trabajadores-sufren-duras-medidas-de-contencion-contra-la-covid-19\/#breadcrumb","itemListElement":[{"@type":"ListItem","position":1,"name":"Home","item":"https:\/\/admin.industriall-union.org\/"},{"@type":"ListItem","position":2,"name":"Articles","item":"https:\/\/admin.industriall-union.org\/article\/"},{"@type":"ListItem","position":3,"name":"Trabajadores sufren duras medidas de contenci\u00f3n contra la COVID-19"}]},{"@type":"WebSite","@id":"https:\/\/admin.industriall-union.org\/#website","url":"https:\/\/admin.industriall-union.org\/","name":"industriall-union","description":"","potentialAction":[{"@type":"SearchAction","target":{"@type":"EntryPoint","urlTemplate":"https:\/\/admin.industriall-union.org\/?s={search_term_string}"},"query-input":{"@type":"PropertyValueSpecification","valueRequired":true,"valueName":"search_term_string"}}],"inLanguage":"es-ES"}]}},"_links":{"self":[{"href":"https:\/\/admin.industriall-union.org\/es\/wp-json\/wp\/v2\/article\/157678","targetHints":{"allow":["GET"]}}],"collection":[{"href":"https:\/\/admin.industriall-union.org\/es\/wp-json\/wp\/v2\/article"}],"about":[{"href":"https:\/\/admin.industriall-union.org\/es\/wp-json\/wp\/v2\/types\/article"}],"wp:attachment":[{"href":"https:\/\/admin.industriall-union.org\/es\/wp-json\/wp\/v2\/media?parent=157678"}],"wp:term":[{"taxonomy":"issues","embeddable":true,"href":"https:\/\/admin.industriall-union.org\/es\/wp-json\/wp\/v2\/issues?post=157678"},{"taxonomy":"companies","embeddable":true,"href":"https:\/\/admin.industriall-union.org\/es\/wp-json\/wp\/v2\/companies?post=157678"},{"taxonomy":"regions","embeddable":true,"href":"https:\/\/admin.industriall-union.org\/es\/wp-json\/wp\/v2\/regions?post=157678"},{"taxonomy":"sectors","embeddable":true,"href":"https:\/\/admin.industriall-union.org\/es\/wp-json\/wp\/v2\/sectors?post=157678"},{"taxonomy":"article_tags","embeddable":true,"href":"https:\/\/admin.industriall-union.org\/es\/wp-json\/wp\/v2\/article_tags?post=157678"}],"curies":[{"name":"wp","href":"https:\/\/api.w.org\/{rel}","templated":true}]}}