{"id":157663,"date":"2020-10-28T10:09:23","date_gmt":"2020-10-28T10:09:23","guid":{"rendered":"https:\/\/admin.industriall-union.org\/se-vulnera-el-derecho-de-huelga-en-bielorrusia\/"},"modified":"2025-01-30T08:14:45","modified_gmt":"2025-01-30T08:14:45","slug":"se-vulnera-el-derecho-de-huelga-en-bielorrusia","status":"publish","type":"article","link":"https:\/\/admin.industriall-union.org\/es\/se-vulnera-el-derecho-de-huelga-en-bielorrusia\/","title":{"rendered":"Se vulnera el derecho de huelga en Bielorrusia"},"content":{"rendered":"<p>Despu\u00e9s de m\u00e1s de dos meses de manifestaciones contra las elecciones presidenciales fraudulentas en Bielorrusia, la dirigente exiliada Svetlana Tikhanouskaya convoc\u00f3 a una huelga nacional indefinida el 26 de octubre para poner fin a la dictadura. La huelga cuenta con un amplio apoyo de los trabajadores tanto en empresas privadas como p\u00fablicas. Estudiantes y jubilados tambi\u00e9n se han unido a la manifestaci\u00f3n.<\/p><p>No obstante, en contra de las normas laborales nacionales e internacionales ratificadas por Bielorrusia, el r\u00e9gimen est\u00e1 tomando medidas contra el derecho de huelga de los trabajadores a trav\u00e9s de la manipulaci\u00f3n, la intimidaci\u00f3n y la violencia.<\/p><p>Las autoridades est\u00e1n intentando bloquear cualquier signo de resistencia en las grandes empresas p\u00fablicas. El poder de Lukashenko se ha sustentado tradicionalmente por el apoyo electoral de los trabajadores de las grandes empresas p\u00fablicas heredadas de la Uni\u00f3n Sovi\u00e9tica. Sin embargo, dado que no ha podido plantear una salida a la crisis econ\u00f3mica y pol\u00edtica en Bielorrusia, Lukashenko ha perdido toda credibilidad entre los trabajadores.<\/p><p>A nivel de planta, las autoridades est\u00e1n intentando detener la huelga a trav\u00e9s de una prohibici\u00f3n vinculada a las vacaciones, bloqueando el acceso de los trabajadores para evitar que se comuniquen entre colegas, transfiri\u00e9ndolos a otros turnos y tambi\u00e9n despidi\u00e9ndolos.<\/p><p>El Sindicato Libre de Trabajadores Metal\u00fargicos SPM, afiliado a IndustriALL, inform\u00f3 sobre el despido de cuatro de sus activistas de la planta de tractocamiones de Minsk, entre los cuales se encuentran Viktor Tchaikovski, dirigente local de SPM, y Alexander Lavrinovich, su suplente, que tambi\u00e9n es presidente del comit\u00e9 de la huelga.<\/p><p>En la ma\u00f1ana del 26 de octubre, se vieron autobuses con polic\u00eda antidisturbios en muchas empresas grandes.<\/p><p>Muchos trabajadores que intentaron ejercer su derecho a manifestarse fueron detenidos. Hubo denuncias de golpizas violentas durante y despu\u00e9s de estas detenciones. En Grodno Azot, una importante empresa qu\u00edmica, al menos 30 trabajadores, y otras personas que los apoyaban, fueron detenidos y algunos violentamente golpeados.<\/p><p>En la noche anterior a la huelga anunciada p\u00fablicamente, las autoridades intentaron detener a los dirigentes sindicales, como en el caso de los&nbsp;<a href=\"http:\/\/www.industriall-union.org\/belaruskali-workers-and-union-leader-face-repression-in-belarus\">activistas sindicales de Belaruskali<\/a> liderados por Siarhei Charkasau, el vicepresidente del sindicato independiente de Bielorrusia, BITU. Todav\u00eda se encuentran en la c\u00e1rcel.<\/p><p>Las manifestaciones de la v\u00edspera de la huelga reunieron a alrededor de 100.000 personas en las calles de Minsk, seg\u00fan informaron los medios. Algunos sindicalistas fueron arrestados, como la presidenta interina de los Trabajadores de las Industrias Electr\u00f3nica y de Radiocomunicaciones,&nbsp;<a href=\"https:\/\/www.facebook.com\/IndustriALLGlobalUnion\/posts\/3456054254481885\">Zinaida Mikhnyuk, quien fue arrestada junto con sus colegas en Brest<\/a>&nbsp;el 25 de octubre y tambi\u00e9n sigue detenida.&nbsp;<\/p><p>Valter Sanches, el secretario general de IndustriALL, expres\u00f3:<\/p><blockquote><p>&ldquo;El derecho de huelga y a la libertad de expresi\u00f3n son fundamentales en una sociedad democr\u00e1tica, y actualmente est\u00e1n siendo totalmente vulnerados en Bielorrusia. Reclamamos que se ponga fin a la violencia contra los trabajadores y el pueblo de Bielorrusia y que se libere a los activistas y a los presos pol\u00edticos&rdquo;.&nbsp;<\/p><p>&ldquo;IndustriALL reclama una investigaci\u00f3n inmediata sobre el uso arbitrario del poder contra los manifestantes pac\u00edficos y que se restaure la democracia para permitir que el pueblo elija a sus l\u00edderes libremente&rdquo;.&nbsp;<\/p><\/blockquote>","protected":false},"featured_media":0,"template":"","issues":[424],"companies":[],"regions":[207],"sectors":[],"article_tags":[529],"class_list":["post-157663","article","type-article","status-publish","hentry","issues-violation","regions-belarus","article_tags-strike"],"acf":[],"yoast_head":"<!-- This site is optimized with the Yoast SEO Premium plugin v27.1 (Yoast SEO v27.1) - https:\/\/yoast.com\/product\/yoast-seo-premium-wordpress\/ -->\n<title>Se vulnera el derecho de huelga en Bielorrusia - industriall-union<\/title>\n<meta name=\"description\" content=\"Despu\u00e9s de m\u00e1s de dos meses de manifestaciones contra las elecciones presidenciales fraudulentas en Bielorrusia, la dirigente exiliada Svetlana\" \/>\n<meta name=\"robots\" content=\"index, follow, max-snippet:-1, max-image-preview:large, max-video-preview:-1\" \/>\n<link rel=\"canonical\" href=\"https:\/\/admin.industriall-union.org\/es\/se-vulnera-el-derecho-de-huelga-en-bielorrusia\/\" \/>\n<meta property=\"og:locale\" content=\"es_ES\" \/>\n<meta property=\"og:type\" content=\"article\" \/>\n<meta property=\"og:title\" content=\"Se vulnera el derecho de huelga en Bielorrusia\" \/>\n<meta property=\"og:description\" content=\"Despu\u00e9s de m\u00e1s de dos meses de manifestaciones contra las elecciones presidenciales fraudulentas en Bielorrusia, la dirigente exiliada Svetlana\" \/>\n<meta property=\"og:url\" content=\"https:\/\/admin.industriall-union.org\/es\/se-vulnera-el-derecho-de-huelga-en-bielorrusia\/\" \/>\n<meta property=\"og:site_name\" content=\"industriall-union\" \/>\n<meta property=\"article:modified_time\" content=\"2025-01-30T08:14:45+00:00\" \/>\n<meta name=\"twitter:card\" content=\"summary_large_image\" \/>\n<meta name=\"twitter:label1\" content=\"Est. reading time\" \/>\n\t<meta name=\"twitter:data1\" content=\"3 minutes\" \/>\n<script type=\"application\/ld+json\" class=\"yoast-schema-graph\">{\"@context\":\"https:\/\/schema.org\",\"@graph\":[{\"@type\":\"WebPage\",\"@id\":\"https:\/\/admin.industriall-union.org\/es\/se-vulnera-el-derecho-de-huelga-en-bielorrusia\/\",\"url\":\"https:\/\/admin.industriall-union.org\/es\/se-vulnera-el-derecho-de-huelga-en-bielorrusia\/\",\"name\":\"Se vulnera el derecho de huelga en Bielorrusia - industriall-union\",\"isPartOf\":{\"@id\":\"https:\/\/admin.industriall-union.org\/#website\"},\"datePublished\":\"2020-10-28T10:09:23+00:00\",\"dateModified\":\"2025-01-30T08:14:45+00:00\",\"description\":\"Despu\u00e9s de m\u00e1s de dos meses de manifestaciones contra las elecciones presidenciales fraudulentas en Bielorrusia, la dirigente exiliada Svetlana\",\"breadcrumb\":{\"@id\":\"https:\/\/admin.industriall-union.org\/es\/se-vulnera-el-derecho-de-huelga-en-bielorrusia\/#breadcrumb\"},\"inLanguage\":\"es-ES\",\"potentialAction\":[{\"@type\":\"ReadAction\",\"target\":[\"https:\/\/admin.industriall-union.org\/es\/se-vulnera-el-derecho-de-huelga-en-bielorrusia\/\"]}]},{\"@type\":\"BreadcrumbList\",\"@id\":\"https:\/\/admin.industriall-union.org\/es\/se-vulnera-el-derecho-de-huelga-en-bielorrusia\/#breadcrumb\",\"itemListElement\":[{\"@type\":\"ListItem\",\"position\":1,\"name\":\"Home\",\"item\":\"https:\/\/admin.industriall-union.org\/\"},{\"@type\":\"ListItem\",\"position\":2,\"name\":\"Articles\",\"item\":\"https:\/\/admin.industriall-union.org\/article\/\"},{\"@type\":\"ListItem\",\"position\":3,\"name\":\"Se vulnera el derecho de huelga en Bielorrusia\"}]},{\"@type\":\"WebSite\",\"@id\":\"https:\/\/admin.industriall-union.org\/#website\",\"url\":\"https:\/\/admin.industriall-union.org\/\",\"name\":\"industriall-union\",\"description\":\"\",\"potentialAction\":[{\"@type\":\"SearchAction\",\"target\":{\"@type\":\"EntryPoint\",\"urlTemplate\":\"https:\/\/admin.industriall-union.org\/?s={search_term_string}\"},\"query-input\":{\"@type\":\"PropertyValueSpecification\",\"valueRequired\":true,\"valueName\":\"search_term_string\"}}],\"inLanguage\":\"es-ES\"}]}<\/script>\n<!-- \/ Yoast SEO Premium plugin. -->","yoast_head_json":{"title":"Se vulnera el derecho de huelga en Bielorrusia - industriall-union","description":"Despu\u00e9s de m\u00e1s de dos meses de manifestaciones contra las elecciones presidenciales fraudulentas en Bielorrusia, la dirigente exiliada Svetlana","robots":{"index":"index","follow":"follow","max-snippet":"max-snippet:-1","max-image-preview":"max-image-preview:large","max-video-preview":"max-video-preview:-1"},"canonical":"https:\/\/admin.industriall-union.org\/es\/se-vulnera-el-derecho-de-huelga-en-bielorrusia\/","og_locale":"es_ES","og_type":"article","og_title":"Se vulnera el derecho de huelga en Bielorrusia","og_description":"Despu\u00e9s de m\u00e1s de dos meses de manifestaciones contra las elecciones presidenciales fraudulentas en Bielorrusia, la dirigente exiliada Svetlana","og_url":"https:\/\/admin.industriall-union.org\/es\/se-vulnera-el-derecho-de-huelga-en-bielorrusia\/","og_site_name":"industriall-union","article_modified_time":"2025-01-30T08:14:45+00:00","twitter_card":"summary_large_image","twitter_misc":{"Est. reading time":"3 minutes"},"schema":{"@context":"https:\/\/schema.org","@graph":[{"@type":"WebPage","@id":"https:\/\/admin.industriall-union.org\/es\/se-vulnera-el-derecho-de-huelga-en-bielorrusia\/","url":"https:\/\/admin.industriall-union.org\/es\/se-vulnera-el-derecho-de-huelga-en-bielorrusia\/","name":"Se vulnera el derecho de huelga en Bielorrusia - industriall-union","isPartOf":{"@id":"https:\/\/admin.industriall-union.org\/#website"},"datePublished":"2020-10-28T10:09:23+00:00","dateModified":"2025-01-30T08:14:45+00:00","description":"Despu\u00e9s de m\u00e1s de dos meses de manifestaciones contra las elecciones presidenciales fraudulentas en Bielorrusia, la dirigente exiliada Svetlana","breadcrumb":{"@id":"https:\/\/admin.industriall-union.org\/es\/se-vulnera-el-derecho-de-huelga-en-bielorrusia\/#breadcrumb"},"inLanguage":"es-ES","potentialAction":[{"@type":"ReadAction","target":["https:\/\/admin.industriall-union.org\/es\/se-vulnera-el-derecho-de-huelga-en-bielorrusia\/"]}]},{"@type":"BreadcrumbList","@id":"https:\/\/admin.industriall-union.org\/es\/se-vulnera-el-derecho-de-huelga-en-bielorrusia\/#breadcrumb","itemListElement":[{"@type":"ListItem","position":1,"name":"Home","item":"https:\/\/admin.industriall-union.org\/"},{"@type":"ListItem","position":2,"name":"Articles","item":"https:\/\/admin.industriall-union.org\/article\/"},{"@type":"ListItem","position":3,"name":"Se vulnera el derecho de huelga en Bielorrusia"}]},{"@type":"WebSite","@id":"https:\/\/admin.industriall-union.org\/#website","url":"https:\/\/admin.industriall-union.org\/","name":"industriall-union","description":"","potentialAction":[{"@type":"SearchAction","target":{"@type":"EntryPoint","urlTemplate":"https:\/\/admin.industriall-union.org\/?s={search_term_string}"},"query-input":{"@type":"PropertyValueSpecification","valueRequired":true,"valueName":"search_term_string"}}],"inLanguage":"es-ES"}]}},"_links":{"self":[{"href":"https:\/\/admin.industriall-union.org\/es\/wp-json\/wp\/v2\/article\/157663","targetHints":{"allow":["GET"]}}],"collection":[{"href":"https:\/\/admin.industriall-union.org\/es\/wp-json\/wp\/v2\/article"}],"about":[{"href":"https:\/\/admin.industriall-union.org\/es\/wp-json\/wp\/v2\/types\/article"}],"wp:attachment":[{"href":"https:\/\/admin.industriall-union.org\/es\/wp-json\/wp\/v2\/media?parent=157663"}],"wp:term":[{"taxonomy":"issues","embeddable":true,"href":"https:\/\/admin.industriall-union.org\/es\/wp-json\/wp\/v2\/issues?post=157663"},{"taxonomy":"companies","embeddable":true,"href":"https:\/\/admin.industriall-union.org\/es\/wp-json\/wp\/v2\/companies?post=157663"},{"taxonomy":"regions","embeddable":true,"href":"https:\/\/admin.industriall-union.org\/es\/wp-json\/wp\/v2\/regions?post=157663"},{"taxonomy":"sectors","embeddable":true,"href":"https:\/\/admin.industriall-union.org\/es\/wp-json\/wp\/v2\/sectors?post=157663"},{"taxonomy":"article_tags","embeddable":true,"href":"https:\/\/admin.industriall-union.org\/es\/wp-json\/wp\/v2\/article_tags?post=157663"}],"curies":[{"name":"wp","href":"https:\/\/api.w.org\/{rel}","templated":true}]}}