{"id":157626,"date":"2020-11-05T18:03:46","date_gmt":"2020-11-05T18:03:46","guid":{"rendered":"https:\/\/admin.industriall-union.org\/el-mundo-necesita-un-tratado-vinculante-de-la-onu-para-poner-fin-a-la-impunidad-empresarial\/"},"modified":"2025-01-30T07:43:33","modified_gmt":"2025-01-30T07:43:33","slug":"el-mundo-necesita-un-tratado-vinculante-de-la-onu-para-poner-fin-a-la-impunidad-empresarial","status":"publish","type":"article","link":"https:\/\/admin.industriall-union.org\/es\/el-mundo-necesita-un-tratado-vinculante-de-la-onu-para-poner-fin-a-la-impunidad-empresarial\/","title":{"rendered":"El mundo necesita un tratado vinculante de la ONU para poner fin a la impunidad empresarial"},"content":{"rendered":"<p>La semana pasada se celebraron negociaciones con respecto al instrumento jur\u00eddicamente vinculante en Ginebra. De aprobarse, este har\u00e1 que las empresas sean legalmente responsables por los abusos de los derechos humanos ejercidos en sus cadenas de suministro y representar\u00e1 un paso importante para establecer la responsabilidad corporativa en el derecho internacional.<\/p><p>Antes de las negociaciones, <a href=\"https:\/\/www.ituc-csi.org\/img\/pdf\/legally_binding_instrument_en.pdf\">los sindicatos mundiales acogieron con satisfacci\u00f3n la publicaci\u00f3n del borrador<\/a>, al tiempo que hicieron \u00e9nfasis en que los derechos laborales son derechos humanos. A su vez, celebraron la integraci\u00f3n de una perspectiva de g\u00e9nero, as\u00ed como las medidas para resolver las lagunas en materia de responsabilidad en las estructuras de las multinacionales.<\/p><p>Sin embargo, los sindicatos criticaron al instrumento por no mencionar los derechos humanos de los trabajadores de forma expl\u00edcita y no reconocer a los sindicalistas como defensores de los derechos humanos. Tambi\u00e9n reclamaron que no se reconoc\u00eda a los sindicatos como una parte integral de los procesos de debida diligencia en materia de DD. HH.<\/p><p>Durante las negociaciones, la Organizaci\u00f3n Internacional de Empleadores y otros grupos de presi\u00f3n del \u00e1mbito empresarial encontraron falencias en cada disposici\u00f3n del borrador y procuraron obstruir el proceso. El gobierno de los EE. UU. rechaz\u00f3 el proceso, el Reino Unido impugn\u00f3 el contenido del borrador y la Uni\u00f3n Europea no pudo obtener un mandato de negociaci\u00f3n de sus Estados miembros. Esta ronda de negociaciones <a href=\"https:\/\/www.business-humanrights.org\/en\/latest-news\/day-5-summary-un-treaty-negotiations-conclude-without-clear-negotiated-reforms-but-expectations-for-next-year-remain-high\/\">concluy\u00f3 sin lograr avances significativos<\/a> y continuar\u00e1 el a\u00f1o pr\u00f3ximo.<\/p><p>Con respecto a las negociaciones, el secretario general de IndustriALL, Valter Sanches, coment\u00f3:<\/p><blockquote><p>&ldquo;Est\u00e1 por llegar un cambio en la manera que el mundo ve la responsabilidad corporativa, algo que deber\u00eda haberse logrado hace tiempo. La necesidad de este tratado se ha agudizado a\u00fan m\u00e1s durante la crisis de COVID, en la que los trabajadores han mantenido las cadenas de suministro mundiales en marcha de manera incansable, a menudo con un riesgo elevado a nivel personal y sin la protecci\u00f3n, la seguridad ni los subsidios por enfermedad adecuados&rdquo;.<\/p><\/blockquote><p>Los activistas de derechos humanos, los grupos de la sociedad civil y los sindicatos han hecho campa\u00f1a durante mucho tiempo por cambios en el derecho internacional y nacional que responsabilicen a las empresas por sus acciones en otras jurisdicciones. Estas campa\u00f1as est\u00e1n empezando a dar sus frutos: a nivel nacional,<a href=\"http:\/\/www.industriall-union.org\/swiss-to-vote-on-holding-multinationals-responsible-for-supply-chains\"> Suiza celebrar\u00e1 un refer\u00e9ndum <\/a>acerca de la responsabilidad social empresarial en noviembre de 2020, mientras que otras leyes similares se est\u00e1n proponiendo o <a href=\"http:\/\/www.industriall-union.org\/due-diligence-has-france-really-laid-the-foundations-to-end-corporate-impunity\">ya se han aprobado<\/a> en otros pa\u00edses.<\/p><p>A nivel internacional, los activistas obtuvieron una importante victoria en el Alto Comisionado de las Naciones Unidas para los Derechos Humanos (ACNUDH) en 2014, cuando se adopt\u00f3 por primera vez la resoluci\u00f3n para desarrollar el instrumento internacional jur\u00eddicamente vinculante. Mediante la <a href=\"http:\/\/ap.ohchr.org\/documents\/dpage_e.aspx?si=A\/HRC\/RES\/26\/9\" target=\"_blank\">Resoluci\u00f3n 26\/9<\/a> se estableci\u00f3 un <a href=\"https:\/\/www.ohchr.org\/EN\/HRBodies\/HRC\/WGTransCorp\/Pages\/IGWGOnTNC.aspx\" target=\"_blank\">Grupo de Trabajo Intergubernamental (GTI)<\/a> para desarrollar los detalles de ese instrumento a trav\u00e9s de una serie de negociaciones. La <a href=\"https:\/\/www.ohchr.org\/EN\/HRBodies\/HRC\/WGTransCorp\/Session6\/Pages\/Session6.aspx\">sexta sesi\u00f3n<\/a> del GTI se celebr\u00f3 en Ginebra la semana pasada.<\/p><p>El ACNUDH est\u00e1 compuesto por Estados miembros de la ONU. La resoluci\u00f3n de 2014, propuesta por Ecuador y Sud\u00e1frica, obtuvo votos en contra de muchos gobiernos occidentales. El progreso depende de las posturas de negociaci\u00f3n adoptadas por los Estados miembros. Por esta raz\u00f3n, los sindicatos creen que es importante seguir ejerciendo presi\u00f3n sobre los gobiernos nacionales para evitar que el borrador pierda fuerza.<\/p><p>A pesar de las objeciones, se adopt\u00f3 un informe final y las partes seguir\u00e1n negociando acerca del texto. Para marzo de 2021, el GTI compilar\u00e1 y distribuir\u00e1 documentos que aborden las cuestiones planteadas en las negociaciones.<\/p><p>Valter Sanches concluy\u00f3:<\/p><blockquote><p>&ldquo;Este instrumento establecer\u00e1 un nuevo punto de referencia mundial para las empresas y los derechos humanos. Las organizaciones empresariales y los gobiernos, en particular en los pa\u00edses ricos, est\u00e1n tratando de socavar el proceso. Tenemos que mantener el impulso para hacerlo avanzar&rdquo;.<\/p><\/blockquote>","protected":false},"featured_media":0,"template":"","issues":[406,422,412,425],"companies":[],"regions":[248],"sectors":[],"article_tags":[],"class_list":["post-157626","article","type-article","status-publish","hentry","issues-confronting-global-capital","issues-human-trade-union-rights","issues-social-justice-and-globalization","issues-workers-rights","regions-switzerland"],"acf":[],"yoast_head":"<!-- This site is optimized with the Yoast SEO Premium plugin v27.1 (Yoast SEO v27.1) - https:\/\/yoast.com\/product\/yoast-seo-premium-wordpress\/ -->\n<title>El mundo necesita un tratado vinculante de la ONU para poner fin a la impunidad empresarial - industriall-union<\/title>\n<meta name=\"description\" content=\"La semana pasada se celebraron negociaciones con respecto al instrumento jur\u00eddicamente vinculante en Ginebra. De aprobarse, este har\u00e1 que las empresas\" \/>\n<meta name=\"robots\" content=\"index, follow, max-snippet:-1, max-image-preview:large, max-video-preview:-1\" \/>\n<link rel=\"canonical\" href=\"https:\/\/admin.industriall-union.org\/es\/el-mundo-necesita-un-tratado-vinculante-de-la-onu-para-poner-fin-a-la-impunidad-empresarial\/\" \/>\n<meta property=\"og:locale\" content=\"es_ES\" \/>\n<meta property=\"og:type\" content=\"article\" \/>\n<meta property=\"og:title\" content=\"El mundo necesita un tratado vinculante de la ONU para poner fin a la impunidad empresarial\" \/>\n<meta property=\"og:description\" content=\"La semana pasada se celebraron negociaciones con respecto al instrumento jur\u00eddicamente vinculante en Ginebra. De aprobarse, este har\u00e1 que las empresas\" \/>\n<meta property=\"og:url\" content=\"https:\/\/admin.industriall-union.org\/es\/el-mundo-necesita-un-tratado-vinculante-de-la-onu-para-poner-fin-a-la-impunidad-empresarial\/\" \/>\n<meta property=\"og:site_name\" content=\"industriall-union\" \/>\n<meta property=\"article:modified_time\" content=\"2025-01-30T07:43:33+00:00\" \/>\n<meta name=\"twitter:card\" content=\"summary_large_image\" \/>\n<meta name=\"twitter:label1\" content=\"Est. reading time\" \/>\n\t<meta name=\"twitter:data1\" content=\"3 minutes\" \/>\n<script type=\"application\/ld+json\" class=\"yoast-schema-graph\">{\"@context\":\"https:\/\/schema.org\",\"@graph\":[{\"@type\":\"WebPage\",\"@id\":\"https:\/\/admin.industriall-union.org\/es\/el-mundo-necesita-un-tratado-vinculante-de-la-onu-para-poner-fin-a-la-impunidad-empresarial\/\",\"url\":\"https:\/\/admin.industriall-union.org\/es\/el-mundo-necesita-un-tratado-vinculante-de-la-onu-para-poner-fin-a-la-impunidad-empresarial\/\",\"name\":\"El mundo necesita un tratado vinculante de la ONU para poner fin a la impunidad empresarial - industriall-union\",\"isPartOf\":{\"@id\":\"https:\/\/admin.industriall-union.org\/#website\"},\"datePublished\":\"2020-11-05T18:03:46+00:00\",\"dateModified\":\"2025-01-30T07:43:33+00:00\",\"description\":\"La semana pasada se celebraron negociaciones con respecto al instrumento jur\u00eddicamente vinculante en Ginebra. De aprobarse, este har\u00e1 que las empresas\",\"breadcrumb\":{\"@id\":\"https:\/\/admin.industriall-union.org\/es\/el-mundo-necesita-un-tratado-vinculante-de-la-onu-para-poner-fin-a-la-impunidad-empresarial\/#breadcrumb\"},\"inLanguage\":\"es-ES\",\"potentialAction\":[{\"@type\":\"ReadAction\",\"target\":[\"https:\/\/admin.industriall-union.org\/es\/el-mundo-necesita-un-tratado-vinculante-de-la-onu-para-poner-fin-a-la-impunidad-empresarial\/\"]}]},{\"@type\":\"BreadcrumbList\",\"@id\":\"https:\/\/admin.industriall-union.org\/es\/el-mundo-necesita-un-tratado-vinculante-de-la-onu-para-poner-fin-a-la-impunidad-empresarial\/#breadcrumb\",\"itemListElement\":[{\"@type\":\"ListItem\",\"position\":1,\"name\":\"Home\",\"item\":\"https:\/\/admin.industriall-union.org\/\"},{\"@type\":\"ListItem\",\"position\":2,\"name\":\"Articles\",\"item\":\"https:\/\/admin.industriall-union.org\/article\/\"},{\"@type\":\"ListItem\",\"position\":3,\"name\":\"El mundo necesita un tratado vinculante de la ONU para poner fin a la impunidad empresarial\"}]},{\"@type\":\"WebSite\",\"@id\":\"https:\/\/admin.industriall-union.org\/#website\",\"url\":\"https:\/\/admin.industriall-union.org\/\",\"name\":\"industriall-union\",\"description\":\"\",\"potentialAction\":[{\"@type\":\"SearchAction\",\"target\":{\"@type\":\"EntryPoint\",\"urlTemplate\":\"https:\/\/admin.industriall-union.org\/?s={search_term_string}\"},\"query-input\":{\"@type\":\"PropertyValueSpecification\",\"valueRequired\":true,\"valueName\":\"search_term_string\"}}],\"inLanguage\":\"es-ES\"}]}<\/script>\n<!-- \/ Yoast SEO Premium plugin. -->","yoast_head_json":{"title":"El mundo necesita un tratado vinculante de la ONU para poner fin a la impunidad empresarial - industriall-union","description":"La semana pasada se celebraron negociaciones con respecto al instrumento jur\u00eddicamente vinculante en Ginebra. De aprobarse, este har\u00e1 que las empresas","robots":{"index":"index","follow":"follow","max-snippet":"max-snippet:-1","max-image-preview":"max-image-preview:large","max-video-preview":"max-video-preview:-1"},"canonical":"https:\/\/admin.industriall-union.org\/es\/el-mundo-necesita-un-tratado-vinculante-de-la-onu-para-poner-fin-a-la-impunidad-empresarial\/","og_locale":"es_ES","og_type":"article","og_title":"El mundo necesita un tratado vinculante de la ONU para poner fin a la impunidad empresarial","og_description":"La semana pasada se celebraron negociaciones con respecto al instrumento jur\u00eddicamente vinculante en Ginebra. De aprobarse, este har\u00e1 que las empresas","og_url":"https:\/\/admin.industriall-union.org\/es\/el-mundo-necesita-un-tratado-vinculante-de-la-onu-para-poner-fin-a-la-impunidad-empresarial\/","og_site_name":"industriall-union","article_modified_time":"2025-01-30T07:43:33+00:00","twitter_card":"summary_large_image","twitter_misc":{"Est. reading time":"3 minutes"},"schema":{"@context":"https:\/\/schema.org","@graph":[{"@type":"WebPage","@id":"https:\/\/admin.industriall-union.org\/es\/el-mundo-necesita-un-tratado-vinculante-de-la-onu-para-poner-fin-a-la-impunidad-empresarial\/","url":"https:\/\/admin.industriall-union.org\/es\/el-mundo-necesita-un-tratado-vinculante-de-la-onu-para-poner-fin-a-la-impunidad-empresarial\/","name":"El mundo necesita un tratado vinculante de la ONU para poner fin a la impunidad empresarial - industriall-union","isPartOf":{"@id":"https:\/\/admin.industriall-union.org\/#website"},"datePublished":"2020-11-05T18:03:46+00:00","dateModified":"2025-01-30T07:43:33+00:00","description":"La semana pasada se celebraron negociaciones con respecto al instrumento jur\u00eddicamente vinculante en Ginebra. De aprobarse, este har\u00e1 que las empresas","breadcrumb":{"@id":"https:\/\/admin.industriall-union.org\/es\/el-mundo-necesita-un-tratado-vinculante-de-la-onu-para-poner-fin-a-la-impunidad-empresarial\/#breadcrumb"},"inLanguage":"es-ES","potentialAction":[{"@type":"ReadAction","target":["https:\/\/admin.industriall-union.org\/es\/el-mundo-necesita-un-tratado-vinculante-de-la-onu-para-poner-fin-a-la-impunidad-empresarial\/"]}]},{"@type":"BreadcrumbList","@id":"https:\/\/admin.industriall-union.org\/es\/el-mundo-necesita-un-tratado-vinculante-de-la-onu-para-poner-fin-a-la-impunidad-empresarial\/#breadcrumb","itemListElement":[{"@type":"ListItem","position":1,"name":"Home","item":"https:\/\/admin.industriall-union.org\/"},{"@type":"ListItem","position":2,"name":"Articles","item":"https:\/\/admin.industriall-union.org\/article\/"},{"@type":"ListItem","position":3,"name":"El mundo necesita un tratado vinculante de la ONU para poner fin a la impunidad empresarial"}]},{"@type":"WebSite","@id":"https:\/\/admin.industriall-union.org\/#website","url":"https:\/\/admin.industriall-union.org\/","name":"industriall-union","description":"","potentialAction":[{"@type":"SearchAction","target":{"@type":"EntryPoint","urlTemplate":"https:\/\/admin.industriall-union.org\/?s={search_term_string}"},"query-input":{"@type":"PropertyValueSpecification","valueRequired":true,"valueName":"search_term_string"}}],"inLanguage":"es-ES"}]}},"_links":{"self":[{"href":"https:\/\/admin.industriall-union.org\/es\/wp-json\/wp\/v2\/article\/157626","targetHints":{"allow":["GET"]}}],"collection":[{"href":"https:\/\/admin.industriall-union.org\/es\/wp-json\/wp\/v2\/article"}],"about":[{"href":"https:\/\/admin.industriall-union.org\/es\/wp-json\/wp\/v2\/types\/article"}],"wp:attachment":[{"href":"https:\/\/admin.industriall-union.org\/es\/wp-json\/wp\/v2\/media?parent=157626"}],"wp:term":[{"taxonomy":"issues","embeddable":true,"href":"https:\/\/admin.industriall-union.org\/es\/wp-json\/wp\/v2\/issues?post=157626"},{"taxonomy":"companies","embeddable":true,"href":"https:\/\/admin.industriall-union.org\/es\/wp-json\/wp\/v2\/companies?post=157626"},{"taxonomy":"regions","embeddable":true,"href":"https:\/\/admin.industriall-union.org\/es\/wp-json\/wp\/v2\/regions?post=157626"},{"taxonomy":"sectors","embeddable":true,"href":"https:\/\/admin.industriall-union.org\/es\/wp-json\/wp\/v2\/sectors?post=157626"},{"taxonomy":"article_tags","embeddable":true,"href":"https:\/\/admin.industriall-union.org\/es\/wp-json\/wp\/v2\/article_tags?post=157626"}],"curies":[{"name":"wp","href":"https:\/\/api.w.org\/{rel}","templated":true}]}}