{"id":157403,"date":"2021-01-07T14:02:53","date_gmt":"2021-01-07T14:02:53","guid":{"rendered":"https:\/\/admin.industriall-union.org\/2020-un-ano-de-matanza-para-los-mineros-de-pakistan\/"},"modified":"2025-01-29T16:55:58","modified_gmt":"2025-01-29T16:55:58","slug":"2020-un-ano-de-matanza-para-los-mineros-de-pakistan","status":"publish","type":"article","link":"https:\/\/admin.industriall-union.org\/es\/2020-un-ano-de-matanza-para-los-mineros-de-pakistan\/","title":{"rendered":"2020: un a\u00f1o de matanza para los mineros de Pakist\u00e1n"},"content":{"rendered":"<p>Los sindicatos de mineros en Pakist\u00e1n est\u00e1n indignados por la continua matanza en las minas del pa\u00eds. A pesar de a\u00f1os de campa\u00f1as, tanto a nivel nacional como internacional, y una serie de reuniones de alto nivel con representantes gubernamentales y la OIT, la situaci\u00f3n no ha cambiado.<\/p><p>La lista<a href=\"https:\/\/wakelet.com\/wake\/604cf80e-3890-4a30-a50b-99a77de24f38\"> de muertes en las minas <\/a>tiene un ritmo conocido: los derrumbes de minas, las descargas el\u00e9ctricas, los accidentes de vagonetas y el gas venenoso siguen matando a mineros casi a diario. Con posterioridad a los accidentes, la falta de una respuesta de emergencia adecuada significa que los mineros tienen que rescatar a los sobrevivientes y sacar los cuerpos de sus compa\u00f1eros de entre los escombros. Las familias de las v\u00edctimas reciben una peque\u00f1a indemnizaci\u00f3n y no se toman medidas adicionales.<\/p><p>Los sindicatos est\u00e1n consternados por la aceptaci\u00f3n fatalista de estas muertes y creen que el hecho de que los gobiernos nacionales y provinciales de Pakist\u00e1n y los propietarios de las minas no aprendan de estos accidentes evitables es un terrible incumplimiento del deber.<\/p><p>El trabajo en las minas a menudo se lleva a cabo en partes remotas del pa\u00eds donde el Estado de derecho es d\u00e9bil. Los sindicatos sostienen que deben suceder varias cosas para que cambie la situaci\u00f3n: debe ratificarse y aplicarse el Convenio 176 de la OIT sobre seguridad y salud en las minas mediante la incorporaci\u00f3n de sus principios en la legislaci\u00f3n nacional y provincial. Tanto los empleadores como los trabajadores necesitan capacitaci\u00f3n en seguridad minera. Pakist\u00e1n debe desarrollar su servicio de inspecci\u00f3n de trabajo, salud y seguridad, y garantizar que los propietarios de las minas cumplan.<\/p><p>Varias organizaciones, incluidas IndustriALL Global Union y la OIT, se han ofrecido a ayudar con este proceso. IndustriALL ha elaborado&nbsp;<a href=\"http:\/\/www.industriall-union.org\/what-we-do\/ratify-ilo-c176\">gu\u00edas de seguridad minera <\/a>en ingl\u00e9s y urdu, y ha sostenido durante mucho tiempo que el paso m\u00e1s importante es que el gobierno de Pakist\u00e1n ratifique el C176 de la OIT.<\/p><p>La precaria situaci\u00f3n de los mineros se puso a\u00fan m\u00e1s de relieve con un terrible ataque terrorista producido el 3 de enero en Mach, Baluchist\u00e1n, que dej\u00f3 11 mineros muertos. Los mineros fueron asesinados en un complejo residencial de una mina por un paquistan\u00ed afiliado del Estado Isl\u00e1mico, en un ataque contra miembros de la minor\u00eda chi\u00ed hazara.<\/p><p>El 7 de enero, las federaciones de sindicatos de mineros pakistan\u00edes marcharon en Quetta, la capital provincial de Baluchist\u00e1n, y bloquearon carreteras en protesta contra los ataques terroristas y la anarqu\u00eda, as\u00ed como la falta de seguridad en las zonas mineras.<\/p><p>El secretario general adjunto de IndustriALL, Kemal \u00d6zkan, expres\u00f3:<\/p><blockquote><p>&ldquo;Parece que al gobierno de Pakist\u00e1n no le importa la vergonzosa matanza en las minas del pa\u00eds. A pesar de que tanto nosotros como la OIT nos hemos acercado a ellos en varias ocasiones, en Islamabad y Ginebra, para exhortarlos a ratificar y aplicar el C176 de la OIT, no lo han hecho. Una vez que lo hagan, estamos listos para ayudar con la capacitaci\u00f3n en seguridad minera para que podamos cambiar la situaci\u00f3n&rdquo;.<\/p><\/blockquote>","protected":false},"featured_media":0,"template":"","issues":[403],"companies":[],"regions":[155,182],"sectors":[495,494],"article_tags":[],"class_list":["post-157403","article","type-article","status-publish","hentry","issues-convention-176-mine-safety","regions-asia-pacific","regions-pakistan","sectors-mining","sectors-mining-and-dgojp"],"acf":[],"yoast_head":"<!-- This site is optimized with the Yoast SEO Premium plugin v27.1 (Yoast SEO v27.1) - https:\/\/yoast.com\/product\/yoast-seo-premium-wordpress\/ -->\n<title>2020: un a\u00f1o de matanza para los mineros de Pakist\u00e1n - industriall-union<\/title>\n<meta name=\"description\" content=\"Los sindicatos de mineros en Pakist\u00e1n est\u00e1n indignados por la continua matanza en las minas del pa\u00eds. A pesar de a\u00f1os de campa\u00f1as, tanto a nivel nacional\" \/>\n<meta name=\"robots\" content=\"index, follow, max-snippet:-1, max-image-preview:large, max-video-preview:-1\" \/>\n<link rel=\"canonical\" href=\"https:\/\/admin.industriall-union.org\/es\/2020-un-ano-de-matanza-para-los-mineros-de-pakistan\/\" \/>\n<meta property=\"og:locale\" content=\"es_ES\" \/>\n<meta property=\"og:type\" content=\"article\" \/>\n<meta property=\"og:title\" content=\"2020: un a\u00f1o de matanza para los mineros de Pakist\u00e1n\" \/>\n<meta property=\"og:description\" content=\"Los sindicatos de mineros en Pakist\u00e1n est\u00e1n indignados por la continua matanza en las minas del pa\u00eds. A pesar de a\u00f1os de campa\u00f1as, tanto a nivel nacional\" \/>\n<meta property=\"og:url\" content=\"https:\/\/admin.industriall-union.org\/es\/2020-un-ano-de-matanza-para-los-mineros-de-pakistan\/\" \/>\n<meta property=\"og:site_name\" content=\"industriall-union\" \/>\n<meta property=\"article:modified_time\" content=\"2025-01-29T16:55:58+00:00\" \/>\n<meta name=\"twitter:card\" content=\"summary_large_image\" \/>\n<meta name=\"twitter:label1\" content=\"Est. reading time\" \/>\n\t<meta name=\"twitter:data1\" content=\"3 minutes\" \/>\n<script type=\"application\/ld+json\" class=\"yoast-schema-graph\">{\"@context\":\"https:\/\/schema.org\",\"@graph\":[{\"@type\":\"WebPage\",\"@id\":\"https:\/\/admin.industriall-union.org\/es\/2020-un-ano-de-matanza-para-los-mineros-de-pakistan\/\",\"url\":\"https:\/\/admin.industriall-union.org\/es\/2020-un-ano-de-matanza-para-los-mineros-de-pakistan\/\",\"name\":\"2020: un a\u00f1o de matanza para los mineros de Pakist\u00e1n - industriall-union\",\"isPartOf\":{\"@id\":\"https:\/\/admin.industriall-union.org\/#website\"},\"datePublished\":\"2021-01-07T14:02:53+00:00\",\"dateModified\":\"2025-01-29T16:55:58+00:00\",\"description\":\"Los sindicatos de mineros en Pakist\u00e1n est\u00e1n indignados por la continua matanza en las minas del pa\u00eds. A pesar de a\u00f1os de campa\u00f1as, tanto a nivel nacional\",\"breadcrumb\":{\"@id\":\"https:\/\/admin.industriall-union.org\/es\/2020-un-ano-de-matanza-para-los-mineros-de-pakistan\/#breadcrumb\"},\"inLanguage\":\"es-ES\",\"potentialAction\":[{\"@type\":\"ReadAction\",\"target\":[\"https:\/\/admin.industriall-union.org\/es\/2020-un-ano-de-matanza-para-los-mineros-de-pakistan\/\"]}]},{\"@type\":\"BreadcrumbList\",\"@id\":\"https:\/\/admin.industriall-union.org\/es\/2020-un-ano-de-matanza-para-los-mineros-de-pakistan\/#breadcrumb\",\"itemListElement\":[{\"@type\":\"ListItem\",\"position\":1,\"name\":\"Home\",\"item\":\"https:\/\/admin.industriall-union.org\/\"},{\"@type\":\"ListItem\",\"position\":2,\"name\":\"Articles\",\"item\":\"https:\/\/admin.industriall-union.org\/article\/\"},{\"@type\":\"ListItem\",\"position\":3,\"name\":\"2020: un a\u00f1o de matanza para los mineros de Pakist\u00e1n\"}]},{\"@type\":\"WebSite\",\"@id\":\"https:\/\/admin.industriall-union.org\/#website\",\"url\":\"https:\/\/admin.industriall-union.org\/\",\"name\":\"industriall-union\",\"description\":\"\",\"potentialAction\":[{\"@type\":\"SearchAction\",\"target\":{\"@type\":\"EntryPoint\",\"urlTemplate\":\"https:\/\/admin.industriall-union.org\/?s={search_term_string}\"},\"query-input\":{\"@type\":\"PropertyValueSpecification\",\"valueRequired\":true,\"valueName\":\"search_term_string\"}}],\"inLanguage\":\"es-ES\"}]}<\/script>\n<!-- \/ Yoast SEO Premium plugin. -->","yoast_head_json":{"title":"2020: un a\u00f1o de matanza para los mineros de Pakist\u00e1n - industriall-union","description":"Los sindicatos de mineros en Pakist\u00e1n est\u00e1n indignados por la continua matanza en las minas del pa\u00eds. A pesar de a\u00f1os de campa\u00f1as, tanto a nivel nacional","robots":{"index":"index","follow":"follow","max-snippet":"max-snippet:-1","max-image-preview":"max-image-preview:large","max-video-preview":"max-video-preview:-1"},"canonical":"https:\/\/admin.industriall-union.org\/es\/2020-un-ano-de-matanza-para-los-mineros-de-pakistan\/","og_locale":"es_ES","og_type":"article","og_title":"2020: un a\u00f1o de matanza para los mineros de Pakist\u00e1n","og_description":"Los sindicatos de mineros en Pakist\u00e1n est\u00e1n indignados por la continua matanza en las minas del pa\u00eds. A pesar de a\u00f1os de campa\u00f1as, tanto a nivel nacional","og_url":"https:\/\/admin.industriall-union.org\/es\/2020-un-ano-de-matanza-para-los-mineros-de-pakistan\/","og_site_name":"industriall-union","article_modified_time":"2025-01-29T16:55:58+00:00","twitter_card":"summary_large_image","twitter_misc":{"Est. reading time":"3 minutes"},"schema":{"@context":"https:\/\/schema.org","@graph":[{"@type":"WebPage","@id":"https:\/\/admin.industriall-union.org\/es\/2020-un-ano-de-matanza-para-los-mineros-de-pakistan\/","url":"https:\/\/admin.industriall-union.org\/es\/2020-un-ano-de-matanza-para-los-mineros-de-pakistan\/","name":"2020: un a\u00f1o de matanza para los mineros de Pakist\u00e1n - industriall-union","isPartOf":{"@id":"https:\/\/admin.industriall-union.org\/#website"},"datePublished":"2021-01-07T14:02:53+00:00","dateModified":"2025-01-29T16:55:58+00:00","description":"Los sindicatos de mineros en Pakist\u00e1n est\u00e1n indignados por la continua matanza en las minas del pa\u00eds. A pesar de a\u00f1os de campa\u00f1as, tanto a nivel nacional","breadcrumb":{"@id":"https:\/\/admin.industriall-union.org\/es\/2020-un-ano-de-matanza-para-los-mineros-de-pakistan\/#breadcrumb"},"inLanguage":"es-ES","potentialAction":[{"@type":"ReadAction","target":["https:\/\/admin.industriall-union.org\/es\/2020-un-ano-de-matanza-para-los-mineros-de-pakistan\/"]}]},{"@type":"BreadcrumbList","@id":"https:\/\/admin.industriall-union.org\/es\/2020-un-ano-de-matanza-para-los-mineros-de-pakistan\/#breadcrumb","itemListElement":[{"@type":"ListItem","position":1,"name":"Home","item":"https:\/\/admin.industriall-union.org\/"},{"@type":"ListItem","position":2,"name":"Articles","item":"https:\/\/admin.industriall-union.org\/article\/"},{"@type":"ListItem","position":3,"name":"2020: un a\u00f1o de matanza para los mineros de Pakist\u00e1n"}]},{"@type":"WebSite","@id":"https:\/\/admin.industriall-union.org\/#website","url":"https:\/\/admin.industriall-union.org\/","name":"industriall-union","description":"","potentialAction":[{"@type":"SearchAction","target":{"@type":"EntryPoint","urlTemplate":"https:\/\/admin.industriall-union.org\/?s={search_term_string}"},"query-input":{"@type":"PropertyValueSpecification","valueRequired":true,"valueName":"search_term_string"}}],"inLanguage":"es-ES"}]}},"_links":{"self":[{"href":"https:\/\/admin.industriall-union.org\/es\/wp-json\/wp\/v2\/article\/157403","targetHints":{"allow":["GET"]}}],"collection":[{"href":"https:\/\/admin.industriall-union.org\/es\/wp-json\/wp\/v2\/article"}],"about":[{"href":"https:\/\/admin.industriall-union.org\/es\/wp-json\/wp\/v2\/types\/article"}],"wp:attachment":[{"href":"https:\/\/admin.industriall-union.org\/es\/wp-json\/wp\/v2\/media?parent=157403"}],"wp:term":[{"taxonomy":"issues","embeddable":true,"href":"https:\/\/admin.industriall-union.org\/es\/wp-json\/wp\/v2\/issues?post=157403"},{"taxonomy":"companies","embeddable":true,"href":"https:\/\/admin.industriall-union.org\/es\/wp-json\/wp\/v2\/companies?post=157403"},{"taxonomy":"regions","embeddable":true,"href":"https:\/\/admin.industriall-union.org\/es\/wp-json\/wp\/v2\/regions?post=157403"},{"taxonomy":"sectors","embeddable":true,"href":"https:\/\/admin.industriall-union.org\/es\/wp-json\/wp\/v2\/sectors?post=157403"},{"taxonomy":"article_tags","embeddable":true,"href":"https:\/\/admin.industriall-union.org\/es\/wp-json\/wp\/v2\/article_tags?post=157403"}],"curies":[{"name":"wp","href":"https:\/\/api.w.org\/{rel}","templated":true}]}}